{"id":13024,"date":"2020-04-16T09:45:53","date_gmt":"2020-04-16T08:45:53","guid":{"rendered":"http:\/\/bisbalpenedes.com\/web\/?p=13024"},"modified":"2020-04-16T09:53:06","modified_gmt":"2020-04-16T08:53:06","slug":"el-rebost-solidari-rep-una-donacio-de-600kg-daliment-fresc-per-part-de-la-iniciativa-solidaria-sumat","status":"publish","type":"post","link":"https:\/\/bisbalpenedes.com\/web\/2020\/04\/16\/el-rebost-solidari-rep-una-donacio-de-600kg-daliment-fresc-per-part-de-la-iniciativa-solidaria-sumat\/","title":{"rendered":"El Rebost Solidari rep una donaci\u00f3 de 600kg d&#8217;aliment fresc per part de la iniciativa solid\u00e0ria &#8220;Suma&#8217;t&#8221;"},"content":{"rendered":"<p style=\"text-align: justify;\"><a href=\"http:\/\/bisbalpenedes.com\/web\/wp-content\/uploads\/2020\/04\/donacioarmengol.jpg.jpg\"><img loading=\"lazy\" class=\"wp-image-13026 aligncenter\" src=\"http:\/\/bisbalpenedes.com\/web\/wp-content\/uploads\/2020\/04\/donacioarmengol.jpg.jpg\" alt=\"donacioarmengol.jpg\" width=\"457\" height=\"457\" srcset=\"https:\/\/bisbalpenedes.com\/web\/wp-content\/uploads\/2020\/04\/donacioarmengol.jpg.jpg 945w, https:\/\/bisbalpenedes.com\/web\/wp-content\/uploads\/2020\/04\/donacioarmengol.jpg-300x300.jpg 300w, https:\/\/bisbalpenedes.com\/web\/wp-content\/uploads\/2020\/04\/donacioarmengol.jpg-100x100.jpg 100w, https:\/\/bisbalpenedes.com\/web\/wp-content\/uploads\/2020\/04\/donacioarmengol.jpg-600x600.jpg 600w, https:\/\/bisbalpenedes.com\/web\/wp-content\/uploads\/2020\/04\/donacioarmengol.jpg-150x150.jpg 150w, https:\/\/bisbalpenedes.com\/web\/wp-content\/uploads\/2020\/04\/donacioarmengol.jpg-768x768.jpg 768w\" sizes=\"(max-width: 457px) 100vw, 457px\" \/><\/a><\/p>\n<p style=\"text-align: justify;\"><span style=\"color: #000000;\">Aquest dimecres s\u2019ha repartit fruita, verdura, carn, peix, ous i pa -a domicili- entre els usuaris del Rebost Solidari de la Bisbal del Pened\u00e8s. Des de la Regidoria de Benestar Social volem agrair a Fincas Armengol, empresa impulsora de la iniciativa solid\u00e0ria \u201cSuma\u2019t\u201d, que ens hagi fet arribar una gran quantitat de producte fresc -600 kg, concretament- \u00a0per a les fam\u00edlies usu\u00e0ries del Rebost.<\/span><\/p>\n<p style=\"text-align: justify;\"><span style=\"color: #000000;\">\u201cSuma\u2019t\u201d \u00e9s una iniciativa solid\u00e0ria que compta amb la col\u00b7laboraci\u00f3 de diversos comerciants i empresaris de la comarca aix\u00ed com amb diversos voluntaris. Aquesta iniciativa fa arribar productes i serveis a tots aquells que ara m\u00e9s ho necessiten. Presten la seva ajuda als sanitaris, als membres dels cossos de seguretat o a les persones que passen per dificultats econ\u00f2miques amb l\u2019objectiu d\u2019intentar pal\u00b7liar els efectes que est\u00e0 generant la crisi de la Covid-19 a la nostra societat.<\/span><\/p>\n<p style=\"text-align: justify;\"><span style=\"color: #000000;\">Gr\u00e0cies per la vostra ajuda i col\u00b7laboraci\u00f3 en aquests moments dif\u00edcils!<\/span><\/p>\n<hr \/>\n<p style=\"text-align: justify;\"><span style=\"color: #000000;\"><strong>CASTELLANO |<\/strong> Este mi\u00e9rcoles se ha repartido fruta, verdura, carne, pescado, huevos y pan -a domicilio- entre los usuarios del Rebost Solidari de la Bisbal del Pened\u00e8s. Desde la Concejal\u00eda de Bienestar Social queremos agradecer a Fincas Armengol, empresa impulsora de la iniciativa solidaria \u201cSuma\u2019t\u201d, que nos haya hecho llegar una gran cantidad de producto fresco -600 kg, concretamente- para las familias usuarias del Rebost.<\/span><\/p>\n<p style=\"text-align: justify;\"><span style=\"color: #000000;\">\u201cSuma\u2019t\u201d es una iniciativa solidaria que cuenta con la colaboraci\u00f3n de distintos comerciantes y empresarios de la comarca as\u00ed como con varios voluntarios. Esta iniciativa hace llegar productos y servicios a todos aquellos que m\u00e1s lo necesitan en estos momentos. Prestan su ayuda a los sanitarios, a los miembros de los cuerpos de seguridad o a las personas que pasan por dificultades econ\u00f3micas con el objetivo de intentar paliar los efectos que est\u00e1 generando la crisis del Covid-19 en nuestra sociedad.<\/span><\/p>\n<p style=\"text-align: justify;\"><span style=\"color: #000000;\">\u00a1Gracias por vuestra ayuda y colaboraci\u00f3n en estos momentos dif\u00edciles!<\/span><\/p>\n<p style=\"text-align: center;\"><a href=\"http:\/\/bisbalpenedes.com\/web\/wp-content\/uploads\/2020\/04\/DONACIO-ARMENGOL-1.jpg\"><img loading=\"lazy\" class=\"aligncenter wp-image-13028 size-large\" src=\"http:\/\/bisbalpenedes.com\/web\/wp-content\/uploads\/2020\/04\/DONACIO-ARMENGOL-1-1024x768.jpg\" alt=\"DONACIO ARMENGOL 1\" width=\"630\" height=\"473\" srcset=\"https:\/\/bisbalpenedes.com\/web\/wp-content\/uploads\/2020\/04\/DONACIO-ARMENGOL-1-1024x768.jpg 1024w, https:\/\/bisbalpenedes.com\/web\/wp-content\/uploads\/2020\/04\/DONACIO-ARMENGOL-1-600x450.jpg 600w, https:\/\/bisbalpenedes.com\/web\/wp-content\/uploads\/2020\/04\/DONACIO-ARMENGOL-1-300x225.jpg 300w, https:\/\/bisbalpenedes.com\/web\/wp-content\/uploads\/2020\/04\/DONACIO-ARMENGOL-1-768x576.jpg 768w, https:\/\/bisbalpenedes.com\/web\/wp-content\/uploads\/2020\/04\/DONACIO-ARMENGOL-1.jpg 2048w\" sizes=\"(max-width: 630px) 100vw, 630px\" \/><\/a><\/p>\n","protected":false},"excerpt":{"rendered":"<p>Aquest dimecres s\u2019ha repartit fruita, verdura, carn, peix, ous i pa -a domicili- entre els usuaris del Rebost Solidari de la Bisbal del Pened\u00e8s. Des de la Regidoria de Benestar &hellip; <a href=\"https:\/\/bisbalpenedes.com\/web\/2020\/04\/16\/el-rebost-solidari-rep-una-donacio-de-600kg-daliment-fresc-per-part-de-la-iniciativa-solidaria-sumat\/\" class=\"more-link\">Read More<\/a><\/p>\n","protected":false},"author":4,"featured_media":13027,"comment_status":"closed","ping_status":"closed","sticky":false,"template":"","format":"standard","meta":[],"categories":[975,3636,8,17],"tags":[3719,3718,2644,3717],"_links":{"self":[{"href":"https:\/\/bisbalpenedes.com\/web\/wp-json\/wp\/v2\/posts\/13024"}],"collection":[{"href":"https:\/\/bisbalpenedes.com\/web\/wp-json\/wp\/v2\/posts"}],"about":[{"href":"https:\/\/bisbalpenedes.com\/web\/wp-json\/wp\/v2\/types\/post"}],"author":[{"embeddable":true,"href":"https:\/\/bisbalpenedes.com\/web\/wp-json\/wp\/v2\/users\/4"}],"replies":[{"embeddable":true,"href":"https:\/\/bisbalpenedes.com\/web\/wp-json\/wp\/v2\/comments?post=13024"}],"version-history":[{"count":2,"href":"https:\/\/bisbalpenedes.com\/web\/wp-json\/wp\/v2\/posts\/13024\/revisions"}],"predecessor-version":[{"id":13030,"href":"https:\/\/bisbalpenedes.com\/web\/wp-json\/wp\/v2\/posts\/13024\/revisions\/13030"}],"wp:featuredmedia":[{"embeddable":true,"href":"https:\/\/bisbalpenedes.com\/web\/wp-json\/wp\/v2\/media\/13027"}],"wp:attachment":[{"href":"https:\/\/bisbalpenedes.com\/web\/wp-json\/wp\/v2\/media?parent=13024"}],"wp:term":[{"taxonomy":"category","embeddable":true,"href":"https:\/\/bisbalpenedes.com\/web\/wp-json\/wp\/v2\/categories?post=13024"},{"taxonomy":"post_tag","embeddable":true,"href":"https:\/\/bisbalpenedes.com\/web\/wp-json\/wp\/v2\/tags?post=13024"}],"curies":[{"name":"wp","href":"https:\/\/api.w.org\/{rel}","templated":true}]}}