{"id":13018,"date":"2020-04-16T09:22:30","date_gmt":"2020-04-16T08:22:30","guid":{"rendered":"http:\/\/bisbalpenedes.com\/web\/?p=13018"},"modified":"2020-04-16T09:35:46","modified_gmt":"2020-04-16T08:35:46","slug":"jove-aquest-divendres-a-les-18h-connecta-de-nou-amb-el-festival-solidari-clotildeactua-a-youtube","status":"publish","type":"post","link":"https:\/\/bisbalpenedes.com\/web\/2020\/04\/16\/jove-aquest-divendres-a-les-18h-connecta-de-nou-amb-el-festival-solidari-clotildeactua-a-youtube\/","title":{"rendered":"Jove! Aquest divendres a les 18h connecta de nou amb el Festival Solidari #ClotildeActua a Youtube"},"content":{"rendered":"<p style=\"text-align: justify;\"><span style=\"color: #000000;\">Aquest divendres 17 d\u2019abril, de 18h a 21h, podreu gaudir del Festival Solidari #ClotildeActua #JoActuo, en streaming, a Instagram amb Ju, David Busquets, Maria Jacobs, Glaucs, Xeic, Manel Navarro i el DJ Hektor Mass.\u00a0<\/span><\/p>\n<p style=\"text-align: justify;\"><span style=\"color: #000000;\">Aquest festival forma part de la campanya #JoActuo que persegueix l\u2019objectiu de fomentar i agrair, alhora, tots els esfor\u00e7os que est\u00e0 fent la ciutadania per superar amb \u00e8xit aquesta pand\u00e8mia quedant-se a casa. Quant a #ClotildeActua, es tracta de la uni\u00f3 de la campanya institucional #JoActuo amb el nom del Festival de m\u00fasica juvenil Clotilde Fest que el Palau Robert organitza a l\u2019estiu. Aquesta iniciativa consisteix en la programaci\u00f3 de diferents sessions musicals que s\u2019emeten en streaming en col\u00b7laboraci\u00f3 amb diverses emissores de r\u00e0dio, en aquesta ocasi\u00f3 amb la col\u00b7laboraci\u00f3 d&#8217;Europa FM..\u00a0<\/span><\/p>\n<p style=\"text-align: justify;\"><span style=\"color: #000000;\">Els directes s&#8217;emetran als canals d&#8217;Instagram de cadascun dels artistes o grups convidats.<\/span><\/p>\n<hr \/>\n<p style=\"text-align: justify;\"><span style=\"color: #000000;\"><strong>CASTELLANO |\u00a0<\/strong>Este viernes 17 de abril, de 18h a 21h, podr\u00e9is disfrutar del Festival Solidario #ClotildeActua #JoActuo, en streaming,\u00a0en Instagram con Ju, David Busquets, Maria Jacobs, Glaucs, Xeic, Manel Navarro\u00a0y DJ Hektor Mass.\u00a0<\/span><\/p>\n<p style=\"text-align: justify;\"><span style=\"color: #000000;\">Este festival forma parte de la campa\u00f1a #JoActuo que persigue el objetivo de fomentar y agradecer, a la vez, todos los esfuerzos que est\u00e1 haciendo la ciudadan\u00eda para superar con \u00e9xito esta pandemia qued\u00e1ndose en casa. En cuanto a #ClotildeAcuta, se trata de la uni\u00f3n de la campa\u00f1a institucional #JoActuo con el nombre del Festival de m\u00fasica juvenil Clotilde Fest que el Palau Robert organiza en verano. Esta iniciativa consiste en la programaci\u00f3n de distintas sesiones musicales que se emiten en streaming en colaboraci\u00f3n con varias emisoras de radio, en esta ocasi\u00f3n con la colaboraci\u00f3n de Europa FM.<\/span><\/p>\n<p style=\"text-align: justify;\"><span style=\"color: #000000;\">Los directos se emitir\u00e1n en los canales de Instagram de cada uno de los artistas o grupos invitados.<\/span><\/p>\n<p><a href=\"http:\/\/bisbalpenedes.com\/web\/wp-content\/uploads\/2020\/04\/TOTES-LES-ACTUACIONS.jpg\"><img loading=\"lazy\" class=\"aligncenter size-large wp-image-13021\" src=\"http:\/\/bisbalpenedes.com\/web\/wp-content\/uploads\/2020\/04\/TOTES-LES-ACTUACIONS-1024x1024.jpg\" alt=\"TOTES LES ACTUACIONS\" width=\"630\" height=\"630\" srcset=\"https:\/\/bisbalpenedes.com\/web\/wp-content\/uploads\/2020\/04\/TOTES-LES-ACTUACIONS-1024x1024.jpg 1024w, https:\/\/bisbalpenedes.com\/web\/wp-content\/uploads\/2020\/04\/TOTES-LES-ACTUACIONS-300x300.jpg 300w, https:\/\/bisbalpenedes.com\/web\/wp-content\/uploads\/2020\/04\/TOTES-LES-ACTUACIONS-100x100.jpg 100w, https:\/\/bisbalpenedes.com\/web\/wp-content\/uploads\/2020\/04\/TOTES-LES-ACTUACIONS-600x600.jpg 600w, https:\/\/bisbalpenedes.com\/web\/wp-content\/uploads\/2020\/04\/TOTES-LES-ACTUACIONS-150x150.jpg 150w, https:\/\/bisbalpenedes.com\/web\/wp-content\/uploads\/2020\/04\/TOTES-LES-ACTUACIONS-768x768.jpg 768w, https:\/\/bisbalpenedes.com\/web\/wp-content\/uploads\/2020\/04\/TOTES-LES-ACTUACIONS.jpg 1080w\" sizes=\"(max-width: 630px) 100vw, 630px\" \/><\/a><\/p>\n","protected":false},"excerpt":{"rendered":"<p>Aquest divendres 17 d\u2019abril, de 18h a 21h, podreu gaudir del Festival Solidari #ClotildeActua #JoActuo, en streaming, a Instagram amb Ju, David Busquets, Maria Jacobs, Glaucs, Xeic, Manel Navarro i &hellip; <a href=\"https:\/\/bisbalpenedes.com\/web\/2020\/04\/16\/jove-aquest-divendres-a-les-18h-connecta-de-nou-amb-el-festival-solidari-clotildeactua-a-youtube\/\" class=\"more-link\">Read More<\/a><\/p>\n","protected":false},"author":4,"featured_media":13019,"comment_status":"closed","ping_status":"closed","sticky":false,"template":"","format":"standard","meta":[],"categories":[1486],"tags":[3661,3716,215,210],"_links":{"self":[{"href":"https:\/\/bisbalpenedes.com\/web\/wp-json\/wp\/v2\/posts\/13018"}],"collection":[{"href":"https:\/\/bisbalpenedes.com\/web\/wp-json\/wp\/v2\/posts"}],"about":[{"href":"https:\/\/bisbalpenedes.com\/web\/wp-json\/wp\/v2\/types\/post"}],"author":[{"embeddable":true,"href":"https:\/\/bisbalpenedes.com\/web\/wp-json\/wp\/v2\/users\/4"}],"replies":[{"embeddable":true,"href":"https:\/\/bisbalpenedes.com\/web\/wp-json\/wp\/v2\/comments?post=13018"}],"version-history":[{"count":3,"href":"https:\/\/bisbalpenedes.com\/web\/wp-json\/wp\/v2\/posts\/13018\/revisions"}],"predecessor-version":[{"id":13023,"href":"https:\/\/bisbalpenedes.com\/web\/wp-json\/wp\/v2\/posts\/13018\/revisions\/13023"}],"wp:featuredmedia":[{"embeddable":true,"href":"https:\/\/bisbalpenedes.com\/web\/wp-json\/wp\/v2\/media\/13019"}],"wp:attachment":[{"href":"https:\/\/bisbalpenedes.com\/web\/wp-json\/wp\/v2\/media?parent=13018"}],"wp:term":[{"taxonomy":"category","embeddable":true,"href":"https:\/\/bisbalpenedes.com\/web\/wp-json\/wp\/v2\/categories?post=13018"},{"taxonomy":"post_tag","embeddable":true,"href":"https:\/\/bisbalpenedes.com\/web\/wp-json\/wp\/v2\/tags?post=13018"}],"curies":[{"name":"wp","href":"https:\/\/api.w.org\/{rel}","templated":true}]}}