{"id":13014,"date":"2020-04-16T09:09:16","date_gmt":"2020-04-16T08:09:16","guid":{"rendered":"http:\/\/bisbalpenedes.com\/web\/?p=13014"},"modified":"2020-04-16T09:09:16","modified_gmt":"2020-04-16T08:09:16","slug":"agraiment-al-personal-de-la-brigada-municipal","status":"publish","type":"post","link":"https:\/\/bisbalpenedes.com\/web\/2020\/04\/16\/agraiment-al-personal-de-la-brigada-municipal\/","title":{"rendered":"Agra\u00efment al personal de la brigada municipal"},"content":{"rendered":"<div class=\"\" data-block=\"true\" data-editor=\"23a0i\" data-offset-key=\"6fdnh-0-0\">\n<div class=\"_1mf _1mj\" style=\"text-align: justify;\" data-offset-key=\"6fdnh-0-0\"><span style=\"color: #000000;\" data-offset-key=\"6fdnh-0-0\">El personal de la brigada municipal fa la desinfecci\u00f3 d\u2019algunes \u00e0rees concorregudes, neteja vi\u00e0ria i feines de magatzem.<\/span><\/div>\n<\/div>\n<div class=\"\" style=\"text-align: justify;\" data-block=\"true\" data-editor=\"23a0i\" data-offset-key=\"4jcll-0-0\">\n<div class=\"_1mf _1mj\" data-offset-key=\"4jcll-0-0\"><span style=\"color: #000000;\" data-offset-key=\"4jcll-0-0\">Servidors p\u00fablics al peu del can\u00f3. Gr\u00e0cies per la vostra feina i professionalitat.<\/span><\/div>\n<\/div>\n<div class=\"\" style=\"text-align: justify;\" data-block=\"true\" data-editor=\"23a0i\" data-offset-key=\"asvqu-0-0\">\n<div class=\"_1mf _1mj\" data-offset-key=\"asvqu-0-0\"><span style=\"color: #000000;\" data-offset-key=\"asvqu-0-0\">\u00a0<\/span><\/div>\n<\/div>\n<div class=\"\" style=\"text-align: justify;\" data-block=\"true\" data-editor=\"23a0i\" data-offset-key=\"3i3j5-0-0\">\n<div class=\"_1mf _1mj\" data-offset-key=\"3i3j5-0-0\">\n<hr \/>\n<p><span style=\"color: #000000;\" data-offset-key=\"3i3j5-0-0\"><br \/>\n<\/span><\/div>\n<\/div>\n<div class=\"\" style=\"text-align: justify;\" data-block=\"true\" data-editor=\"23a0i\" data-offset-key=\"al2ka-0-0\">\n<div class=\"_1mf _1mj\" data-offset-key=\"al2ka-0-0\"><span style=\"color: #000000;\">El personal de la brigada municipal lleva a cabo la desinfecci\u00f3n de algunas \u00e1reas concurridas, limpieza vial y trabajos de almac\u00e9n.<\/span><\/div>\n<\/div>\n<div class=\"\" data-block=\"true\" data-editor=\"23a0i\" data-offset-key=\"bpi0t-0-0\">\n<div class=\"_1mf _1mj\" style=\"text-align: justify;\" data-offset-key=\"bpi0t-0-0\"><span style=\"color: #000000;\" data-offset-key=\"bpi0t-0-0\">Servidores p\u00fablicos al pie del ca\u00f1\u00f3n. Gracias por vuestro trabajo y profesionalidad.<\/span><\/div>\n<div class=\"_1mf _1mj\" style=\"text-align: justify;\" data-offset-key=\"bpi0t-0-0\"><a href=\"http:\/\/bisbalpenedes.com\/web\/wp-content\/uploads\/2020\/04\/COLLAGE-BRIGADA-GRAN.png\"><img loading=\"lazy\" class=\"aligncenter size-large wp-image-13015\" src=\"http:\/\/bisbalpenedes.com\/web\/wp-content\/uploads\/2020\/04\/COLLAGE-BRIGADA-GRAN-1024x1024.png\" alt=\"COLLAGE BRIGADA GRAN\" width=\"630\" height=\"630\" srcset=\"https:\/\/bisbalpenedes.com\/web\/wp-content\/uploads\/2020\/04\/COLLAGE-BRIGADA-GRAN-1024x1024.png 1024w, https:\/\/bisbalpenedes.com\/web\/wp-content\/uploads\/2020\/04\/COLLAGE-BRIGADA-GRAN-300x300.png 300w, https:\/\/bisbalpenedes.com\/web\/wp-content\/uploads\/2020\/04\/COLLAGE-BRIGADA-GRAN-100x100.png 100w, https:\/\/bisbalpenedes.com\/web\/wp-content\/uploads\/2020\/04\/COLLAGE-BRIGADA-GRAN-600x600.png 600w, https:\/\/bisbalpenedes.com\/web\/wp-content\/uploads\/2020\/04\/COLLAGE-BRIGADA-GRAN-150x150.png 150w, https:\/\/bisbalpenedes.com\/web\/wp-content\/uploads\/2020\/04\/COLLAGE-BRIGADA-GRAN-768x768.png 768w, https:\/\/bisbalpenedes.com\/web\/wp-content\/uploads\/2020\/04\/COLLAGE-BRIGADA-GRAN.png 1620w\" sizes=\"(max-width: 630px) 100vw, 630px\" \/><\/a><\/div>\n<\/div>\n","protected":false},"excerpt":{"rendered":"<p>El personal de la brigada municipal fa la desinfecci\u00f3 d\u2019algunes \u00e0rees concorregudes, neteja vi\u00e0ria i feines de magatzem. Servidors p\u00fablics al peu del can\u00f3. Gr\u00e0cies per la vostra feina i &hellip; <a href=\"https:\/\/bisbalpenedes.com\/web\/2020\/04\/16\/agraiment-al-personal-de-la-brigada-municipal\/\" class=\"more-link\">Read More<\/a><\/p>\n","protected":false},"author":4,"featured_media":13015,"comment_status":"closed","ping_status":"closed","sticky":false,"template":"","format":"standard","meta":[],"categories":[2057,3636],"tags":[3639,2462],"_links":{"self":[{"href":"https:\/\/bisbalpenedes.com\/web\/wp-json\/wp\/v2\/posts\/13014"}],"collection":[{"href":"https:\/\/bisbalpenedes.com\/web\/wp-json\/wp\/v2\/posts"}],"about":[{"href":"https:\/\/bisbalpenedes.com\/web\/wp-json\/wp\/v2\/types\/post"}],"author":[{"embeddable":true,"href":"https:\/\/bisbalpenedes.com\/web\/wp-json\/wp\/v2\/users\/4"}],"replies":[{"embeddable":true,"href":"https:\/\/bisbalpenedes.com\/web\/wp-json\/wp\/v2\/comments?post=13014"}],"version-history":[{"count":1,"href":"https:\/\/bisbalpenedes.com\/web\/wp-json\/wp\/v2\/posts\/13014\/revisions"}],"predecessor-version":[{"id":13017,"href":"https:\/\/bisbalpenedes.com\/web\/wp-json\/wp\/v2\/posts\/13014\/revisions\/13017"}],"wp:featuredmedia":[{"embeddable":true,"href":"https:\/\/bisbalpenedes.com\/web\/wp-json\/wp\/v2\/media\/13015"}],"wp:attachment":[{"href":"https:\/\/bisbalpenedes.com\/web\/wp-json\/wp\/v2\/media?parent=13014"}],"wp:term":[{"taxonomy":"category","embeddable":true,"href":"https:\/\/bisbalpenedes.com\/web\/wp-json\/wp\/v2\/categories?post=13014"},{"taxonomy":"post_tag","embeddable":true,"href":"https:\/\/bisbalpenedes.com\/web\/wp-json\/wp\/v2\/tags?post=13014"}],"curies":[{"name":"wp","href":"https:\/\/api.w.org\/{rel}","templated":true}]}}