{"id":13011,"date":"2020-04-15T09:51:14","date_gmt":"2020-04-15T08:51:14","guid":{"rendered":"http:\/\/bisbalpenedes.com\/web\/?p=13011"},"modified":"2020-04-15T09:51:14","modified_gmt":"2020-04-15T08:51:14","slug":"lalcaldessa-agnes-ferre-ha-signat-ladhesio-al-decaleg-per-a-la-recuperacio-socioeconomica-dels-municipis-de-catalunya","status":"publish","type":"post","link":"https:\/\/bisbalpenedes.com\/web\/2020\/04\/15\/lalcaldessa-agnes-ferre-ha-signat-ladhesio-al-decaleg-per-a-la-recuperacio-socioeconomica-dels-municipis-de-catalunya\/","title":{"rendered":"L&#8217;alcaldessa Agn\u00e8s Ferr\u00e9 ha signat l&#8217;adhesi\u00f3 al &#8220;Dec\u00e0leg per a la recuperaci\u00f3 socioecon\u00f2mica dels municipis de Catalunya&#8221;"},"content":{"rendered":"<p style=\"text-align: justify;\"><a href=\"http:\/\/bisbalpenedes.com\/web\/wp-content\/uploads\/2020\/04\/AGNES-FERRE-TELETREBALLANT.jpg\"><img loading=\"lazy\" class=\"aligncenter size-large wp-image-13012\" src=\"http:\/\/bisbalpenedes.com\/web\/wp-content\/uploads\/2020\/04\/AGNES-FERRE-TELETREBALLANT-1024x768.jpg\" alt=\"AGNES FERRE TELETREBALLANT\" width=\"630\" height=\"473\" srcset=\"https:\/\/bisbalpenedes.com\/web\/wp-content\/uploads\/2020\/04\/AGNES-FERRE-TELETREBALLANT-1024x768.jpg 1024w, https:\/\/bisbalpenedes.com\/web\/wp-content\/uploads\/2020\/04\/AGNES-FERRE-TELETREBALLANT-600x450.jpg 600w, https:\/\/bisbalpenedes.com\/web\/wp-content\/uploads\/2020\/04\/AGNES-FERRE-TELETREBALLANT-300x225.jpg 300w, https:\/\/bisbalpenedes.com\/web\/wp-content\/uploads\/2020\/04\/AGNES-FERRE-TELETREBALLANT-768x576.jpg 768w\" sizes=\"(max-width: 630px) 100vw, 630px\" \/><\/a><\/p>\n<p style=\"text-align: justify;\"><span style=\"color: #000000;\">L\u2019alcaldessa Agn\u00e8s Ferr\u00e9 ha signat un decret per a l\u2019adhesi\u00f3 al \u201cDec\u00e0leg per a la recuperaci\u00f3 socioecon\u00f2mica dels municipis de Catalunya\u201d. El text, diu el seg\u00fcent:<\/span><\/p>\n<p style=\"text-align: justify;\"><span style=\"color: #000000;\">\u201cDes que l\u2019Organitzaci\u00f3 Mundial de la Salut (OMS) va elevar, el passat 11 de mar\u00e7 de 2020, la situaci\u00f3 d\u2019emerg\u00e8ncia de salut p\u00fablica ocasionada per la COVID-19 a pand\u00e8mia internacional, l\u2019Estat central i la Generalitat de Catalunya han dictat successives normes amb mesures extraordin\u00e0ries i temporals per tal de reduir el risc d\u2019exposici\u00f3 i transmissi\u00f3 del virus, que les entitats locals hem anat aplicant d\u2019acord amb les nostres particularitats. L\u2019Associaci\u00f3 Catalana de Municipis (ACM) i la Federaci\u00f3 de Municipis de Catalunya (FMC) han elaborat el \u201cDec\u00e0leg per a la recuperaci\u00f3 socioecon\u00f2mica dels municipis de Catalunya\u201d. Aquest dec\u00e0leg presenta 55 mesures que caminen en la l\u00ednia de reactivar socialment i econ\u00f2micament els municipis despr\u00e9s de la pand\u00e8mia de la COVID-19. At\u00e8s que es considera d\u2019inter\u00e8s l\u2019adhesi\u00f3 d\u2019aquest municipi al dec\u00e0leg citat i en virtut de les facultats conferides pels articles 21.1 de la Llei 7\/1985, del 2 d\u2019abril, reguladora de les bases del r\u00e8gim local, i 53.1 del Decret legislatiu 2\/2003, del 28 d\u2019abril, pel qual s\u2019aprova el Text ref\u00f3s de la Llei municipal i de r\u00e8gim local de Catalunya,<\/span><\/p>\n<p style=\"text-align: justify;\"><span style=\"color: #000000;\"><strong>PRIMER.<\/strong> Aprovar l\u2019adhesi\u00f3 de l\u2019Ajuntament de La Bisbal del Pened\u00e8s al \u2018Dec\u00e0leg per a la recuperaci\u00f3 socioecon\u00f2mica dels municipis de Catalunya\u2019 elaborat per l\u2019ACM i la FMC.<\/span><\/p>\n<p style=\"text-align: justify;\"><span style=\"color: #000000;\"><strong>SEGON.<\/strong> Notificar la present resoluci\u00f3 a l\u2019ACM i la FMC.<\/span><\/p>\n<p style=\"text-align: justify;\"><span style=\"color: #000000;\"><strong>TERCER.<\/strong> Publicar aquesta resoluci\u00f3 a la seu electr\u00f2nica de l\u2019Ajuntament, aix\u00ed com fer-ne difusi\u00f3 a trav\u00e9s de les diferents xarxes de comunicaci\u00f3 municipals.<\/span><\/p>\n<p style=\"text-align: justify;\"><span style=\"color: #000000;\"><strong>QUART.<\/strong> Donar compte d\u2019aquesta resoluci\u00f3 al Ple de la Corporaci\u00f3 en la primera sessi\u00f3 ordin\u00e0ria que celebri\u201d.<\/span><\/p>\n<hr \/>\n<p style=\"text-align: justify;\"><span style=\"color: #000000;\"><strong>CASTELLANO |<\/strong> La alcaldesa Agn\u00e8s Ferr\u00e9 ha firmado un decreto para la adhesi\u00f3n al \u201cDec\u00e1logo para la recuperaci\u00f3n socioecon\u00f3mica de los municipios de Catalunya\u201d. El texto, dice lo siguiente:<\/span><\/p>\n<p style=\"text-align: justify;\"><span style=\"color: #000000;\">\u201cDesde que la Organizaci\u00f3n Mundial de la Salud (OMS) elev\u00f3, el pasado 11 de marzo de 2020, la situaci\u00f3n de emergencia de salud p\u00fablica ocasionada por el COVID-19 a pandemia internacional, el Estado central y la Generalitat de Catalunya han dictado sucesivas normas con medidas extraordinarias temporales por tal de reducir el riesgo de exposici\u00f3n y transmisi\u00f3n de virus, que las entidades locales hemos ido aplicando de acuerdo con nuestras particularidades. La Asociaci\u00f3n Catalana de Municipios (ACM) y la Federaci\u00f3n de Municipios de Catalunya (FMC) han elaborado el \u201cDec\u00e1logo para la recuperaci\u00f3n socioecon\u00f3mica de los municipios de Catalunya\u201d. Este dec\u00e1logo presenta 55 medidas que caminan en la l\u00ednea de reactivar socialmente y econ\u00f3micamente los municipios despu\u00e9s de la pandemia del COVID-19. Ya que se considera de inter\u00e9s la adhesi\u00f3n de este municipio al citado dec\u00e1logo y en virtud de las facultades conferidas por los art\u00edculos 21.1 de la Ley 7\/1985, del 2 de abril, reguladora de las bases del r\u00e9gimen local, y 53.1 del Decreto legislativo 2\/2003, del 28 de abril, por el cual se aprueba el Texto refundido de la Ley municipal y de r\u00e9gimen local de Catalunya,<\/span><\/p>\n<p style=\"text-align: justify;\"><span style=\"color: #000000;\"><strong>PRIMERO.<\/strong> Aprobar la adhesi\u00f3n del Ayuntamiento de La Bisbal del Pened\u00e8s al \u2018Dec\u00e1logo para la recuperaci\u00f3n socioecon\u00f3mica de los municipios de Catalunya\u2019 elaborado por la ACM y la FMC.<\/span><\/p>\n<p style=\"text-align: justify;\"><span style=\"color: #000000;\"><strong>SEGUNDO.<\/strong> Notificar la presente resoluci\u00f3n a la ACM y la FMC.<\/span><\/p>\n<p style=\"text-align: justify;\"><span style=\"color: #000000;\"><strong>TERCERO.<\/strong> Publicar esta resoluci\u00f3n en la sede electr\u00f3nica del Ayuntamiento, as\u00ed como hacer difusi\u00f3n de la misma a trav\u00e9s de las distintas redes de comunicaci\u00f3n municipales.<\/span><\/p>\n<p style=\"text-align: justify;\"><span style=\"color: #000000;\"><strong>CUARTO.<\/strong> Dar cuenta de esta resoluci\u00f3n al Pleno de la Corporaci\u00f3n en la primera sesi\u00f3n ordinaria que se celebre\u201d.<\/span><\/p>\n","protected":false},"excerpt":{"rendered":"<p>L\u2019alcaldessa Agn\u00e8s Ferr\u00e9 ha signat un decret per a l\u2019adhesi\u00f3 al \u201cDec\u00e0leg per a la recuperaci\u00f3 socioecon\u00f2mica dels municipis de Catalunya\u201d. El text, diu el seg\u00fcent: \u201cDes que l\u2019Organitzaci\u00f3 Mundial &hellip; <a href=\"https:\/\/bisbalpenedes.com\/web\/2020\/04\/15\/lalcaldessa-agnes-ferre-ha-signat-ladhesio-al-decaleg-per-a-la-recuperacio-socioeconomica-dels-municipis-de-catalunya\/\" class=\"more-link\">Read More<\/a><\/p>\n","protected":false},"author":4,"featured_media":13012,"comment_status":"closed","ping_status":"closed","sticky":false,"template":"","format":"standard","meta":[],"categories":[2057,3636],"tags":[874,3559,3714,3715],"_links":{"self":[{"href":"https:\/\/bisbalpenedes.com\/web\/wp-json\/wp\/v2\/posts\/13011"}],"collection":[{"href":"https:\/\/bisbalpenedes.com\/web\/wp-json\/wp\/v2\/posts"}],"about":[{"href":"https:\/\/bisbalpenedes.com\/web\/wp-json\/wp\/v2\/types\/post"}],"author":[{"embeddable":true,"href":"https:\/\/bisbalpenedes.com\/web\/wp-json\/wp\/v2\/users\/4"}],"replies":[{"embeddable":true,"href":"https:\/\/bisbalpenedes.com\/web\/wp-json\/wp\/v2\/comments?post=13011"}],"version-history":[{"count":1,"href":"https:\/\/bisbalpenedes.com\/web\/wp-json\/wp\/v2\/posts\/13011\/revisions"}],"predecessor-version":[{"id":13013,"href":"https:\/\/bisbalpenedes.com\/web\/wp-json\/wp\/v2\/posts\/13011\/revisions\/13013"}],"wp:featuredmedia":[{"embeddable":true,"href":"https:\/\/bisbalpenedes.com\/web\/wp-json\/wp\/v2\/media\/13012"}],"wp:attachment":[{"href":"https:\/\/bisbalpenedes.com\/web\/wp-json\/wp\/v2\/media?parent=13011"}],"wp:term":[{"taxonomy":"category","embeddable":true,"href":"https:\/\/bisbalpenedes.com\/web\/wp-json\/wp\/v2\/categories?post=13011"},{"taxonomy":"post_tag","embeddable":true,"href":"https:\/\/bisbalpenedes.com\/web\/wp-json\/wp\/v2\/tags?post=13011"}],"curies":[{"name":"wp","href":"https:\/\/api.w.org\/{rel}","templated":true}]}}