{"id":13002,"date":"2020-04-14T13:09:39","date_gmt":"2020-04-14T12:09:39","guid":{"rendered":"http:\/\/bisbalpenedes.com\/web\/?p=13002"},"modified":"2020-04-14T13:22:51","modified_gmt":"2020-04-14T12:22:51","slug":"si-teniu-roba-per-llencar-porteu-la-als-contenidors-dhumana","status":"publish","type":"post","link":"https:\/\/bisbalpenedes.com\/web\/2020\/04\/14\/si-teniu-roba-per-llencar-porteu-la-als-contenidors-dhumana\/","title":{"rendered":"Si teniu roba que ja no us poseu o per llen\u00e7ar porteu-la als contenidors d&#8217;Humana"},"content":{"rendered":"<p style=\"text-align: center;\"><a href=\"http:\/\/bisbalpenedes.com\/web\/wp-content\/uploads\/2019\/01\/Humana_donant.jpg\"><img loading=\"lazy\" class=\"alignnone size-medium wp-image-8492\" src=\"http:\/\/bisbalpenedes.com\/web\/wp-content\/uploads\/2019\/01\/Humana_donant-208x300.jpg\" alt=\"Humana_donant\" width=\"208\" height=\"300\" srcset=\"https:\/\/bisbalpenedes.com\/web\/wp-content\/uploads\/2019\/01\/Humana_donant-208x300.jpg 208w, https:\/\/bisbalpenedes.com\/web\/wp-content\/uploads\/2019\/01\/Humana_donant.jpg 297w\" sizes=\"(max-width: 208px) 100vw, 208px\" \/><\/a><\/p>\n<p style=\"text-align: justify;\"><span style=\"color: #000000;\">La Regidoria de Benestar Social informa la ciutadania que la roba s\u2019ha de portar als contenidors de roba Humana i no als contenidors de rebuig ni al Punt Verd (tot i que us recordem que aquest ara mateix roman tancat en compliment de la normativa per la situaci\u00f3 generada pel Covid-19). En aquests contenidors hi podeu dipositar roba per ser usada de nou o roba per a ser tractada en un centre de residus per a la seva disposici\u00f3 final. Per tant, tot aquell residu de roba que vulgueu llen\u00e7ar, l\u2019heu de portar als contenidors d\u2019Humana. Al municipi n\u2019hi ha sis, ubicats en els seg\u00fcents punts:<\/span><\/p>\n<ul style=\"text-align: justify;\">\n<li><span style=\"color: #000000;\">Avinguda del Priorat s\/n<\/span><\/li>\n<li><span style=\"color: #000000;\">Cam\u00ed del Gosch, 2<\/span><\/li>\n<li><span style=\"color: #000000;\">Avinguda Colom, 13<\/span><\/li>\n<li><span style=\"color: #000000;\">Carrer General Romagosa, 6<\/span><\/li>\n<li><span style=\"color: #000000;\">Can Gordei, 25 B<\/span><\/li>\n<li><span style=\"color: #000000;\">Baix Pened\u00e8s, 63-65<\/span><\/li>\n<\/ul>\n<p style=\"text-align: justify;\"><span style=\"color: #000000;\">Als contenidors d\u2019Humana s\u2019hi pot dipositar roba, cal\u00e7ats, complements o t\u00e8xtil de la llar. Un 90% aproximadament d\u2019all\u00f2 que es recull es tracta a la planta de preparaci\u00f3 per a la reutilitzaci\u00f3 de l\u2019Ametlla del Vall\u00e8s i la resta es ven a empreses de reutilitzaci\u00f3 i reciclatge.<\/span><\/p>\n<p style=\"text-align: justify;\"><span style=\"color: #000000;\">La destinaci\u00f3 de les peces tractades, segons Humana (dades de l\u2019any 2019), \u00e9s:<\/span><\/p>\n<ul style=\"text-align: justify;\">\n<li><span style=\"color: #000000;\">El 52% es prepara per a la reutilitzaci\u00f3: el 13% es destina a les botigues de moda sostenible d\u2019Humana a Catalunya i el 39% s\u2019exporta, principalment a l\u2019\u00c0frica, on \u00e9s venut a preus de mercat per a generar-hi recursos per a la cooperaci\u00f3 al desenvolupament.<\/span><\/li>\n<li><span style=\"color: #000000;\">El 37% es troba en un estat que no en permet la reutilitzaci\u00f3 i es ven a empreses de reciclatge perqu\u00e8 elaborin altres productes (mantes, a\u00efllants o draps per a la ind\u00fastria de l\u2019automoci\u00f3).<\/span><\/li>\n<li><span style=\"color: #000000;\">El 2% s\u00f3n residus impropis (pl\u00e0stics, cartrons, altres) que es posen en mans dels gestors autoritzats corresponents.<\/span><\/li>\n<li><span style=\"color: #000000;\">El 9% s\u2019envia a un centre de tractament de residus per a la disposici\u00f3 final: s\u00f3n productes que no es poden reutilitzar, ni reciclar, ni valoritzar energ\u00e8ticament.<\/span><\/li>\n<\/ul>\n<p style=\"text-align: justify;\"><span style=\"color: #000000;\">La Fundaci\u00f3n Humana Pueblo para Pueblo va recuperar 9.968 kg de t\u00e8xtil usat a la Bisbal del Pened\u00e8s durant el 2019. Aix\u00f2 va suposar un increment d\u2019un 13,18% respecte a l\u2019any anterior (2018). El t\u00e8xtil recollit equival a un estalvi de 31 tones de CO2 a l\u2019atmosfera.<\/span><\/p>\n<p style=\"text-align: justify;\"><span style=\"color: #000000;\">Segons fonts d\u2019Humana Fundaci\u00f3n Pueblo para Pueblo, \u201ces genera un lloc de feina indefinit per cada 36.000 kg de t\u00e8xtil recollits\u201d. Aix\u00ed, es treballa per crear \u201cllocs de treball inclusius, estables i de qualitat\u201d. D\u2019altra banda, els recursos obtinguts es destinen a projectes socials \u201camb m\u00e9s de tres d\u00e8cades d\u2019activitat, 2\u20195 milions de persones s\u2019han vist involucrades en els programes de desenvolupament als pa\u00efsos del sud de la m\u00e0 de contraparts o socis locals. Durant aquest per\u00edode, la fundaci\u00f3 ha destinat m\u00e9s de 31 milions d\u2019euros per a la formaci\u00f3 de professors de prim\u00e0ria, l\u2019impuls de l\u2019agricultura sostenible o la lluita contra la VIH\/SIDA, entre altres accions de cooperaci\u00f3\u201d.<\/span><\/p>\n<hr \/>\n<p style=\"text-align: justify;\"><span style=\"color: #000000;\"><strong>CASTELLANO |\u00a0<\/strong>La Concejal\u00eda de Bienestar Social informa a la ciudadan\u00eda que la ropa se tiene que llevar a los contenedores de ropa Humana y no a los contenedores de rechazo ni al Punt Verd (aunque os recordamos que ahora mismo est\u00e1 cerrado en cumplimiento de la normativa por la situaci\u00f3n generada por el Covid-19). En estos contenedores pod\u00e9is depositar ropa para ser usada de nuevo o ropa para ser tratada en un centro de residuos para su disposici\u00f3n final. Por lo tanto, todo aquel residuo que quer\u00e1is desechar lo ten\u00e9is que llevar a los contenedores de Humana. En el municipio hay seis, ubicados en los siguientes puntos:<\/span><\/p>\n<ul style=\"text-align: justify;\">\n<li><span style=\"color: #000000;\">Avinguda del Priorat s\/n<\/span><\/li>\n<li><span style=\"color: #000000;\">Cam\u00ed del Gosch, 2<\/span><\/li>\n<li><span style=\"color: #000000;\">Avinguda Colom, 13<\/span><\/li>\n<li><span style=\"color: #000000;\">Carrer General Romagosa, 6<\/span><\/li>\n<li><span style=\"color: #000000;\">Can Gordei, 25 B<\/span><\/li>\n<li><span style=\"color: #000000;\">Baix Pened\u00e8s, 63-65<\/span><\/li>\n<\/ul>\n<p style=\"text-align: justify;\"><span style=\"color: #000000;\">En los contenedores de Humana se puede despositar Ropa, calzados, complementos o textil del hogar. Un 90% aproximadamente de lo que se recoge se trata en la planta de preparaci\u00f3n para la reutilizaci\u00f3n de la Ametlla del Vall\u00e8s y el resto se vende a las empresas de reutilizaci\u00f3n y reciclaje.<\/span><\/p>\n<p style=\"text-align: justify;\"><span style=\"color: #000000;\">La destinaci\u00f3n de las piezas tratadas, seg\u00fan Humana (datos del a\u00f1o 2019), es:<\/span><\/p>\n<ul style=\"text-align: justify;\">\n<li><span style=\"color: #000000;\">El 52% se prepara para la reutilizaci\u00f3n: el 13% se destina a las tiendas de moda sostenible de Humana en Catalunya y el 39% se exporta, principalmente a \u00c1frica, donde es vendido a precios de mercado para generar recursos para la cooperaci\u00f3n al desarrollo.<\/span><\/li>\n<li><span style=\"color: #000000;\">El 37% se encuentra en un estado que no permite la reutilizaci\u00f3n y se vende a empresas de reciclaje para que elaboren otros productos (mantas, aislantes o trapos para la industria de la automoci\u00f3n).<\/span><\/li>\n<li><span style=\"color: #000000;\">El 2% son residuos impropios (pl\u00e1sticos, cartones, otros), que se ponen en manos de los gestores autorizados correspondientes.<\/span><\/li>\n<li><span style=\"color: #000000;\">El 9% se env\u00eda a un centro de tratamiento de residuos para la disposici\u00f3n final: son productos que no se pueden reutilizar, ni reciclar, ni valorizar energ\u00e9ticamente.<\/span><\/li>\n<\/ul>\n<p style=\"text-align: justify;\"><span style=\"color: #000000;\">La Fundaci\u00f3n Humana Pueblo para Pueblo recuper\u00f3 9.968 kg de textil usado en la Bisbal del Pened\u00e8s durante el 2019. Esto supuso un incremento de un 13,18% con respecto al a\u00f1o anterior (2018). El textil recogido equivale a un ahorro de 31 toneladas de CO2 en la atm\u00f3sfera.<\/span><\/p>\n<p style=\"text-align: justify;\"><span style=\"color: #000000;\">Seg\u00fan fuentes de Humana Fundaci\u00f3n Pueblo para Pueblo, \u201cse genera un puesto de trabajo indefinido por cada 36.000 kg de textil recogidos\u201d. As\u00ed, se trabaja para crear puestos de trabajo inclusivos, estables y de calidad\u201d. Por otro lado, los recursos obtenidos se destinan a proyectos sociales \u201ccon m\u00e1s de tres d\u00e9cadas de actividad, 2\u20195 millones de personas se han visto involucradas en los programas de desarrollo en los pa\u00edses del sur de la mano de contrapartes o socios locales. Durante este periodo, la fundaci\u00f3n ha destinado m\u00e1s de 31 millones de euros para la formaci\u00f3n de profesores de primaria, el impulso de la agricultura sostenible o la lucha contra el VIH\/SIDA, entre otras acciones de cooperaci\u00f3n\u201d.<\/span><\/p>\n","protected":false},"excerpt":{"rendered":"<p>La Regidoria de Benestar Social informa la ciutadania que la roba s\u2019ha de portar als contenidors de roba Humana i no als contenidors de rebuig ni al Punt Verd (tot &hellip; <a href=\"https:\/\/bisbalpenedes.com\/web\/2020\/04\/14\/si-teniu-roba-per-llencar-porteu-la-als-contenidors-dhumana\/\" class=\"more-link\">Read More<\/a><\/p>\n","protected":false},"author":4,"featured_media":13005,"comment_status":"closed","ping_status":"closed","sticky":false,"template":"","format":"standard","meta":[],"categories":[975],"tags":[625,255,207,1182,257],"_links":{"self":[{"href":"https:\/\/bisbalpenedes.com\/web\/wp-json\/wp\/v2\/posts\/13002"}],"collection":[{"href":"https:\/\/bisbalpenedes.com\/web\/wp-json\/wp\/v2\/posts"}],"about":[{"href":"https:\/\/bisbalpenedes.com\/web\/wp-json\/wp\/v2\/types\/post"}],"author":[{"embeddable":true,"href":"https:\/\/bisbalpenedes.com\/web\/wp-json\/wp\/v2\/users\/4"}],"replies":[{"embeddable":true,"href":"https:\/\/bisbalpenedes.com\/web\/wp-json\/wp\/v2\/comments?post=13002"}],"version-history":[{"count":2,"href":"https:\/\/bisbalpenedes.com\/web\/wp-json\/wp\/v2\/posts\/13002\/revisions"}],"predecessor-version":[{"id":13004,"href":"https:\/\/bisbalpenedes.com\/web\/wp-json\/wp\/v2\/posts\/13002\/revisions\/13004"}],"wp:featuredmedia":[{"embeddable":true,"href":"https:\/\/bisbalpenedes.com\/web\/wp-json\/wp\/v2\/media\/13005"}],"wp:attachment":[{"href":"https:\/\/bisbalpenedes.com\/web\/wp-json\/wp\/v2\/media?parent=13002"}],"wp:term":[{"taxonomy":"category","embeddable":true,"href":"https:\/\/bisbalpenedes.com\/web\/wp-json\/wp\/v2\/categories?post=13002"},{"taxonomy":"post_tag","embeddable":true,"href":"https:\/\/bisbalpenedes.com\/web\/wp-json\/wp\/v2\/tags?post=13002"}],"curies":[{"name":"wp","href":"https:\/\/api.w.org\/{rel}","templated":true}]}}