{"id":12992,"date":"2020-04-14T12:51:55","date_gmt":"2020-04-14T11:51:55","guid":{"rendered":"http:\/\/bisbalpenedes.com\/web\/?p=12992"},"modified":"2020-04-14T12:58:53","modified_gmt":"2020-04-14T11:58:53","slug":"ladf-clot-de-bou-ha-desinfectat-diversos-punts-de-tot-el-municipi","status":"publish","type":"post","link":"https:\/\/bisbalpenedes.com\/web\/2020\/04\/14\/ladf-clot-de-bou-ha-desinfectat-diversos-punts-de-tot-el-municipi\/","title":{"rendered":"L&#8217;ADF Clot de Bou ha desinfectat diversos punts de tot el municipi"},"content":{"rendered":"<div class=\"\" data-block=\"true\" data-editor=\"81i0s\" data-offset-key=\"9j5e5-0-0\">\n<div class=\"_1mf _1mj\" style=\"text-align: justify;\" data-offset-key=\"9j5e5-0-0\"><span style=\"color: #000000;\" data-offset-key=\"9j5e5-0-0\"><span data-text=\"true\">Aquest dissabte els membres de l\u2019Agrupaci\u00f3 de Defensa Forestal (ADF) Clot de Bou han desinfectat diversos punts de tot el municipi: les parades de bus, l\u2019exterior dels locals socials, el Rac\u00f3 de la Gent Gran i altres equipaments municipals, els parcs, les b\u00fasties comunit\u00e0ries, les illes de contenidors i les zones del municipi amb m\u00e9s aflu\u00e8ncia de persones. Des de l\u2019Ajuntament de la Bisbal del Pened\u00e8s volem agrair a l\u2019entitat les accions realitzades per col\u00b7laborar en la prevenci\u00f3 de la Covid-19 al municipi. <\/span><\/span><\/div>\n<\/div>\n<div class=\"\" style=\"text-align: justify;\" data-block=\"true\" data-editor=\"81i0s\" data-offset-key=\"9javn-0-0\">\n<div class=\"_1mf _1mj\" data-offset-key=\"9javn-0-0\"><span style=\"color: #000000;\" data-offset-key=\"9javn-0-0\">\u00a0<\/span><\/div>\n<\/div>\n<div class=\"\" style=\"text-align: justify;\" data-block=\"true\" data-editor=\"81i0s\" data-offset-key=\"e4j8-0-0\">\n<div class=\"_1mf _1mj\" data-offset-key=\"e4j8-0-0\">\n<hr \/>\n<p><span style=\"color: #000000;\"><strong><span data-offset-key=\"e4j8-0-0\"><span data-text=\"true\"><br \/>\n<\/span><\/span><\/strong><\/span><\/p>\n<\/div>\n<\/div>\n<div class=\"\" data-block=\"true\" data-editor=\"81i0s\" data-offset-key=\"2dosm-0-0\">\n<div class=\"_1mf _1mj\" style=\"text-align: justify;\" data-offset-key=\"2dosm-0-0\"><span style=\"color: #000000;\"><strong>CASTELLANO |<\/strong> Este s\u00e1bado los miembros de la Agrupaci\u00f3 de Defensa Forestal (ADF) Clot de Bou han desinfectado varios puntos de todo el municipio: las paradas de bus, el exterior de los locales sociales, el Rac\u00f3 de la Gent Gran y otros equipamientos municipales, los parques, los buzones comunitarios, las islas de contenedores y las zonas del municipio con m\u00e1s afluencia de personas. Desde el Ayuntamiento de la Bisbal del Pened\u00e8s queremos agradecer a la entidad las acciones realizadas para colaborar en la prevenci\u00f3n del Covid-19 en el municipio.<\/span><\/div>\n<div class=\"_1mf _1mj\" style=\"text-align: justify;\" data-offset-key=\"2dosm-0-0\"><a href=\"http:\/\/bisbalpenedes.com\/web\/wp-content\/uploads\/2020\/04\/collage-adf-desinfeccio.png\"><img loading=\"lazy\" class=\"alignnone size-full wp-image-12993\" src=\"http:\/\/bisbalpenedes.com\/web\/wp-content\/uploads\/2020\/04\/collage-adf-desinfeccio.png\" alt=\"collage adf desinfeccio\" width=\"940\" height=\"788\" srcset=\"https:\/\/bisbalpenedes.com\/web\/wp-content\/uploads\/2020\/04\/collage-adf-desinfeccio.png 940w, https:\/\/bisbalpenedes.com\/web\/wp-content\/uploads\/2020\/04\/collage-adf-desinfeccio-600x503.png 600w, https:\/\/bisbalpenedes.com\/web\/wp-content\/uploads\/2020\/04\/collage-adf-desinfeccio-300x251.png 300w, https:\/\/bisbalpenedes.com\/web\/wp-content\/uploads\/2020\/04\/collage-adf-desinfeccio-768x644.png 768w\" sizes=\"(max-width: 940px) 100vw, 940px\" \/><\/a><\/div>\n<\/div>\n<div class=\"\" data-block=\"true\" data-editor=\"81i0s\" data-offset-key=\"7ract-0-0\">\n<div class=\"_1mf _1mj\" data-offset-key=\"7ract-0-0\"><span data-offset-key=\"7ract-0-0\">\u00a0<\/span><\/div>\n<\/div>\n<div class=\"\" data-block=\"true\" data-editor=\"81i0s\" data-offset-key=\"f4qjl-0-0\"><\/div>\n","protected":false},"excerpt":{"rendered":"<p>Aquest dissabte els membres de l\u2019Agrupaci\u00f3 de Defensa Forestal (ADF) Clot de Bou han desinfectat diversos punts de tot el municipi: les parades de bus, l\u2019exterior dels locals socials, el &hellip; <a href=\"https:\/\/bisbalpenedes.com\/web\/2020\/04\/14\/ladf-clot-de-bou-ha-desinfectat-diversos-punts-de-tot-el-municipi\/\" class=\"more-link\">Read More<\/a><\/p>\n","protected":false},"author":4,"featured_media":12993,"comment_status":"closed","ping_status":"closed","sticky":false,"template":"","format":"standard","meta":[],"categories":[3636],"tags":[1775,3708,3550,3559,3283],"_links":{"self":[{"href":"https:\/\/bisbalpenedes.com\/web\/wp-json\/wp\/v2\/posts\/12992"}],"collection":[{"href":"https:\/\/bisbalpenedes.com\/web\/wp-json\/wp\/v2\/posts"}],"about":[{"href":"https:\/\/bisbalpenedes.com\/web\/wp-json\/wp\/v2\/types\/post"}],"author":[{"embeddable":true,"href":"https:\/\/bisbalpenedes.com\/web\/wp-json\/wp\/v2\/users\/4"}],"replies":[{"embeddable":true,"href":"https:\/\/bisbalpenedes.com\/web\/wp-json\/wp\/v2\/comments?post=12992"}],"version-history":[{"count":2,"href":"https:\/\/bisbalpenedes.com\/web\/wp-json\/wp\/v2\/posts\/12992\/revisions"}],"predecessor-version":[{"id":13000,"href":"https:\/\/bisbalpenedes.com\/web\/wp-json\/wp\/v2\/posts\/12992\/revisions\/13000"}],"wp:featuredmedia":[{"embeddable":true,"href":"https:\/\/bisbalpenedes.com\/web\/wp-json\/wp\/v2\/media\/12993"}],"wp:attachment":[{"href":"https:\/\/bisbalpenedes.com\/web\/wp-json\/wp\/v2\/media?parent=12992"}],"wp:term":[{"taxonomy":"category","embeddable":true,"href":"https:\/\/bisbalpenedes.com\/web\/wp-json\/wp\/v2\/categories?post=12992"},{"taxonomy":"post_tag","embeddable":true,"href":"https:\/\/bisbalpenedes.com\/web\/wp-json\/wp\/v2\/tags?post=12992"}],"curies":[{"name":"wp","href":"https:\/\/api.w.org\/{rel}","templated":true}]}}