{"id":12983,"date":"2020-04-13T23:04:37","date_gmt":"2020-04-13T22:04:37","guid":{"rendered":"http:\/\/bisbalpenedes.com\/web\/?p=12983"},"modified":"2020-04-13T23:04:37","modified_gmt":"2020-04-13T22:04:37","slug":"preguntes-frequents-sobre-el-coronavirus-covid-19-que-puc-fer-i-que-no-versio-12-04-20-20h","status":"publish","type":"post","link":"https:\/\/bisbalpenedes.com\/web\/2020\/04\/13\/preguntes-frequents-sobre-el-coronavirus-covid-19-que-puc-fer-i-que-no-versio-12-04-20-20h\/","title":{"rendered":"Preguntes freq\u00fcents sobre el coronavirus Covid-19. Qu\u00e8 puc fer i qu\u00e8 no? Versi\u00f3 12-04-20 20h"},"content":{"rendered":"<div class=\"\" data-block=\"true\" data-editor=\"5dga6\" data-offset-key=\"a7b3m-0-0\">\n<div class=\"_1mf _1mj\" data-offset-key=\"a7b3m-0-0\">ACTUALITZACI\u00d3 12-04-20 &#8211; 20h<\/div>\n<div class=\"_1mf _1mj\" data-offset-key=\"a7b3m-0-0\">Qu\u00e8 puc fer i qu\u00e8 no?<\/div>\n<\/div>\n<div class=\"\" data-block=\"true\" data-editor=\"5dga6\" data-offset-key=\"eja5t-0-0\">\n<div class=\"_1mf _1mj\" data-offset-key=\"eja5t-0-0\">Les preguntes freq\u00fcents sobre el coronavirus Covid-19 respostes des del Centre de Coordinaci\u00f3 Operativa de Catalunya (CECAT).<\/div>\n<\/div>\n<div class=\"\" data-block=\"true\" data-editor=\"5dga6\" data-offset-key=\"4d722-0-0\">\n<div class=\"_1mf _1mj\" data-offset-key=\"4d722-0-0\">Podeu descarregar el document a la part inferior de la p\u00e0gina.<\/div>\n<\/div>\n<div class=\"\" data-block=\"true\" data-editor=\"5dga6\" data-offset-key=\"4ejcu-0-0\">\n<div class=\"_1mf _1mj\" data-offset-key=\"4ejcu-0-0\">\n<hr \/>\n<\/div>\n<\/div>\n<div class=\"\" data-block=\"true\" data-editor=\"5dga6\" data-offset-key=\"96g5l-0-0\">\n<div class=\"_1mf _1mj\" data-offset-key=\"96g5l-0-0\">ACTUALIZACI\u00d3N 12-04-20 &#8211; 20h<\/div>\n<\/div>\n<div class=\"\" data-block=\"true\" data-editor=\"5dga6\" data-offset-key=\"dhcci-0-0\">\n<div class=\"_1mf _1mj\" data-offset-key=\"dhcci-0-0\">\u00bfQu\u00e9 puedo hacer y qu\u00e9 no? Las preguntas frecuentes sobre el coronavirus Covid-19 respondidas desde El Centre de Coordinaci\u00f3 Operativa de Catalunya (CECAT).<\/div>\n<\/div>\n<div class=\"\" data-block=\"true\" data-editor=\"5dga6\" data-offset-key=\"5l9n3-0-0\">\n<div class=\"_1mf _1mj\" data-offset-key=\"5l9n3-0-0\">\n<p>Pod\u00e9is descargar el documento en la parte inferior de la p\u00e1gina.<\/p>\n<\/div>\n<\/div>\n<p><a href=\"https:\/\/interior.gencat.cat\/web\/.content\/home\/030_arees_dactuacio\/proteccio_civil\/consells_autoproteccio_emergencies\/Coronavirus\/Questionari-restriccions-COVID19-v20200412-20h_revisat.pdf\">https:\/\/interior.gencat.cat\/web\/.content\/home\/030_arees_dactuacio\/proteccio_civil\/consells_autoproteccio_emergencies\/Coronavirus\/Questionari-restriccions-COVID19-v20200412-20h_revisat.pdf<\/a><\/p>\n","protected":false},"excerpt":{"rendered":"<p>ACTUALITZACI\u00d3 12-04-20 &#8211; 20h Qu\u00e8 puc fer i qu\u00e8 no? Les preguntes freq\u00fcents sobre el coronavirus Covid-19 respostes des del Centre de Coordinaci\u00f3 Operativa de Catalunya (CECAT). Podeu descarregar el &hellip; <a href=\"https:\/\/bisbalpenedes.com\/web\/2020\/04\/13\/preguntes-frequents-sobre-el-coronavirus-covid-19-que-puc-fer-i-que-no-versio-12-04-20-20h\/\" class=\"more-link\">Read More<\/a><\/p>\n","protected":false},"author":4,"featured_media":12985,"comment_status":"closed","ping_status":"closed","sticky":false,"template":"","format":"standard","meta":[],"categories":[3636,8],"tags":[3550,3668,792],"_links":{"self":[{"href":"https:\/\/bisbalpenedes.com\/web\/wp-json\/wp\/v2\/posts\/12983"}],"collection":[{"href":"https:\/\/bisbalpenedes.com\/web\/wp-json\/wp\/v2\/posts"}],"about":[{"href":"https:\/\/bisbalpenedes.com\/web\/wp-json\/wp\/v2\/types\/post"}],"author":[{"embeddable":true,"href":"https:\/\/bisbalpenedes.com\/web\/wp-json\/wp\/v2\/users\/4"}],"replies":[{"embeddable":true,"href":"https:\/\/bisbalpenedes.com\/web\/wp-json\/wp\/v2\/comments?post=12983"}],"version-history":[{"count":2,"href":"https:\/\/bisbalpenedes.com\/web\/wp-json\/wp\/v2\/posts\/12983\/revisions"}],"predecessor-version":[{"id":12986,"href":"https:\/\/bisbalpenedes.com\/web\/wp-json\/wp\/v2\/posts\/12983\/revisions\/12986"}],"wp:featuredmedia":[{"embeddable":true,"href":"https:\/\/bisbalpenedes.com\/web\/wp-json\/wp\/v2\/media\/12985"}],"wp:attachment":[{"href":"https:\/\/bisbalpenedes.com\/web\/wp-json\/wp\/v2\/media?parent=12983"}],"wp:term":[{"taxonomy":"category","embeddable":true,"href":"https:\/\/bisbalpenedes.com\/web\/wp-json\/wp\/v2\/categories?post=12983"},{"taxonomy":"post_tag","embeddable":true,"href":"https:\/\/bisbalpenedes.com\/web\/wp-json\/wp\/v2\/tags?post=12983"}],"curies":[{"name":"wp","href":"https:\/\/api.w.org\/{rel}","templated":true}]}}