{"id":12966,"date":"2020-04-12T19:22:16","date_gmt":"2020-04-12T18:22:16","guid":{"rendered":"http:\/\/bisbalpenedes.com\/web\/?p=12966"},"modified":"2020-04-12T19:22:16","modified_gmt":"2020-04-12T18:22:16","slug":"lampa-de-linstitut-coster-de-la-torre-ha-cedido-una-impressora-3d-a-un-voluntari-bisbalenc-perque-pugui-doblar-la-seva-produccio-de-proteccions","status":"publish","type":"post","link":"https:\/\/bisbalpenedes.com\/web\/2020\/04\/12\/lampa-de-linstitut-coster-de-la-torre-ha-cedido-una-impressora-3d-a-un-voluntari-bisbalenc-perque-pugui-doblar-la-seva-produccio-de-proteccions\/","title":{"rendered":"L&#8217;AMPA de l&#8217;Institut Coster de la Torre ha cedido una impressora 3D a un voluntari bisbalenc perqu\u00e8 pugui doblar la seva producci\u00f3 de proteccions"},"content":{"rendered":"<p style=\"text-align: center;\"><a href=\"http:\/\/bisbalpenedes.com\/web\/wp-content\/uploads\/2020\/04\/IMPRESSORA-FOTO.png\"><img loading=\"lazy\" class=\"alignnone size-full wp-image-12967\" src=\"http:\/\/bisbalpenedes.com\/web\/wp-content\/uploads\/2020\/04\/IMPRESSORA-FOTO.png\" alt=\"IMPRESSORA FOTO\" width=\"280\" height=\"280\" srcset=\"https:\/\/bisbalpenedes.com\/web\/wp-content\/uploads\/2020\/04\/IMPRESSORA-FOTO.png 280w, https:\/\/bisbalpenedes.com\/web\/wp-content\/uploads\/2020\/04\/IMPRESSORA-FOTO-100x100.png 100w, https:\/\/bisbalpenedes.com\/web\/wp-content\/uploads\/2020\/04\/IMPRESSORA-FOTO-150x150.png 150w\" sizes=\"(max-width: 280px) 100vw, 280px\" \/><\/a><\/p>\n<p style=\"text-align: justify;\"><span style=\"color: #000000;\">La Regidoria d\u2019Ensenyament vol mostrar el seu agra\u00efment a l\u2019AMPA de l\u2019Institut Coster de la Torre pel fet d\u2019haver adquirit una impressora 3D i el material necessari perqu\u00e8 el ve\u00ed que va fer una crida per demanar col\u00b7laboradors per imprimir mascaretes, l\u2019\u00d2scar L\u00f3pez, pugui doblar la seva producci\u00f3. Aquesta impressora ser\u00e0 propietat de l\u2019AMPA del centre per\u00f2, mentrestant, l\u2019\u00d2scar en podr\u00e0 fer \u00fas per aix\u00ed poder produir m\u00e9s mascaretes per a les persones que m\u00e9s les necessiten. L\u2019\u00d2scar ha reconegut, en una entrada publicada al seu Facebook, que \u201cem vaig emocionar molt\u00edssim, fins al punt que alguna llagrimeta se\u2019m va escapar\u201d i ha agra\u00eft la donaci\u00f3 a l\u2019AMPA.<\/span><\/p>\n<p style=\"text-align: justify;\"><span style=\"color: #000000;\">La presidenta de l\u2019AMPA, la Rosa Serrano, ha explicat que \u201cllegint el post de l\u2019\u00d2scar vaig pensar que estaria b\u00e9 donar un cop de m\u00e0. Ho vaig proposar a la junta i tothom hi va estar d\u2019acord. Nom\u00e9s puc dir que estic molt orgullosa d\u2019aquest grup que formem l\u2019AMPA de l\u2019institut i que els nostres nens i nenes podran aprofitar, a partir del curs vinent, aquesta eina tan <em>xula<\/em>\u201d.<\/span><\/p>\n<p style=\"text-align: center;\"><a href=\"http:\/\/bisbalpenedes.com\/web\/wp-content\/uploads\/2020\/04\/MASCARETES-e1586715709631.jpg\"><img loading=\"lazy\" class=\"alignnone size-medium wp-image-12968\" src=\"http:\/\/bisbalpenedes.com\/web\/wp-content\/uploads\/2020\/04\/MASCARETES-e1586715709631-222x300.jpg\" alt=\"MASCARETES\" width=\"222\" height=\"300\" srcset=\"https:\/\/bisbalpenedes.com\/web\/wp-content\/uploads\/2020\/04\/MASCARETES-e1586715709631-222x300.jpg 222w, https:\/\/bisbalpenedes.com\/web\/wp-content\/uploads\/2020\/04\/MASCARETES-e1586715709631.jpg 277w\" sizes=\"(max-width: 222px) 100vw, 222px\" \/><\/a><\/p>\n<p style=\"text-align: justify;\"><span style=\"color: #000000;\">Fins a la data, l\u2019\u00d2scar ha entregat proteccions a la farm\u00e0cia, a diversos comer\u00e7os bisbalencs i a la Resid\u00e8ncia El Colomer -entre altres llocs- i, darrerament, n\u2019estava imprimint per als agents del cos de Mossos d\u2019Esquadra del Vendrell. Aquest ve\u00ed del barri de Can Gordei fa setmanes que treballa, de forma totalment altruista, en la impressi\u00f3 de mascaretes 3D i dies enrere va fer una crida a tots aquells ve\u00efns de la comarca que tinguessin una impressora 3D perqu\u00e8 col\u00b7laboressin en la impressi\u00f3 de mascaretes. L\u2019\u00d2scar defensa que \u201cla impressi\u00f3 3D \u00e9s el futur, com heu vist, pantalles per a metges, respiradors, mascaretes, acoblaments per a transformar mascaretes en respiradors i ara els nois de l\u2019institut tindran una activitat m\u00e9s per aprendre per llaurar-se un futur, ells seran els que dominin aquestes t\u00e8cniques i tant de bo surtin molt bons dissenyadors de la Bisbal del Pened\u00e8s\u201d.<\/span><\/p>\n<p style=\"text-align: justify;\"><span style=\"color: #000000;\">Si voleu contactar amb l\u2019\u00d2scar, ho podeu fer per Whatsapp, al 633368684, o per correu electr\u00f2nic, escrivint a\u00a0<a style=\"color: #000000;\" href=\"mailto:olopezt@tmb.cat\">olopezt@tmb.cat<\/a><\/span><\/p>\n<hr \/>\n<p style=\"text-align: justify;\"><a href=\"http:\/\/bisbalpenedes.com\/web\/wp-content\/uploads\/2020\/04\/IMPRESSORA-FOTO.png\"><img loading=\"lazy\" class=\"aligncenter size-full wp-image-12967\" src=\"http:\/\/bisbalpenedes.com\/web\/wp-content\/uploads\/2020\/04\/IMPRESSORA-FOTO.png\" alt=\"IMPRESSORA FOTO\" width=\"280\" height=\"280\" srcset=\"https:\/\/bisbalpenedes.com\/web\/wp-content\/uploads\/2020\/04\/IMPRESSORA-FOTO.png 280w, https:\/\/bisbalpenedes.com\/web\/wp-content\/uploads\/2020\/04\/IMPRESSORA-FOTO-100x100.png 100w, https:\/\/bisbalpenedes.com\/web\/wp-content\/uploads\/2020\/04\/IMPRESSORA-FOTO-150x150.png 150w\" sizes=\"(max-width: 280px) 100vw, 280px\" \/><\/a><\/p>\n<p style=\"text-align: justify;\"><span style=\"color: #000000;\"><strong>CASTELLANO |<\/strong> La Concejal\u00eda de Educaci\u00f3n quiere mostrar su agradecimiento al AMPA del Instituto Coster de la Torre por el hecho de haber adquirido una impresora 3D y el material necesario para que un vecino que hizo un llamamiento para pedir colaboradores para imprimir mascarillas, \u00d3scar L\u00f3pez, pueda doblar su producci\u00f3n. Esta impresora ser\u00e1 propiedad del AMPA del centro pero, mientras, \u00d3scar la podr\u00e1 usar para as\u00ed poder producir m\u00e1s mascarillas para las personas que m\u00e1s las necesitan. \u00d3scar ha reconocido, en una entrada publicada en su Facebook, que \u201cme emocion\u00e9 much\u00edsimo, hasta el punto que alguna l\u00e1grima se me escap\u00f3\u201d y ha agradecido la donaci\u00f3n a la AMPA.<\/span><\/p>\n<p style=\"text-align: justify;\"><span style=\"color: #000000;\">La presidenta de la AMPA, Rosa Serrano, ha explicado que \u201cleyendo el post de \u00d3scar pens\u00e9 que estar\u00eda bien echarle una mano. Se lo propuse a la junta y todos estuvieron de acuerdo. Solo puedo decir que estoy muy orgullosa de este grupo que formamos la AMPA del instituto y que nuestros ni\u00f1os y ni\u00f1as podr\u00e1n aprovechar, a partir del curso que viene, esta herramienta tan chula\u201d.<\/span><\/p>\n<p style=\"text-align: justify;\"><a href=\"http:\/\/bisbalpenedes.com\/web\/wp-content\/uploads\/2020\/04\/MASCARETES.jpg\"><img loading=\"lazy\" class=\"aligncenter size-medium wp-image-12968\" src=\"http:\/\/bisbalpenedes.com\/web\/wp-content\/uploads\/2020\/04\/MASCARETES-e1586715709631-222x300.jpg\" alt=\"MASCARETES\" width=\"222\" height=\"300\" srcset=\"https:\/\/bisbalpenedes.com\/web\/wp-content\/uploads\/2020\/04\/MASCARETES-e1586715709631-222x300.jpg 222w, https:\/\/bisbalpenedes.com\/web\/wp-content\/uploads\/2020\/04\/MASCARETES-e1586715709631.jpg 277w\" sizes=\"(max-width: 222px) 100vw, 222px\" \/><\/a><\/p>\n<p style=\"text-align: justify;\"><span style=\"color: #000000;\">Hasta la fecha, \u00d3scar ha entregado protecciones a la farmacia, a varios comercios bisbalenses y a la Residencia El Colomer -entre otros lugares- y, \u00faltimamente, estaba imprimiendo protecciones para los agentes del cuerpo de Mossos d\u2019Esquadra del Vendrell. Este vecino del barrio de Can Gordei hace semanas que trabaja, de forma totalmente altruista, en la impresi\u00f3n de mascarillas 3D y d\u00edas atr\u00e1s hizo un llamamiento dirigido a todos aquellos vecinos de la comarca que tuviesen una impresora 3D para que colaborasen con \u00e9l en la impresi\u00f3n de mascarillas.<\/span><\/p>\n<p style=\"text-align: justify;\"><span style=\"color: #000000;\">\u00d3scar defiende que \u201cla impresi\u00f3n 3D es el futuro, como hab\u00e9is visto, pantallas para m\u00e9dicos, respiradores, mascarillas, acoples para transformar m\u00e1scaras en respiradores y ahora los chicos del instituto tendr\u00e1n una actividad m\u00e1s que aprender para labrarse un mejor futuro, ellos ser\u00e1n los que dominen estas t\u00e9cnicas y ojal\u00e1 salgan muy buenos dise\u00f1adores de la Bisbal del Pened\u00e8s\u201d.<\/span><\/p>\n<p style=\"text-align: justify;\"><span style=\"color: #000000;\">Si quer\u00e9is contactar con \u00d3scar, lo pod\u00e9is hacer por Whatsapp, en el 633368684, o por correo electr\u00f3nico, escribiendo a <a style=\"color: #000000;\" href=\"mailto:olopezt@tmb.cat\">olopezt@tmb.cat<\/a><\/span><\/p>\n<p>&nbsp;<\/p>\n","protected":false},"excerpt":{"rendered":"<p>La Regidoria d\u2019Ensenyament vol mostrar el seu agra\u00efment a l\u2019AMPA de l\u2019Institut Coster de la Torre pel fet d\u2019haver adquirit una impressora 3D i el material necessari perqu\u00e8 el ve\u00ed &hellip; <a href=\"https:\/\/bisbalpenedes.com\/web\/2020\/04\/12\/lampa-de-linstitut-coster-de-la-torre-ha-cedido-una-impressora-3d-a-un-voluntari-bisbalenc-perque-pugui-doblar-la-seva-produccio-de-proteccions\/\" class=\"more-link\">Read More<\/a><\/p>\n","protected":false},"author":4,"featured_media":12967,"comment_status":"closed","ping_status":"closed","sticky":false,"template":"","format":"standard","meta":[],"categories":[3636,3456],"tags":[3559,3702,3609,3700,3699,3701],"_links":{"self":[{"href":"https:\/\/bisbalpenedes.com\/web\/wp-json\/wp\/v2\/posts\/12966"}],"collection":[{"href":"https:\/\/bisbalpenedes.com\/web\/wp-json\/wp\/v2\/posts"}],"about":[{"href":"https:\/\/bisbalpenedes.com\/web\/wp-json\/wp\/v2\/types\/post"}],"author":[{"embeddable":true,"href":"https:\/\/bisbalpenedes.com\/web\/wp-json\/wp\/v2\/users\/4"}],"replies":[{"embeddable":true,"href":"https:\/\/bisbalpenedes.com\/web\/wp-json\/wp\/v2\/comments?post=12966"}],"version-history":[{"count":1,"href":"https:\/\/bisbalpenedes.com\/web\/wp-json\/wp\/v2\/posts\/12966\/revisions"}],"predecessor-version":[{"id":12969,"href":"https:\/\/bisbalpenedes.com\/web\/wp-json\/wp\/v2\/posts\/12966\/revisions\/12969"}],"wp:featuredmedia":[{"embeddable":true,"href":"https:\/\/bisbalpenedes.com\/web\/wp-json\/wp\/v2\/media\/12967"}],"wp:attachment":[{"href":"https:\/\/bisbalpenedes.com\/web\/wp-json\/wp\/v2\/media?parent=12966"}],"wp:term":[{"taxonomy":"category","embeddable":true,"href":"https:\/\/bisbalpenedes.com\/web\/wp-json\/wp\/v2\/categories?post=12966"},{"taxonomy":"post_tag","embeddable":true,"href":"https:\/\/bisbalpenedes.com\/web\/wp-json\/wp\/v2\/tags?post=12966"}],"curies":[{"name":"wp","href":"https:\/\/api.w.org\/{rel}","templated":true}]}}