{"id":12941,"date":"2020-04-11T13:08:39","date_gmt":"2020-04-11T12:08:39","guid":{"rendered":"http:\/\/bisbalpenedes.com\/web\/?p=12941"},"modified":"2020-04-11T13:08:39","modified_gmt":"2020-04-11T12:08:39","slug":"agraiment-al-personal-de-la-llar-dinfants-municipal","status":"publish","type":"post","link":"https:\/\/bisbalpenedes.com\/web\/2020\/04\/11\/agraiment-al-personal-de-la-llar-dinfants-municipal\/","title":{"rendered":"Agra\u00efment al personal de la Llar d&#8217;infants municipal"},"content":{"rendered":"<p style=\"text-align: justify;\"><span style=\"color: #000000;\">La llar d&#8217;infants municipal est\u00e0 tancada per\u00f2 la directora i les t\u00e8cniques segueixen treballant per tenir-ho tot a punt quan es reobri. Preparen material, organitzen activitats i segueixen en contacte amb els infants i les fam\u00edlies.<\/span><br \/>\n<span style=\"color: #000000;\">Gr\u00e0cies pel vostre servei!<\/span><\/p>\n<hr \/>\n<div class=\"text_exposed_show\">\n<p style=\"text-align: justify;\"><span style=\"color: #000000;\">La ???? ?&#8217;??????? municipal est\u00e1 cerrada pero la directora y las t\u00e9cnicas siguen trabajando para tenerlo todo a punto para cuando se vuelva abrir. Preparan material, organizan actividades y siguen en contacto con los ni\u00f1os y ni\u00f1as y las familias.<\/span><br \/>\n<span style=\"color: #000000;\">Gracias por vuestro servicio!<\/span><\/p>\n<p style=\"text-align: justify;\"><a href=\"http:\/\/bisbalpenedes.com\/web\/wp-content\/uploads\/2020\/04\/COLLAGE-LLAR-DINFANTS-GRAN.png\"><img loading=\"lazy\" class=\"aligncenter size-large wp-image-12942\" src=\"http:\/\/bisbalpenedes.com\/web\/wp-content\/uploads\/2020\/04\/COLLAGE-LLAR-DINFANTS-GRAN-1024x858.png\" alt=\"COLLAGE LLAR D'INFANTS GRAN\" width=\"630\" height=\"528\" srcset=\"https:\/\/bisbalpenedes.com\/web\/wp-content\/uploads\/2020\/04\/COLLAGE-LLAR-DINFANTS-GRAN-1024x858.png 1024w, https:\/\/bisbalpenedes.com\/web\/wp-content\/uploads\/2020\/04\/COLLAGE-LLAR-DINFANTS-GRAN-600x503.png 600w, https:\/\/bisbalpenedes.com\/web\/wp-content\/uploads\/2020\/04\/COLLAGE-LLAR-DINFANTS-GRAN-300x251.png 300w, https:\/\/bisbalpenedes.com\/web\/wp-content\/uploads\/2020\/04\/COLLAGE-LLAR-DINFANTS-GRAN-768x644.png 768w, https:\/\/bisbalpenedes.com\/web\/wp-content\/uploads\/2020\/04\/COLLAGE-LLAR-DINFANTS-GRAN.png 1880w\" sizes=\"(max-width: 630px) 100vw, 630px\" \/><\/a><\/p>\n<\/div>\n","protected":false},"excerpt":{"rendered":"<p>La llar d&#8217;infants municipal est\u00e0 tancada per\u00f2 la directora i les t\u00e8cniques segueixen treballant per tenir-ho tot a punt quan es reobri. Preparen material, organitzen activitats i segueixen en contacte &hellip; <a href=\"https:\/\/bisbalpenedes.com\/web\/2020\/04\/11\/agraiment-al-personal-de-la-llar-dinfants-municipal\/\" class=\"more-link\">Read More<\/a><\/p>\n","protected":false},"author":4,"featured_media":12942,"comment_status":"closed","ping_status":"closed","sticky":false,"template":"","format":"standard","meta":[],"categories":[2057],"tags":[3639,1090,393,272],"_links":{"self":[{"href":"https:\/\/bisbalpenedes.com\/web\/wp-json\/wp\/v2\/posts\/12941"}],"collection":[{"href":"https:\/\/bisbalpenedes.com\/web\/wp-json\/wp\/v2\/posts"}],"about":[{"href":"https:\/\/bisbalpenedes.com\/web\/wp-json\/wp\/v2\/types\/post"}],"author":[{"embeddable":true,"href":"https:\/\/bisbalpenedes.com\/web\/wp-json\/wp\/v2\/users\/4"}],"replies":[{"embeddable":true,"href":"https:\/\/bisbalpenedes.com\/web\/wp-json\/wp\/v2\/comments?post=12941"}],"version-history":[{"count":1,"href":"https:\/\/bisbalpenedes.com\/web\/wp-json\/wp\/v2\/posts\/12941\/revisions"}],"predecessor-version":[{"id":12943,"href":"https:\/\/bisbalpenedes.com\/web\/wp-json\/wp\/v2\/posts\/12941\/revisions\/12943"}],"wp:featuredmedia":[{"embeddable":true,"href":"https:\/\/bisbalpenedes.com\/web\/wp-json\/wp\/v2\/media\/12942"}],"wp:attachment":[{"href":"https:\/\/bisbalpenedes.com\/web\/wp-json\/wp\/v2\/media?parent=12941"}],"wp:term":[{"taxonomy":"category","embeddable":true,"href":"https:\/\/bisbalpenedes.com\/web\/wp-json\/wp\/v2\/categories?post=12941"},{"taxonomy":"post_tag","embeddable":true,"href":"https:\/\/bisbalpenedes.com\/web\/wp-json\/wp\/v2\/tags?post=12941"}],"curies":[{"name":"wp","href":"https:\/\/api.w.org\/{rel}","templated":true}]}}