{"id":12935,"date":"2020-04-11T10:35:43","date_gmt":"2020-04-11T09:35:43","guid":{"rendered":"http:\/\/bisbalpenedes.com\/web\/?p=12935"},"modified":"2020-04-11T10:35:43","modified_gmt":"2020-04-11T09:35:43","slug":"nou-capitol-de-les-pindoles-bisbalenques-sabieu-que-la-bisbal-es-una-vila","status":"publish","type":"post","link":"https:\/\/bisbalpenedes.com\/web\/2020\/04\/11\/nou-capitol-de-les-pindoles-bisbalenques-sabieu-que-la-bisbal-es-una-vila\/","title":{"rendered":"Nou cap\u00edtol de les \u2018P\u00edndoles Bisbalenques\u2019: Sab\u00edeu que la Bisbal \u00e9s una &#8216;vila&#8217;?"},"content":{"rendered":"<div class=\"\" data-block=\"true\" data-editor=\"ccd21\" data-offset-key=\"aegee-0-0\">\n<div class=\"_1mf _1mj\" style=\"text-align: justify;\" data-offset-key=\"aegee-0-0\"><span style=\"color: #000000;\" data-offset-key=\"aegee-0-0\"><span data-text=\"true\">A la \u2018P\u00edndola\u2019 d\u2019avui us parlem de la Vila de la Bisbal del Pened\u00e8s. Sab\u00edeu que la Bisbal \u00e9s un dels tres municipis de la comarca que compta amb aquesta distinci\u00f3? Un honor fruit d\u2019una hist\u00f2ria poc clara i sorprenent. Esperem que us agradi aquesta nova entrega.<\/span><\/span><\/div>\n<\/div>\n<div class=\"\" style=\"text-align: justify;\" data-block=\"true\" data-editor=\"ccd21\" data-offset-key=\"bjsq4-0-0\">\n<div class=\"_1mf _1mj\" data-offset-key=\"bjsq4-0-0\"><span style=\"color: #000000;\" data-offset-key=\"bjsq4-0-0\">\u00a0<\/span><\/div>\n<\/div>\n<div class=\"\" style=\"text-align: justify;\" data-block=\"true\" data-editor=\"ccd21\" data-offset-key=\"5h9vp-0-0\">\n<div class=\"_1mf _1mj\" data-offset-key=\"5h9vp-0-0\"><span style=\"color: #000000;\" data-offset-key=\"5h9vp-0-0\"><span data-text=\"true\">La informaci\u00f3 d\u2019aquest nou cap\u00edtol ha estat extreta del llibre \u201cCent anys de la concessi\u00f3 del t\u00edtol de Vila a la Bisbal del Pened\u00e8s\u201d de Joan Latorre i Sol\u00e9, editat per l\u2019Ajuntament de la Bisbal del Pened\u00e8s.<\/span><\/span><\/div>\n<\/div>\n<div class=\"\" style=\"text-align: justify;\" data-block=\"true\" data-editor=\"ccd21\" data-offset-key=\"a1okq-0-0\">\n<div class=\"_1mf _1mj\" data-offset-key=\"a1okq-0-0\"><span style=\"color: #000000;\" data-offset-key=\"a1okq-0-0\">\u00a0<\/span><\/div>\n<\/div>\n<div class=\"\" style=\"text-align: justify;\" data-block=\"true\" data-editor=\"ccd21\" data-offset-key=\"24f4b-0-0\">\n<div class=\"_1mf _1mj\" data-offset-key=\"24f4b-0-0\">\n<hr \/>\n<p><span style=\"color: #000000;\" data-offset-key=\"24f4b-0-0\"><span data-text=\"true\"><br \/>\n<\/span><\/span><\/div>\n<\/div>\n<div class=\"\" style=\"text-align: justify;\" data-block=\"true\" data-editor=\"ccd21\" data-offset-key=\"dmpkm-0-0\">\n<div class=\"_1mf _1mj\" data-offset-key=\"dmpkm-0-0\"><span style=\"color: #000000;\">En la \u2018P\u00edndola\u2019 de hoy os hablamos de la Vila de la Bisbal del Pened\u00e8s. \u00bfSab\u00edais que la Bisbal es uno de los tres municipios de la comarca que cuenta con esta distinci\u00f3n? Un honor fruto de una historia poco clara y sorprendente. Esperamos que os guste esta nueva entrega.<\/span><\/div>\n<\/div>\n<div class=\"\" style=\"text-align: justify;\" data-block=\"true\" data-editor=\"ccd21\" data-offset-key=\"ar7g9-0-0\">\n<div class=\"_1mf _1mj\" data-offset-key=\"ar7g9-0-0\"><span style=\"color: #000000;\" data-offset-key=\"ar7g9-0-0\">\u00a0<\/span><\/div>\n<\/div>\n<div class=\"\" data-block=\"true\" data-editor=\"ccd21\" data-offset-key=\"7fik-0-0\">\n<div class=\"_1mf _1mj\" style=\"text-align: justify;\" data-offset-key=\"7fik-0-0\"><span style=\"color: #000000;\" data-offset-key=\"7fik-0-0\"><span data-text=\"true\">La informaci\u00f3n de este nuevo cap\u00edtulo ha sido extra\u00edda del libro \u201cCent anys de la concessi\u00f3 del t\u00edtol de Vila a la Bisbal del Pened\u00e8s\u201d de Joan Latorre Sol\u00e9, editado por el Ayuntamiento de la Bisbal del Pened\u00e8s.<\/span><\/span><\/div>\n<\/div>\n<div class=\"_1mf _1mj\" data-offset-key=\"5298h-0-0\"><span data-offset-key=\"5298h-0-0\"><a href=\"http:\/\/bisbalpenedes.com\/web\/wp-content\/uploads\/2020\/04\/37-1.png\"><img loading=\"lazy\" class=\"aligncenter size-large wp-image-12937\" src=\"http:\/\/bisbalpenedes.com\/web\/wp-content\/uploads\/2020\/04\/37-1-1024x1024.png\" alt=\"PINDOLES BISBALENQUES VILA BISBAL 1\" width=\"630\" height=\"630\" srcset=\"https:\/\/bisbalpenedes.com\/web\/wp-content\/uploads\/2020\/04\/37-1-1024x1024.png 1024w, https:\/\/bisbalpenedes.com\/web\/wp-content\/uploads\/2020\/04\/37-1-300x300.png 300w, https:\/\/bisbalpenedes.com\/web\/wp-content\/uploads\/2020\/04\/37-1-100x100.png 100w, https:\/\/bisbalpenedes.com\/web\/wp-content\/uploads\/2020\/04\/37-1-600x600.png 600w, https:\/\/bisbalpenedes.com\/web\/wp-content\/uploads\/2020\/04\/37-1-150x150.png 150w, https:\/\/bisbalpenedes.com\/web\/wp-content\/uploads\/2020\/04\/37-1-768x768.png 768w, https:\/\/bisbalpenedes.com\/web\/wp-content\/uploads\/2020\/04\/37-1.png 1080w\" sizes=\"(max-width: 630px) 100vw, 630px\" \/><\/a> <a href=\"http:\/\/bisbalpenedes.com\/web\/wp-content\/uploads\/2020\/04\/38.png\"><img loading=\"lazy\" class=\"aligncenter wp-image-12938 \" src=\"http:\/\/bisbalpenedes.com\/web\/wp-content\/uploads\/2020\/04\/38.png\" alt=\"PINDOLES BISBALENQUES VILA BISBAL 2\" width=\"630\" height=\"630\" srcset=\"https:\/\/bisbalpenedes.com\/web\/wp-content\/uploads\/2020\/04\/38.png 1080w, https:\/\/bisbalpenedes.com\/web\/wp-content\/uploads\/2020\/04\/38-300x300.png 300w, https:\/\/bisbalpenedes.com\/web\/wp-content\/uploads\/2020\/04\/38-100x100.png 100w, https:\/\/bisbalpenedes.com\/web\/wp-content\/uploads\/2020\/04\/38-600x600.png 600w, https:\/\/bisbalpenedes.com\/web\/wp-content\/uploads\/2020\/04\/38-150x150.png 150w, https:\/\/bisbalpenedes.com\/web\/wp-content\/uploads\/2020\/04\/38-768x768.png 768w, https:\/\/bisbalpenedes.com\/web\/wp-content\/uploads\/2020\/04\/38-1024x1024.png 1024w\" sizes=\"(max-width: 630px) 100vw, 630px\" \/><\/a> <a href=\"http:\/\/bisbalpenedes.com\/web\/wp-content\/uploads\/2020\/04\/39.png\"><img loading=\"lazy\" class=\"aligncenter wp-image-12939 size-large\" src=\"http:\/\/bisbalpenedes.com\/web\/wp-content\/uploads\/2020\/04\/39-1024x1024.png\" alt=\"PINDOLES BISBALENQUES VILA BISBAL 3\" width=\"630\" height=\"630\" srcset=\"https:\/\/bisbalpenedes.com\/web\/wp-content\/uploads\/2020\/04\/39-1024x1024.png 1024w, https:\/\/bisbalpenedes.com\/web\/wp-content\/uploads\/2020\/04\/39-300x300.png 300w, https:\/\/bisbalpenedes.com\/web\/wp-content\/uploads\/2020\/04\/39-100x100.png 100w, https:\/\/bisbalpenedes.com\/web\/wp-content\/uploads\/2020\/04\/39-600x600.png 600w, https:\/\/bisbalpenedes.com\/web\/wp-content\/uploads\/2020\/04\/39-150x150.png 150w, https:\/\/bisbalpenedes.com\/web\/wp-content\/uploads\/2020\/04\/39-768x768.png 768w, https:\/\/bisbalpenedes.com\/web\/wp-content\/uploads\/2020\/04\/39.png 1080w\" sizes=\"(max-width: 630px) 100vw, 630px\" \/><\/a><\/span><\/div>\n<div class=\"\" data-block=\"true\" data-editor=\"ccd21\" data-offset-key=\"3k3d6-0-0\"><\/div>\n","protected":false},"excerpt":{"rendered":"<p>A la \u2018P\u00edndola\u2019 d\u2019avui us parlem de la Vila de la Bisbal del Pened\u00e8s. Sab\u00edeu que la Bisbal \u00e9s un dels tres municipis de la comarca que compta amb aquesta &hellip; <a href=\"https:\/\/bisbalpenedes.com\/web\/2020\/04\/11\/nou-capitol-de-les-pindoles-bisbalenques-sabieu-que-la-bisbal-es-una-vila\/\" class=\"more-link\">Read More<\/a><\/p>\n","protected":false},"author":4,"featured_media":12936,"comment_status":"closed","ping_status":"closed","sticky":false,"template":"","format":"standard","meta":[],"categories":[13],"tags":[3654,3698,1548,393,3585,3697],"_links":{"self":[{"href":"https:\/\/bisbalpenedes.com\/web\/wp-json\/wp\/v2\/posts\/12935"}],"collection":[{"href":"https:\/\/bisbalpenedes.com\/web\/wp-json\/wp\/v2\/posts"}],"about":[{"href":"https:\/\/bisbalpenedes.com\/web\/wp-json\/wp\/v2\/types\/post"}],"author":[{"embeddable":true,"href":"https:\/\/bisbalpenedes.com\/web\/wp-json\/wp\/v2\/users\/4"}],"replies":[{"embeddable":true,"href":"https:\/\/bisbalpenedes.com\/web\/wp-json\/wp\/v2\/comments?post=12935"}],"version-history":[{"count":1,"href":"https:\/\/bisbalpenedes.com\/web\/wp-json\/wp\/v2\/posts\/12935\/revisions"}],"predecessor-version":[{"id":12940,"href":"https:\/\/bisbalpenedes.com\/web\/wp-json\/wp\/v2\/posts\/12935\/revisions\/12940"}],"wp:featuredmedia":[{"embeddable":true,"href":"https:\/\/bisbalpenedes.com\/web\/wp-json\/wp\/v2\/media\/12936"}],"wp:attachment":[{"href":"https:\/\/bisbalpenedes.com\/web\/wp-json\/wp\/v2\/media?parent=12935"}],"wp:term":[{"taxonomy":"category","embeddable":true,"href":"https:\/\/bisbalpenedes.com\/web\/wp-json\/wp\/v2\/categories?post=12935"},{"taxonomy":"post_tag","embeddable":true,"href":"https:\/\/bisbalpenedes.com\/web\/wp-json\/wp\/v2\/tags?post=12935"}],"curies":[{"name":"wp","href":"https:\/\/api.w.org\/{rel}","templated":true}]}}