{"id":12931,"date":"2020-04-09T20:14:11","date_gmt":"2020-04-09T19:14:11","guid":{"rendered":"http:\/\/bisbalpenedes.com\/web\/?p=12931"},"modified":"2020-04-09T20:17:41","modified_gmt":"2020-04-09T19:17:41","slug":"missatge-de-lalcaldessa-agnes-ferre-amb-motiu-del-covid-19-9042020","status":"publish","type":"post","link":"https:\/\/bisbalpenedes.com\/web\/2020\/04\/09\/missatge-de-lalcaldessa-agnes-ferre-amb-motiu-del-covid-19-9042020\/","title":{"rendered":"Missatge de l&#8217;alcaldessa Agn\u00e8s Ferr\u00e9 amb motiu del Covid-19 (9\/04\/2020)"},"content":{"rendered":"<p style=\"text-align: justify;\"><span style=\"color: #000000;\">Aquest \u00e9s el comunicat que l&#8217;alcaldessa ha fet, a trav\u00e9s d&#8217;un v\u00eddeo, avui dijous al mat\u00ed. L&#8217;hem compartit a les xarxes socials. Us l&#8217;hem transcrit i us el fem arribar tamb\u00e9 en v\u00eddeo per aqu\u00ed, perqu\u00e8 els que no feu servir les xarxes socials tamb\u00e9 pugueu tenir acc\u00e9s a aquesta informaci\u00f3.<\/span><\/p>\n<hr \/>\n<p style=\"text-align: justify;\"><span style=\"color: #000000;\">Este es el comunicado que la alcaldesa ha hecho, a trav\u00e9s de un v\u00eddeo, hoy jueves por la ma\u00f1ana. Lo hemos compartido en las redes sociales. Os lo hemos transcrito y os lo hacemos llegar tambi\u00e9n en v\u00eddeo por aqu\u00ed, para lso que no utiliz\u00e1is las redes sociales tambi\u00e9n pod\u00e1is tener acceso a esta informaci\u00f3n.<\/span><\/p>\n<p style=\"text-align: center;\"><iframe loading=\"lazy\" style=\"border: none; overflow: hidden;\" src=\"https:\/\/www.facebook.com\/plugins\/video.php?href=https%3A%2F%2Fwww.facebook.com%2FAjuntamentBisbalPenedes%2Fvideos%2F530240617676102%2F&amp;show_text=0&amp;width=560\" width=\"560\" height=\"420\" frameborder=\"0\" scrolling=\"no\" allowfullscreen=\"allowfullscreen\"><\/iframe><\/p>\n<p style=\"text-align: justify;\"><span style=\"color: #000000;\">Bisbalencs i bisbalenques,<\/span><\/p>\n<p style=\"text-align: justify;\"><span style=\"color: #000000;\">Portem quatre setmanes de confinament i vull primer de tot refermar-me en l\u2019agra\u00efment a tots vosaltres per quedar-vos a casa i seguir les indicacions de les autoritats sanit\u00e0ries.<\/span><\/p>\n<p style=\"text-align: justify;\"><span style=\"color: #000000;\">Estem a les portes dels dies festius de Setmana Santa i els altres anys compart\u00edem aquests dies amb tots els que hi teniu segones resid\u00e8ncies.<\/span><\/p>\n<p style=\"text-align: justify;\"><span style=\"color: #000000;\">Aquest any \u00e9s diferent per l\u2019estat d\u2019alarma del Covid-19 i s\u00f3c conscient que molts de vosaltres us heu quedat a casa i no heu vingut a la segona casa. Per\u00f2 segueixen havent-hi persones que venen els caps de setmana i es plantegen venir aquests dies festius, posant en perill la seva salut per\u00f2 tamb\u00e9 posant en perill la salut dels bisbalencs i bisbalenques.<\/span><\/p>\n<p style=\"text-align: justify;\"><span style=\"color: #000000;\">Els Mossos d\u2019Esquadra estan fent controls amb imposici\u00f3 de multes per qui no ho compleixi a punts d\u2019entrada del municipi, per\u00f2 no \u00e9s suficient. Cal que les autoritats de l\u2019\u00e0rea metropolitana hi posin m\u00e0 i tamb\u00e9 la Generalitat, posant controls a les sortides de l\u2019\u00e0rea metropolitana.<\/span><\/p>\n<p style=\"text-align: justify;\"><span style=\"color: #000000;\">M\u2019adre\u00e7o als que teniu pensat venir avui cap a la Bisbal. Si no sou conscients que \u00e9s per la vostra seguretat, feu-ho per la gent que vivim aqu\u00ed tot l\u2019any.<\/span><\/p>\n<p style=\"text-align: justify;\"><span style=\"color: #000000;\">Ens queden dies encara de confinament i, despr\u00e9s, hem de seguir prenent les mesures. El covid-19 no desapareix d\u2019un dia per altre sin\u00f3 que cal seguir les indicacions sanit\u00e0ries.<\/span><\/p>\n<p style=\"text-align: justify;\"><span style=\"color: #000000;\">Una forta abra\u00e7ada als ve\u00efns i ve\u00efnes que esteu lluitant a casa o a l\u2019hospital contra el covid-19.<\/span><\/p>\n<p style=\"text-align: justify;\"><span style=\"color: #000000;\">Ens en sortirem lluitant-hi tots junts.<\/span><\/p>\n<hr \/>\n<p style=\"text-align: justify;\"><span style=\"color: #000000;\"><em>Bisbalencs<\/em>\u00a0y <em>bisbalenques<\/em>,<\/span><\/p>\n<p style=\"text-align: justify;\"><span style=\"color: #000000;\">Llevamos cuatro semanas de confinamiento y, primero de todo, quiero volver a insistir en agradeceros, a todos vosotros, que os qued\u00e9is en casa y sig\u00e1is las indicaciones de las autoridades sanitarias.<\/span><\/p>\n<p style=\"text-align: justify;\"><span style=\"color: #000000;\">Estamos a las puertas de los d\u00edas festivos de Semana Santa y los otros a\u00f1os compart\u00edamos estos d\u00edas con todos los que ten\u00e9is segundas residencias aqu\u00ed.<\/span><\/p>\n<p style=\"text-align: justify;\"><span style=\"color: #000000;\">Este a\u00f1o es distinto por el estado de alarma del Covid-19 y soy consciente que muchos de vosotros os hab\u00e9is quedado en casa y no hab\u00e9is venido a la segunda casa. Pero siguen habiendo personas que vienen los fines de semana y se plantean venir estos d\u00edas festivos, poniendo en peligro su salud pero tambi\u00e9n la salud de los <em>bisbalencs<\/em>\u00a0y\u00a0<em>bisbalenques.<\/em><\/span><\/p>\n<p style=\"text-align: justify;\"><span style=\"color: #000000;\">Los Mossos d\u2019Esquadra est\u00e1n haciendo controles con imposici\u00f3n de multas para qui\u00e9n no cumpla en puntos de entrada del municipio, pero no es suficiente. Es necesario que las autoridades del \u00e1rea metropolitana intervengan y tambi\u00e9n la Generalitat, poniendo controles en las salidas del \u00e1rea metropolitana.<\/span><\/p>\n<p style=\"text-align: justify;\"><span style=\"color: #000000;\">Me dirijo a todos los que ten\u00e9is pensado venir hoy hacia la Bisbal. Si no sois conscientes de que es por vuestra seguridad, hacedlo por la gente que vivimos aqu\u00ed todo el a\u00f1o.<\/span><\/p>\n<p style=\"text-align: justify;\"><span style=\"color: #000000;\">Nos quedan d\u00edas todav\u00eda de confinamiento y, despu\u00e9s, debemos seguir tomando medidas. El covid-19 no desaparece de un d\u00eda para el otro sino que hay que seguir las indicaciones sanitarias.<\/span><\/p>\n<p style=\"text-align: justify;\"><span style=\"color: #000000;\">Un fuerte abrazo a los vecinos y vecinas que est\u00e1is luchando en casa o en el hospital contra el covid-19.<\/span><\/p>\n<p style=\"text-align: justify;\"><span style=\"color: #000000;\">Saldremos adelante luchando todos juntos.<\/span><\/p>\n","protected":false},"excerpt":{"rendered":"<p>Aquest \u00e9s el comunicat que l&#8217;alcaldessa ha fet, a trav\u00e9s d&#8217;un v\u00eddeo, avui dijous al mat\u00ed. L&#8217;hem compartit a les xarxes socials. Us l&#8217;hem transcrit i us el fem arribar &hellip; <a href=\"https:\/\/bisbalpenedes.com\/web\/2020\/04\/09\/missatge-de-lalcaldessa-agnes-ferre-amb-motiu-del-covid-19-9042020\/\" class=\"more-link\">Read More<\/a><\/p>\n","protected":false},"author":4,"featured_media":12933,"comment_status":"closed","ping_status":"closed","sticky":false,"template":"","format":"standard","meta":[],"categories":[2057,3636],"tags":[3628,2092,3550,3559,3696,3666],"_links":{"self":[{"href":"https:\/\/bisbalpenedes.com\/web\/wp-json\/wp\/v2\/posts\/12931"}],"collection":[{"href":"https:\/\/bisbalpenedes.com\/web\/wp-json\/wp\/v2\/posts"}],"about":[{"href":"https:\/\/bisbalpenedes.com\/web\/wp-json\/wp\/v2\/types\/post"}],"author":[{"embeddable":true,"href":"https:\/\/bisbalpenedes.com\/web\/wp-json\/wp\/v2\/users\/4"}],"replies":[{"embeddable":true,"href":"https:\/\/bisbalpenedes.com\/web\/wp-json\/wp\/v2\/comments?post=12931"}],"version-history":[{"count":1,"href":"https:\/\/bisbalpenedes.com\/web\/wp-json\/wp\/v2\/posts\/12931\/revisions"}],"predecessor-version":[{"id":12932,"href":"https:\/\/bisbalpenedes.com\/web\/wp-json\/wp\/v2\/posts\/12931\/revisions\/12932"}],"wp:featuredmedia":[{"embeddable":true,"href":"https:\/\/bisbalpenedes.com\/web\/wp-json\/wp\/v2\/media\/12933"}],"wp:attachment":[{"href":"https:\/\/bisbalpenedes.com\/web\/wp-json\/wp\/v2\/media?parent=12931"}],"wp:term":[{"taxonomy":"category","embeddable":true,"href":"https:\/\/bisbalpenedes.com\/web\/wp-json\/wp\/v2\/categories?post=12931"},{"taxonomy":"post_tag","embeddable":true,"href":"https:\/\/bisbalpenedes.com\/web\/wp-json\/wp\/v2\/tags?post=12931"}],"curies":[{"name":"wp","href":"https:\/\/api.w.org\/{rel}","templated":true}]}}