{"id":12916,"date":"2020-04-09T06:57:49","date_gmt":"2020-04-09T05:57:49","guid":{"rendered":"http:\/\/bisbalpenedes.com\/web\/?p=12916"},"modified":"2020-04-09T06:57:49","modified_gmt":"2020-04-09T05:57:49","slug":"guies-del-collegi-de-psicologia-de-catalunya-per-afrontar-la-situacio-generada-pel-covid-19","status":"publish","type":"post","link":"https:\/\/bisbalpenedes.com\/web\/2020\/04\/09\/guies-del-collegi-de-psicologia-de-catalunya-per-afrontar-la-situacio-generada-pel-covid-19\/","title":{"rendered":"Guies del Col\u00b7legi de Psicologia de Catalunya per afrontar la situaci\u00f3 generada pel Covid-19"},"content":{"rendered":"<div class=\"\" data-block=\"true\" data-editor=\"1s75b\" data-offset-key=\"9q06b-0-0\">\n<div class=\"_1mf _1mj\" data-offset-key=\"9q06b-0-0\"><span style=\"color: #000000;\">Us facilitem un enlla\u00e7 on podeu trobar tres guies del Col\u00b7legi Oficial de Psicologia de Catalunya que podrien ser del vostre inter\u00e8s o de la vostra ajuda.<\/span><\/div>\n<\/div>\n<div class=\"\" data-block=\"true\" data-editor=\"1s75b\" data-offset-key=\"cumo4-0-0\">\n<div class=\"_1mf _1mj\" data-offset-key=\"cumo4-0-0\"><span style=\"color: #000000;\">Hi trobareu els seg\u00fcents documents:<\/span><\/div>\n<\/div>\n<div class=\"\" data-block=\"true\" data-editor=\"1s75b\" data-offset-key=\"54eru-0-0\">\n<ul>\n<li><span style=\"color: #000000;\">Guia per a la gesti\u00f3 de les relacions i la conviv\u00e8ncia durant el confinament per l&#8217;epid\u00e8mia de Covid-19<\/span><\/li>\n<\/ul>\n<\/div>\n<div class=\"\" data-block=\"true\" data-editor=\"1s75b\" data-offset-key=\"eovti-0-0\">\n<ul>\n<li><span style=\"color: #000000;\">Recomanacions de gesti\u00f3 psicol\u00f2gica durant quarantenes per malalties infeccioses<\/span><\/li>\n<\/ul>\n<\/div>\n<div class=\"\" data-block=\"true\" data-editor=\"1s75b\" data-offset-key=\"399s5-0-0\">\n<ul>\n<li><span style=\"color: #000000;\">Recomanacions per afrontar la mort d&#8217;una persona estimada durant el confinament per l&#8217;epid\u00e8mia de Covid-19<\/span><\/li>\n<\/ul>\n<\/div>\n<div class=\"\" data-block=\"true\" data-editor=\"1s75b\" data-offset-key=\"d83eu-0-0\">\n<div class=\"_1mf _1mj\" data-offset-key=\"d83eu-0-0\"><\/div>\n<\/div>\n<div class=\"\" data-block=\"true\" data-editor=\"1s75b\" data-offset-key=\"8hrco-0-0\">\n<div class=\"_1mf _1mj\" data-offset-key=\"8hrco-0-0\"><span style=\"color: #000000;\">Enlla\u00e7:<\/span>\u00a0<a href=\"https:\/\/interior.gencat.cat\/es\/arees_dactuacio\/proteccio_civil\/consells_autoproteccio_emergencia\/malalties-transmissibles-emergents-amb-potencial-alt-risc-\/consells-per-a-lautocura\/index.html\" target=\"_blank\">https:\/\/interior.gencat.cat\/es\/arees_dactuacio\/proteccio_civil\/consells_autoproteccio_emergencia\/malalties-transmissibles-emergents-amb-potencial-alt-risc-\/consells-per-a-lautocura\/index.html<\/a><\/div>\n<div class=\"_1mf _1mj\" data-offset-key=\"8hrco-0-0\"><\/div>\n<\/div>\n<div class=\"\" data-block=\"true\" data-editor=\"1s75b\" data-offset-key=\"e1h4b-0-0\">\n<div class=\"_1mf _1mj\" data-offset-key=\"e1h4b-0-0\">\n<hr \/>\n<\/div>\n<\/div>\n<div class=\"\" data-block=\"true\" data-editor=\"1s75b\" data-offset-key=\"btn47-0-0\">\n<div class=\"_1mf _1mj\" data-offset-key=\"btn47-0-0\"><\/div>\n<\/div>\n<div class=\"\" data-block=\"true\" data-editor=\"1s75b\" data-offset-key=\"fkeed-0-0\">\n<div class=\"_1mf _1mj\" data-offset-key=\"fkeed-0-0\"><span style=\"color: #000000;\"><strong>CASTELLANO |<\/strong> Os facilitamos un enlace donde pod\u00e9is encontrar tres gu\u00edas del Col\u00b7legi Oficial de Psicologia de Catalunya que podr\u00edan ser de vuestro inter\u00e9s o de vuestra ayuda.<\/span><\/div>\n<\/div>\n<div class=\"\" data-block=\"true\" data-editor=\"1s75b\" data-offset-key=\"bq6pl-0-0\">\n<div class=\"_1mf _1mj\" data-offset-key=\"bq6pl-0-0\"><span style=\"color: #000000;\">En \u00e9l, encontrar\u00e9is los siguientes documentos:<\/span><\/div>\n<\/div>\n<div class=\"\" data-block=\"true\" data-editor=\"1s75b\" data-offset-key=\"dkhmf-0-0\">\n<ul>\n<li><span style=\"color: #000000;\">Gu\u00eda para la gesti\u00f3n de las relaciones y la convivencia durante el confinamiento por la epidemia de Covid-19<\/span><\/li>\n<\/ul>\n<\/div>\n<div class=\"\" data-block=\"true\" data-editor=\"1s75b\" data-offset-key=\"aducd-0-0\">\n<ul>\n<li><span style=\"color: #000000;\">Recomendaciones para la gesti\u00f3n psicol\u00f3gica durante las cuarentenas por enfermedades infecciosas<\/span><\/li>\n<\/ul>\n<\/div>\n<div class=\"\" data-block=\"true\" data-editor=\"1s75b\" data-offset-key=\"4btde-0-0\">\n<ul>\n<li><span style=\"color: #000000;\">Recomendaciones para afrontar la muerte de una persona querida durante el confinamiento por la epidemia de Covid-19<\/span><\/li>\n<\/ul>\n<\/div>\n<div class=\"\" data-block=\"true\" data-editor=\"1s75b\" data-offset-key=\"d3g98-0-0\">\n<div class=\"_1mf _1mj\" data-offset-key=\"d3g98-0-0\"><\/div>\n<\/div>\n<div class=\"\" data-block=\"true\" data-editor=\"1s75b\" data-offset-key=\"75gif-0-0\">\n<div class=\"_1mf _1mj\" data-offset-key=\"75gif-0-0\"><span style=\"color: #000000;\">Enlace:<\/span>\u00a0<a href=\"https:\/\/interior.gencat.cat\/es\/arees_dactuacio\/proteccio_civil\/consells_autoproteccio_emergencia\/malalties-transmissibles-emergents-amb-potencial-alt-risc-\/consells-per-a-lautocura\/index.html\" target=\"_blank\">https:\/\/interior.gencat.cat\/es\/arees_dactuacio\/proteccio_civil\/consells_autoproteccio_emergencia\/malalties-transmissibles-emergents-amb-potencial-alt-risc-\/consells-per-a-lautocura\/index.html<\/a><\/div>\n<\/div>\n","protected":false},"excerpt":{"rendered":"<p>Us facilitem un enlla\u00e7 on podeu trobar tres guies del Col\u00b7legi Oficial de Psicologia de Catalunya que podrien ser del vostre inter\u00e8s o de la vostra ajuda. Hi trobareu els &hellip; <a href=\"https:\/\/bisbalpenedes.com\/web\/2020\/04\/09\/guies-del-collegi-de-psicologia-de-catalunya-per-afrontar-la-situacio-generada-pel-covid-19\/\" class=\"more-link\">Read More<\/a><\/p>\n","protected":false},"author":4,"featured_media":12917,"comment_status":"closed","ping_status":"closed","sticky":false,"template":"","format":"standard","meta":[],"categories":[3636,14],"tags":[3586,3686,3685,1190,501,3687,3519],"_links":{"self":[{"href":"https:\/\/bisbalpenedes.com\/web\/wp-json\/wp\/v2\/posts\/12916"}],"collection":[{"href":"https:\/\/bisbalpenedes.com\/web\/wp-json\/wp\/v2\/posts"}],"about":[{"href":"https:\/\/bisbalpenedes.com\/web\/wp-json\/wp\/v2\/types\/post"}],"author":[{"embeddable":true,"href":"https:\/\/bisbalpenedes.com\/web\/wp-json\/wp\/v2\/users\/4"}],"replies":[{"embeddable":true,"href":"https:\/\/bisbalpenedes.com\/web\/wp-json\/wp\/v2\/comments?post=12916"}],"version-history":[{"count":1,"href":"https:\/\/bisbalpenedes.com\/web\/wp-json\/wp\/v2\/posts\/12916\/revisions"}],"predecessor-version":[{"id":12918,"href":"https:\/\/bisbalpenedes.com\/web\/wp-json\/wp\/v2\/posts\/12916\/revisions\/12918"}],"wp:featuredmedia":[{"embeddable":true,"href":"https:\/\/bisbalpenedes.com\/web\/wp-json\/wp\/v2\/media\/12917"}],"wp:attachment":[{"href":"https:\/\/bisbalpenedes.com\/web\/wp-json\/wp\/v2\/media?parent=12916"}],"wp:term":[{"taxonomy":"category","embeddable":true,"href":"https:\/\/bisbalpenedes.com\/web\/wp-json\/wp\/v2\/categories?post=12916"},{"taxonomy":"post_tag","embeddable":true,"href":"https:\/\/bisbalpenedes.com\/web\/wp-json\/wp\/v2\/tags?post=12916"}],"curies":[{"name":"wp","href":"https:\/\/api.w.org\/{rel}","templated":true}]}}