{"id":1291,"date":"2015-09-08T14:44:00","date_gmt":"2015-09-08T08:44:00","guid":{"rendered":"http:\/\/bisbalpenedes.com\/web\/?p=1291"},"modified":"2015-09-08T14:44:00","modified_gmt":"2015-09-08T08:44:00","slug":"diada-nacional-de-catalunya-actes","status":"publish","type":"post","link":"https:\/\/bisbalpenedes.com\/web\/2015\/09\/08\/diada-nacional-de-catalunya-actes\/","title":{"rendered":"Diada Nacional de Catalunya, actes"},"content":{"rendered":"<p>Diada Nacional de Catalunya, 11 de Setembre de 2015, La Bisbal del Pened\u00e8s<\/p>\n<p><strong>Dijous 10 de setembre<\/strong><\/p>\n<p>A les 20.00 h a la pla\u00e7a de l\u2019Esgl\u00e9sia,<br \/>\nACTE INSTITUCIONAL a c\u00e0rrec d\u2019Agn\u00e8s Ferr\u00e9, alcaldessa de la Bisbal del Pened\u00e8s, i Eva Serrami\u00e0, presidenta del Consell Comarcal del Baix Pened\u00e8s. Lectura de la GLOSSA de la Diada.<br \/>\nTot seguit, ACTUACI\u00d3 dels Geganters i Grallers de la Societat, el Ball de Diables i la colla castellera Els Bous, de la Bisbal.<br \/>\nA continuaci\u00f3, pausa i TASTET de pa amb tom\u00e0quet amb botifarra blanca i negra i vi de la Cooperativa.<br \/>\nPer finalitzar, ACTUACI\u00d3 del grup La Veu Humana que interpretar\u00e0 diferents can\u00e7ons catalanes.<\/p>\n<p><strong>Divendres 11 de setembre<\/strong><\/p>\n<p>D\u201911.30 a 13.00 h a la pla\u00e7a Pau Casals, JOCS INFANTILS a c\u00e0rrec dels Esventats.<br \/>\nA les 21.30 h, a la pla\u00e7a de l\u2019Esgl\u00e9sia,<br \/>\nACTUACI\u00d3 de l\u2019Esbart Dansaire Santa Eul\u00e0lia de Banyeres del Pened\u00e8s, i degustaci\u00f3 de ROM CREMAT.<a href=\"http:\/\/bisbalpenedes.com\/web\/wp-content\/uploads\/2015\/09\/diada-2015-bpetit.jpg\"><img loading=\"lazy\" src=\"http:\/\/bisbalpenedes.com\/web\/wp-content\/uploads\/2015\/09\/diada-2015-bpetit.jpg\" alt=\"\" title=\"diada-2015-bpetit\" width=\"1169\" height=\"1653\" class=\"alignleft size-full wp-image-1292\" srcset=\"https:\/\/bisbalpenedes.com\/web\/wp-content\/uploads\/2015\/09\/diada-2015-bpetit.jpg 1169w, https:\/\/bisbalpenedes.com\/web\/wp-content\/uploads\/2015\/09\/diada-2015-bpetit-600x848.jpg 600w, https:\/\/bisbalpenedes.com\/web\/wp-content\/uploads\/2015\/09\/diada-2015-bpetit-212x300.jpg 212w, https:\/\/bisbalpenedes.com\/web\/wp-content\/uploads\/2015\/09\/diada-2015-bpetit-724x1024.jpg 724w\" sizes=\"(max-width: 1169px) 100vw, 1169px\" \/><\/a><\/p>\n","protected":false},"excerpt":{"rendered":"<p>Diada Nacional de Catalunya, 11 de Setembre de 2015, La Bisbal del Pened\u00e8s Dijous 10 de setembre A les 20.00 h a la pla\u00e7a de l\u2019Esgl\u00e9sia, ACTE INSTITUCIONAL a c\u00e0rrec &hellip; <a href=\"https:\/\/bisbalpenedes.com\/web\/2015\/09\/08\/diada-nacional-de-catalunya-actes\/\" class=\"more-link\">Read More<\/a><\/p>\n","protected":false},"author":1,"featured_media":1292,"comment_status":"closed","ping_status":"open","sticky":false,"template":"","format":"standard","meta":[],"categories":[13],"tags":[30],"_links":{"self":[{"href":"https:\/\/bisbalpenedes.com\/web\/wp-json\/wp\/v2\/posts\/1291"}],"collection":[{"href":"https:\/\/bisbalpenedes.com\/web\/wp-json\/wp\/v2\/posts"}],"about":[{"href":"https:\/\/bisbalpenedes.com\/web\/wp-json\/wp\/v2\/types\/post"}],"author":[{"embeddable":true,"href":"https:\/\/bisbalpenedes.com\/web\/wp-json\/wp\/v2\/users\/1"}],"replies":[{"embeddable":true,"href":"https:\/\/bisbalpenedes.com\/web\/wp-json\/wp\/v2\/comments?post=1291"}],"version-history":[{"count":1,"href":"https:\/\/bisbalpenedes.com\/web\/wp-json\/wp\/v2\/posts\/1291\/revisions"}],"predecessor-version":[{"id":1293,"href":"https:\/\/bisbalpenedes.com\/web\/wp-json\/wp\/v2\/posts\/1291\/revisions\/1293"}],"wp:featuredmedia":[{"embeddable":true,"href":"https:\/\/bisbalpenedes.com\/web\/wp-json\/wp\/v2\/media\/1292"}],"wp:attachment":[{"href":"https:\/\/bisbalpenedes.com\/web\/wp-json\/wp\/v2\/media?parent=1291"}],"wp:term":[{"taxonomy":"category","embeddable":true,"href":"https:\/\/bisbalpenedes.com\/web\/wp-json\/wp\/v2\/categories?post=1291"},{"taxonomy":"post_tag","embeddable":true,"href":"https:\/\/bisbalpenedes.com\/web\/wp-json\/wp\/v2\/tags?post=1291"}],"curies":[{"name":"wp","href":"https:\/\/api.w.org\/{rel}","templated":true}]}}