{"id":12898,"date":"2020-04-08T16:25:32","date_gmt":"2020-04-08T15:25:32","guid":{"rendered":"http:\/\/bisbalpenedes.com\/web\/?p=12898"},"modified":"2020-04-08T16:26:55","modified_gmt":"2020-04-08T15:26:55","slug":"lalcaldessa-ha-signat-la-carta-que-189-batlles-catalans-han-trames-al-president-del-govern-espanyol-per-demanar-que-rectifiqui-en-la-decisio-de-retallar-en-un-55-la-partida-destinada-a-politiques-ac","status":"publish","type":"post","link":"https:\/\/bisbalpenedes.com\/web\/2020\/04\/08\/lalcaldessa-ha-signat-la-carta-que-189-batlles-catalans-han-trames-al-president-del-govern-espanyol-per-demanar-que-rectifiqui-en-la-decisio-de-retallar-en-un-55-la-partida-destinada-a-politiques-ac\/","title":{"rendered":"L&#8217;alcaldessa ha signat la carta que 189 batlles catalans han tram\u00e8s al president del govern espanyol per demanar que rectifiqui en la decisi\u00f3 de retallar en un 55% el fons de pol\u00edtiques actives d&#8217;ocupaci\u00f3"},"content":{"rendered":"<p><span style=\"color: #000000;\"><strong>L\u2019alcaldessa Agn\u00e8s Ferr\u00e9 s\u2019ha adherit a la petici\u00f3 de 189 alcaldes i alcaldesses catalans perqu\u00e8 el Govern espanyol rectifiqui en la decisi\u00f3 de retallar en un 55% la partida destinada\u00a0a pol\u00edtiques actives d\u2019ocupaci\u00f3<\/strong><\/span><\/p>\n<p><span style=\"color: #000000;\">L\u2019alcaldessa Agn\u00e8s Ferr\u00e9, que alhora \u00e9s la responsable de la Regidoria d\u2019Ocupaci\u00f3 de l\u2019Ajuntament de la Bisbal del Pened\u00e8s, ha signat la carta que 189 alcaldes i alcaldesses catalans han tram\u00e8s al president del govern espanyol, Pedro S\u00e1nchez, per demanar-li que rectifiqui en la decisi\u00f3 de retallar en un 55% els fons destinats a pol\u00edtiques actives d\u2019ocupaci\u00f3 a Catalunya. A la carta, els alcaldes i alcaldesses demanen \u201cpoder oferir perspectives de futur als ve\u00efns i ve\u00efnes que lamentablement quedaran sense feina per aquesta crisi\u201d i sol\u00b7liciten al president del govern espanyol que reconsideri la decisi\u00f3 perqu\u00e8 \u201caltrament, no podrem garantir els serveis p\u00fablics d\u2019ocupaci\u00f3 que necessitarem un cop acabi l\u2019emerg\u00e8ncia sanit\u00e0ria\u201d.<\/span><\/p>\n<p><span style=\"color: #000000;\">Podeu llegir la carta en aquest enlla\u00e7:\u00a0<a href=\"http:\/\/bisbalpenedes.com\/web\/wp-content\/uploads\/2020\/04\/Carta-al-president-del-govern-espanyol-Pedro-Sanchez-Abril-de-2020.pdf\">Carta al president del govern espanyol Pedro Sanchez &#8211; Abril de 2020<\/a><\/span><\/p>\n<hr \/>\n<p><span style=\"color: #000000;\"><strong>CASTELLANO | La alcaldesa Agn\u00e8s Ferr\u00e9 se ha adherido a la petici\u00f3n de 189 alcaldes y alcaldesas catalanes para que el Gobierno espa\u00f1ol rectifique en la decisi\u00f3n de recortar en un 55% la partida destinada a pol\u00edticas activas de ocupaci\u00f3n<\/strong><\/span><\/p>\n<p><span style=\"color: #000000;\">La alcaldesa Agn\u00e8s Ferr\u00e9, que tambi\u00e9n es la responsable de la Concejal\u00eda de Ocupaci\u00f3n del Ayuntamiento de la Bisbal del Pened\u00e8s, ha firmado la carta que 189 alcaldes y alcaldesas catalanes han hecho llegar al presidente del gobierno espa\u00f1ol, Pedro S\u00e1nchez, para pedirle que rectifique en la decisi\u00f3n de recortar en un 55% los fondos destinados a pol\u00edticas activas de ocupaci\u00f3n en Catalunya. En la carta, los alcaldes y alcaldesas piden \u201cpoder ofrecer perspectivas de futuro a los vecinos y vecinas que lamentablemente se quedar\u00e1n si trabajo por esta crisis\u201d y solicitan al presidente del gobierno espa\u00f1ol que reconsidere la decisi\u00f3n porqu\u00e9 \u201cde lo contrario, no podremos garantizar los servicios p\u00fablicos de ocupaci\u00f3n que necesitaremos una vez termine la emergencia sanitaria\u201d.<\/span><\/p>\n<p><span style=\"color: #000000;\">Pod\u00e9is leer la carta en este enlace:\u00a0<a href=\"http:\/\/bisbalpenedes.com\/web\/wp-content\/uploads\/2020\/04\/Carta-al-president-del-govern-espanyol-Pedro-Sanchez-Abril-de-2020.pdf\">Carta al president del govern espanyol Pedro Sanchez &#8211; Abril de 2020<\/a><\/span><\/p>\n","protected":false},"excerpt":{"rendered":"<p>L\u2019alcaldessa Agn\u00e8s Ferr\u00e9 s\u2019ha adherit a la petici\u00f3 de 189 alcaldes i alcaldesses catalans perqu\u00e8 el Govern espanyol rectifiqui en la decisi\u00f3 de retallar en un 55% la partida destinada\u00a0a &hellip; <a href=\"https:\/\/bisbalpenedes.com\/web\/2020\/04\/08\/lalcaldessa-ha-signat-la-carta-que-189-batlles-catalans-han-trames-al-president-del-govern-espanyol-per-demanar-que-rectifiqui-en-la-decisio-de-retallar-en-un-55-la-partida-destinada-a-politiques-ac\/\" class=\"more-link\">Read More<\/a><\/p>\n","protected":false},"author":4,"featured_media":12511,"comment_status":"closed","ping_status":"closed","sticky":false,"template":"","format":"standard","meta":[],"categories":[2057,3636],"tags":[1151,2092,2697,3550,3559,10],"_links":{"self":[{"href":"https:\/\/bisbalpenedes.com\/web\/wp-json\/wp\/v2\/posts\/12898"}],"collection":[{"href":"https:\/\/bisbalpenedes.com\/web\/wp-json\/wp\/v2\/posts"}],"about":[{"href":"https:\/\/bisbalpenedes.com\/web\/wp-json\/wp\/v2\/types\/post"}],"author":[{"embeddable":true,"href":"https:\/\/bisbalpenedes.com\/web\/wp-json\/wp\/v2\/users\/4"}],"replies":[{"embeddable":true,"href":"https:\/\/bisbalpenedes.com\/web\/wp-json\/wp\/v2\/comments?post=12898"}],"version-history":[{"count":3,"href":"https:\/\/bisbalpenedes.com\/web\/wp-json\/wp\/v2\/posts\/12898\/revisions"}],"predecessor-version":[{"id":12902,"href":"https:\/\/bisbalpenedes.com\/web\/wp-json\/wp\/v2\/posts\/12898\/revisions\/12902"}],"wp:featuredmedia":[{"embeddable":true,"href":"https:\/\/bisbalpenedes.com\/web\/wp-json\/wp\/v2\/media\/12511"}],"wp:attachment":[{"href":"https:\/\/bisbalpenedes.com\/web\/wp-json\/wp\/v2\/media?parent=12898"}],"wp:term":[{"taxonomy":"category","embeddable":true,"href":"https:\/\/bisbalpenedes.com\/web\/wp-json\/wp\/v2\/categories?post=12898"},{"taxonomy":"post_tag","embeddable":true,"href":"https:\/\/bisbalpenedes.com\/web\/wp-json\/wp\/v2\/tags?post=12898"}],"curies":[{"name":"wp","href":"https:\/\/api.w.org\/{rel}","templated":true}]}}