{"id":12892,"date":"2020-04-08T13:12:57","date_gmt":"2020-04-08T12:12:57","guid":{"rendered":"http:\/\/bisbalpenedes.com\/web\/?p=12892"},"modified":"2020-04-08T13:12:57","modified_gmt":"2020-04-08T12:12:57","slug":"nou-capitol-de-les-pindoles-bisbalenques-lorigen-del-nom-de-la-bisbal","status":"publish","type":"post","link":"https:\/\/bisbalpenedes.com\/web\/2020\/04\/08\/nou-capitol-de-les-pindoles-bisbalenques-lorigen-del-nom-de-la-bisbal\/","title":{"rendered":"Nou cap\u00edtol de les &#8216;P\u00edndoles Bisbalenques&#8217;: l&#8217;origen del nom de la &#8216;Bisbal&#8217;"},"content":{"rendered":"<div class=\"\" data-block=\"true\" data-editor=\"9e4qg\" data-offset-key=\"68fh1-0-0\">\n<div class=\"_1mf _1mj\" style=\"text-align: justify;\" data-offset-key=\"68fh1-0-0\"><span style=\"color: #000000;\" data-offset-key=\"68fh1-0-0\"><span data-text=\"true\">Avui descobrirem d&#8217;on ve el nom de la Bisbal -o no- perqu\u00e8 hi ha diverses teories al respecte. La P\u00edndola Bisbalenca d&#8217;avui tracta d&#8217;aix\u00f2.<\/span><\/span><\/div>\n<\/div>\n<div class=\"\" style=\"text-align: justify;\" data-block=\"true\" data-editor=\"9e4qg\" data-offset-key=\"4pv1h-0-0\">\n<div class=\"_1mf _1mj\" data-offset-key=\"4pv1h-0-0\"><span style=\"color: #000000;\" data-offset-key=\"4pv1h-0-0\"><span data-text=\"true\">Per m\u00e9s informaci\u00f3 sobre l&#8217;origen etimol\u00f2gic de la Bisbal aqu\u00ed exposat podeu consultar diverses obres: &#8220;Bisbal Hist\u00f2rica&#8221;, de Joan Sol\u00e9 Caralt, &#8220;La Bisbal el llarg batec d&#8217;un poble al Pened\u00e8s&#8221; i &#8220;Hist\u00f2ries de la Bisbal mil\u00b7len\u00e0ria&#8221;, ambd\u00f3s de Benjam\u00ed Catal\u00e0 Benach&#8221;.<\/span><\/span><\/div>\n<\/div>\n<div class=\"\" style=\"text-align: justify;\" data-block=\"true\" data-editor=\"9e4qg\" data-offset-key=\"847h9-0-0\">\n<div class=\"_1mf _1mj\" data-offset-key=\"847h9-0-0\"><span style=\"color: #000000;\" data-offset-key=\"847h9-0-0\">\u00a0<\/span><\/div>\n<\/div>\n<div class=\"\" style=\"text-align: justify;\" data-block=\"true\" data-editor=\"9e4qg\" data-offset-key=\"8uqv5-0-0\">\n<div class=\"_1mf _1mj\" data-offset-key=\"8uqv5-0-0\">\n<hr \/>\n<p><span style=\"color: #000000;\" data-offset-key=\"8uqv5-0-0\"><span data-text=\"true\"><br \/>\n<\/span><\/span><\/div>\n<\/div>\n<div class=\"\" style=\"text-align: justify;\" data-block=\"true\" data-editor=\"9e4qg\" data-offset-key=\"cjm1l-0-0\">\n<div class=\"_1mf _1mj\" data-offset-key=\"cjm1l-0-0\"><span style=\"color: #000000;\"><strong>CASTELLANO |<\/strong> Hoy descubriremos de d\u00f3nde viene el nombre de la Bisbal -o no- porqu\u00e9 hay varias teor\u00edas al respecto. La &#8216;P\u00edndola Bisbalenca&#8217; de hoy trata sobre este tema.<\/span><\/div>\n<\/div>\n<div class=\"\" data-block=\"true\" data-editor=\"9e4qg\" data-offset-key=\"8lskd-0-0\">\n<div class=\"_1mf _1mj\" style=\"text-align: justify;\" data-offset-key=\"8lskd-0-0\"><span style=\"color: #000000;\" data-offset-key=\"8lskd-0-0\"><span data-text=\"true\">Para m\u00e1s informaci\u00f3n pod\u00e9is consultar varias obras: &#8220;Bisbal Hist\u00f2rica&#8221;, de Joan Sol\u00e9 Caralt, &#8220;la Bisbal el llarg batec d&#8217;un poble al Pened\u00e8s&#8221; y &#8220;Hist\u00f2ries de la Bisbal mil\u00b7len\u00e0ria&#8221;, ambos de Benjam\u00ed Catal\u00e0 Benach&#8221;.<\/span><\/span><\/div>\n<div class=\"_1mf _1mj\" style=\"text-align: justify;\" data-offset-key=\"8lskd-0-0\"><\/div>\n<div class=\"_1mf _1mj\" style=\"text-align: justify;\" data-offset-key=\"8lskd-0-0\"><a href=\"http:\/\/bisbalpenedes.com\/web\/wp-content\/uploads\/2020\/04\/34.png\"><img loading=\"lazy\" class=\"aligncenter size-large wp-image-12893\" src=\"http:\/\/bisbalpenedes.com\/web\/wp-content\/uploads\/2020\/04\/34-1024x1024.png\" alt=\"PINDOLA NOM BISBAL 1\" width=\"630\" height=\"630\" srcset=\"https:\/\/bisbalpenedes.com\/web\/wp-content\/uploads\/2020\/04\/34-1024x1024.png 1024w, https:\/\/bisbalpenedes.com\/web\/wp-content\/uploads\/2020\/04\/34-300x300.png 300w, https:\/\/bisbalpenedes.com\/web\/wp-content\/uploads\/2020\/04\/34-100x100.png 100w, https:\/\/bisbalpenedes.com\/web\/wp-content\/uploads\/2020\/04\/34-600x600.png 600w, https:\/\/bisbalpenedes.com\/web\/wp-content\/uploads\/2020\/04\/34-150x150.png 150w, https:\/\/bisbalpenedes.com\/web\/wp-content\/uploads\/2020\/04\/34-768x768.png 768w, https:\/\/bisbalpenedes.com\/web\/wp-content\/uploads\/2020\/04\/34.png 1080w\" sizes=\"(max-width: 630px) 100vw, 630px\" \/><\/a><a href=\"http:\/\/bisbalpenedes.com\/web\/wp-content\/uploads\/2020\/04\/35.png\"><img loading=\"lazy\" class=\"aligncenter size-large wp-image-12894\" src=\"http:\/\/bisbalpenedes.com\/web\/wp-content\/uploads\/2020\/04\/35-1024x1024.png\" alt=\"PINDOLA NOM BISBAL 2\" width=\"630\" height=\"630\" srcset=\"https:\/\/bisbalpenedes.com\/web\/wp-content\/uploads\/2020\/04\/35-1024x1024.png 1024w, https:\/\/bisbalpenedes.com\/web\/wp-content\/uploads\/2020\/04\/35-300x300.png 300w, https:\/\/bisbalpenedes.com\/web\/wp-content\/uploads\/2020\/04\/35-100x100.png 100w, https:\/\/bisbalpenedes.com\/web\/wp-content\/uploads\/2020\/04\/35-600x600.png 600w, https:\/\/bisbalpenedes.com\/web\/wp-content\/uploads\/2020\/04\/35-150x150.png 150w, https:\/\/bisbalpenedes.com\/web\/wp-content\/uploads\/2020\/04\/35-768x768.png 768w, https:\/\/bisbalpenedes.com\/web\/wp-content\/uploads\/2020\/04\/35.png 1080w\" sizes=\"(max-width: 630px) 100vw, 630px\" \/><\/a><\/div>\n<div class=\"_1mf _1mj\" style=\"text-align: justify;\" data-offset-key=\"8lskd-0-0\"><a href=\"http:\/\/bisbalpenedes.com\/web\/wp-content\/uploads\/2020\/04\/36.png\"><img loading=\"lazy\" class=\"aligncenter size-large wp-image-12895\" src=\"http:\/\/bisbalpenedes.com\/web\/wp-content\/uploads\/2020\/04\/36-1024x1024.png\" alt=\"PINDOLA NOM BISBAL 3\" width=\"630\" height=\"630\" srcset=\"https:\/\/bisbalpenedes.com\/web\/wp-content\/uploads\/2020\/04\/36-1024x1024.png 1024w, https:\/\/bisbalpenedes.com\/web\/wp-content\/uploads\/2020\/04\/36-300x300.png 300w, https:\/\/bisbalpenedes.com\/web\/wp-content\/uploads\/2020\/04\/36-100x100.png 100w, https:\/\/bisbalpenedes.com\/web\/wp-content\/uploads\/2020\/04\/36-600x600.png 600w, https:\/\/bisbalpenedes.com\/web\/wp-content\/uploads\/2020\/04\/36-150x150.png 150w, https:\/\/bisbalpenedes.com\/web\/wp-content\/uploads\/2020\/04\/36-768x768.png 768w, https:\/\/bisbalpenedes.com\/web\/wp-content\/uploads\/2020\/04\/36.png 1080w\" sizes=\"(max-width: 630px) 100vw, 630px\" \/><\/a><\/div>\n<\/div>\n<div class=\"\" data-block=\"true\" data-editor=\"9e4qg\" data-offset-key=\"bln5s-0-0\">\n<div class=\"_1mf _1mj\" data-offset-key=\"bln5s-0-0\"><span data-offset-key=\"bln5s-0-0\">\u00a0<\/span><\/div>\n<\/div>\n<div class=\"\" data-block=\"true\" data-editor=\"9e4qg\" data-offset-key=\"16ut-0-0\">\n<div class=\"_1mf _1mj\" data-offset-key=\"16ut-0-0\"><\/div>\n<\/div>\n","protected":false},"excerpt":{"rendered":"<p>Avui descobrirem d&#8217;on ve el nom de la Bisbal -o no- perqu\u00e8 hi ha diverses teories al respecte. La P\u00edndola Bisbalenca d&#8217;avui tracta d&#8217;aix\u00f2. Per m\u00e9s informaci\u00f3 sobre l&#8217;origen etimol\u00f2gic &hellip; <a href=\"https:\/\/bisbalpenedes.com\/web\/2020\/04\/08\/nou-capitol-de-les-pindoles-bisbalenques-lorigen-del-nom-de-la-bisbal\/\" class=\"more-link\">Read More<\/a><\/p>\n","protected":false},"author":4,"featured_media":12893,"comment_status":"closed","ping_status":"closed","sticky":false,"template":"","format":"standard","meta":[],"categories":[13],"tags":[2455,3683,393,3585],"_links":{"self":[{"href":"https:\/\/bisbalpenedes.com\/web\/wp-json\/wp\/v2\/posts\/12892"}],"collection":[{"href":"https:\/\/bisbalpenedes.com\/web\/wp-json\/wp\/v2\/posts"}],"about":[{"href":"https:\/\/bisbalpenedes.com\/web\/wp-json\/wp\/v2\/types\/post"}],"author":[{"embeddable":true,"href":"https:\/\/bisbalpenedes.com\/web\/wp-json\/wp\/v2\/users\/4"}],"replies":[{"embeddable":true,"href":"https:\/\/bisbalpenedes.com\/web\/wp-json\/wp\/v2\/comments?post=12892"}],"version-history":[{"count":2,"href":"https:\/\/bisbalpenedes.com\/web\/wp-json\/wp\/v2\/posts\/12892\/revisions"}],"predecessor-version":[{"id":12897,"href":"https:\/\/bisbalpenedes.com\/web\/wp-json\/wp\/v2\/posts\/12892\/revisions\/12897"}],"wp:featuredmedia":[{"embeddable":true,"href":"https:\/\/bisbalpenedes.com\/web\/wp-json\/wp\/v2\/media\/12893"}],"wp:attachment":[{"href":"https:\/\/bisbalpenedes.com\/web\/wp-json\/wp\/v2\/media?parent=12892"}],"wp:term":[{"taxonomy":"category","embeddable":true,"href":"https:\/\/bisbalpenedes.com\/web\/wp-json\/wp\/v2\/categories?post=12892"},{"taxonomy":"post_tag","embeddable":true,"href":"https:\/\/bisbalpenedes.com\/web\/wp-json\/wp\/v2\/tags?post=12892"}],"curies":[{"name":"wp","href":"https:\/\/api.w.org\/{rel}","templated":true}]}}