{"id":12885,"date":"2020-04-08T10:15:19","date_gmt":"2020-04-08T09:15:19","guid":{"rendered":"http:\/\/bisbalpenedes.com\/web\/?p=12885"},"modified":"2020-04-08T10:16:56","modified_gmt":"2020-04-08T09:16:56","slug":"saprova-la-liquidacio-del-1r-trimestre-del-conveni-de-collaboracio-jove-baix-penedes","status":"publish","type":"post","link":"https:\/\/bisbalpenedes.com\/web\/2020\/04\/08\/saprova-la-liquidacio-del-1r-trimestre-del-conveni-de-collaboracio-jove-baix-penedes\/","title":{"rendered":"S\u2019aprova la liquidaci\u00f3 del 1r trimestre del conveni de col\u00b7laboraci\u00f3 &#8216;Jove Baix Pened\u00e8s&#8217;"},"content":{"rendered":"<p style=\"text-align: justify;\"><span style=\"color: #000000;\">L\u2019alcaldessa Agn\u00e8s Ferr\u00e9 va signar, el passat 2 d\u2019abril i a petici\u00f3 de la regidoria de Joventut, un decret d\u2019alcaldia per a la liquidaci\u00f3 del 1r trimestre del conveni de col\u00b7laboraci\u00f3 Jove Baix Pened\u00e8s 2020 per un import de 3.003\u20ac.<\/span><\/p>\n<p style=\"text-align: justify;\"><span style=\"color: #000000;\">La Junta de govern del 27 de gener de 2020 va aprovar la pr\u00f2rroga del conveni interadministratiu de col\u00b7laboraci\u00f3 Jove Baix Pened\u00e8s amb el Consell Comarcal del Baix Pened\u00e8s per a l\u2019exercici 2020. El 31 de mar\u00e7 va arribar la liquidaci\u00f3 del 1r trimestre de 2020 dels serveis amb qu\u00e8 compta l\u2019Ajuntament, entre els quals hi ha el conveni amb Jove Baix Pened\u00e8s per al 2020. El passat 2 d\u2019abril es va aprovar el reconeixement de l\u2019obligaci\u00f3 i es va ordenar el pagament de 3.003\u20ac.<\/span><\/p>\n<hr \/>\n<p style=\"text-align: justify;\"><span style=\"color: #000000;\"><strong>CASTELLANO |<\/strong> La alcaldesa Agn\u00e8s Ferr\u00e9 firm\u00f3, el pasado 2 de abril y a petici\u00f3n de la concejal\u00eda de Juventud, un decreto de alcald\u00eda para la liquidaci\u00f3n del convenio de colaboraci\u00f3n Jove Baix Pened\u00e8s 2020 por un importe de 3.003\u20ac.<\/span><\/p>\n<p style=\"text-align: justify;\"><span style=\"color: #000000;\">La Junta de gobierno del 27 de enero de 2020 aprob\u00f3 la pr\u00f3rroga del convenio interadministrativo de colaboraci\u00f3n Jove Baix Pened\u00e8s con el Consell Comarcal del Baix Pened\u00e8s para el ejercicio 2020. El 31 de marzo lleg\u00f3 la liquidaci\u00f3n del 1r trimestre del 2020 de los servicios con los que cuenta el Ayuntamiento, entre los que hay el convenio con Jove Baix Pened\u00e8s para el 2020. El pasado 2 de abril se aprob\u00f3 el reconocimiento de la obligaci\u00f3n y se orden\u00f3 el pago de 3.003\u20ac.<\/span><\/p>\n","protected":false},"excerpt":{"rendered":"<p>L\u2019alcaldessa Agn\u00e8s Ferr\u00e9 va signar, el passat 2 d\u2019abril i a petici\u00f3 de la regidoria de Joventut, un decret d\u2019alcaldia per a la liquidaci\u00f3 del 1r trimestre del conveni de &hellip; <a href=\"https:\/\/bisbalpenedes.com\/web\/2020\/04\/08\/saprova-la-liquidacio-del-1r-trimestre-del-conveni-de-collaboracio-jove-baix-penedes\/\" class=\"more-link\">Read More<\/a><\/p>\n","protected":false},"author":4,"featured_media":12886,"comment_status":"closed","ping_status":"closed","sticky":false,"template":"","format":"standard","meta":[],"categories":[1486],"tags":[440,3682,1057],"_links":{"self":[{"href":"https:\/\/bisbalpenedes.com\/web\/wp-json\/wp\/v2\/posts\/12885"}],"collection":[{"href":"https:\/\/bisbalpenedes.com\/web\/wp-json\/wp\/v2\/posts"}],"about":[{"href":"https:\/\/bisbalpenedes.com\/web\/wp-json\/wp\/v2\/types\/post"}],"author":[{"embeddable":true,"href":"https:\/\/bisbalpenedes.com\/web\/wp-json\/wp\/v2\/users\/4"}],"replies":[{"embeddable":true,"href":"https:\/\/bisbalpenedes.com\/web\/wp-json\/wp\/v2\/comments?post=12885"}],"version-history":[{"count":2,"href":"https:\/\/bisbalpenedes.com\/web\/wp-json\/wp\/v2\/posts\/12885\/revisions"}],"predecessor-version":[{"id":12888,"href":"https:\/\/bisbalpenedes.com\/web\/wp-json\/wp\/v2\/posts\/12885\/revisions\/12888"}],"wp:featuredmedia":[{"embeddable":true,"href":"https:\/\/bisbalpenedes.com\/web\/wp-json\/wp\/v2\/media\/12886"}],"wp:attachment":[{"href":"https:\/\/bisbalpenedes.com\/web\/wp-json\/wp\/v2\/media?parent=12885"}],"wp:term":[{"taxonomy":"category","embeddable":true,"href":"https:\/\/bisbalpenedes.com\/web\/wp-json\/wp\/v2\/categories?post=12885"},{"taxonomy":"post_tag","embeddable":true,"href":"https:\/\/bisbalpenedes.com\/web\/wp-json\/wp\/v2\/tags?post=12885"}],"curies":[{"name":"wp","href":"https:\/\/api.w.org\/{rel}","templated":true}]}}