{"id":12878,"date":"2020-04-07T19:03:39","date_gmt":"2020-04-07T18:03:39","guid":{"rendered":"http:\/\/bisbalpenedes.com\/web\/?p=12878"},"modified":"2020-04-07T19:03:39","modified_gmt":"2020-04-07T18:03:39","slug":"fins-al-5-de-maig-es-pot-sollicitar-lajut-extraordinari-per-a-persones-treballadores-autonomes-afectades-per-la-crisi-sanitaria-del-covid-19","status":"publish","type":"post","link":"https:\/\/bisbalpenedes.com\/web\/2020\/04\/07\/fins-al-5-de-maig-es-pot-sollicitar-lajut-extraordinari-per-a-persones-treballadores-autonomes-afectades-per-la-crisi-sanitaria-del-covid-19\/","title":{"rendered":"Fins al 5 de maig es pot sol\u00b7licitar l&#8217;ajut extraordinari per a persones treballadores aut\u00f2nomes afectades per la crisi sanit\u00e0ria del Covid-19"},"content":{"rendered":"<p><span style=\"color: #000000;\">Ja es pot demanar l&#8217;ajut extraordinari per a les persones treballadores aut\u00f2nomes afectades econ\u00f2micament per la crisi sanit\u00e0ria del Covid-19. La sol\u00b7licitud es pot cursar fins al 5 de maig de 2020. Per a m\u00e9s informaci\u00f3, accediu a l&#8217;enlla\u00e7 del Departament de Treball, Afers Socials i Fam\u00edlies de la Generalitat de Catalunya:<\/span>\u00a0<a href=\"http:\/\/bit.ly\/39GNSvG\" target=\"_blank\">http:\/\/bit.ly\/39GNSvG<\/a><\/p>\n<hr \/>\n<p><span style=\"color: #000000;\"><strong>CASTELLANO |<\/strong> Ya se puede solicitar la ayuda extraordinaria para las personas trabajadoras aut\u00f3nomas afectadas econ\u00f3micamente por la crisis sanitaria\u00a0<\/span><span class=\"text_exposed_show\"><span style=\"color: #000000;\">del covid-19. La solicitud se puede cursar hasta el 5 de mayo de 2020. Para m\u00e1s informaci\u00f3n, acceded al enlace del Departamento de Trabajo, Asuntos Sociales y Familias de la Generalitat de Catalunya:<\/span>\u00a0<a href=\"http:\/\/bit.ly\/39GNSvG\" target=\"_blank\">http:\/\/bit.ly\/39GNSvG<\/a><\/span><\/p>\n<p><a href=\"http:\/\/bisbalpenedes.com\/web\/wp-content\/uploads\/2020\/04\/AJUTS-AUTONOMS-GENCAT.jpg\"><img loading=\"lazy\" class=\"aligncenter size-large wp-image-12879\" src=\"http:\/\/bisbalpenedes.com\/web\/wp-content\/uploads\/2020\/04\/AJUTS-AUTONOMS-GENCAT-1024x724.jpg\" alt=\"AJUTS AUTONOMS GENCAT\" width=\"630\" height=\"445\" srcset=\"https:\/\/bisbalpenedes.com\/web\/wp-content\/uploads\/2020\/04\/AJUTS-AUTONOMS-GENCAT-1024x724.jpg 1024w, https:\/\/bisbalpenedes.com\/web\/wp-content\/uploads\/2020\/04\/AJUTS-AUTONOMS-GENCAT-600x424.jpg 600w, https:\/\/bisbalpenedes.com\/web\/wp-content\/uploads\/2020\/04\/AJUTS-AUTONOMS-GENCAT-300x212.jpg 300w, https:\/\/bisbalpenedes.com\/web\/wp-content\/uploads\/2020\/04\/AJUTS-AUTONOMS-GENCAT-768x543.jpg 768w\" sizes=\"(max-width: 630px) 100vw, 630px\" \/><\/a><\/p>\n<div class=\"css-1dbjc4n r-xoduu5 r-1mlwlqe r-1d2f490 r-1udh08x r-u8s1d r-h9hxbl r-417010\"><\/div>\n","protected":false},"excerpt":{"rendered":"<p>Ja es pot demanar l&#8217;ajut extraordinari per a les persones treballadores aut\u00f2nomes afectades econ\u00f2micament per la crisi sanit\u00e0ria del Covid-19. La sol\u00b7licitud es pot cursar fins al 5 de maig &hellip; <a href=\"https:\/\/bisbalpenedes.com\/web\/2020\/04\/07\/fins-al-5-de-maig-es-pot-sollicitar-lajut-extraordinari-per-a-persones-treballadores-autonomes-afectades-per-la-crisi-sanitaria-del-covid-19\/\" class=\"more-link\">Read More<\/a><\/p>\n","protected":false},"author":4,"featured_media":12879,"comment_status":"closed","ping_status":"closed","sticky":false,"template":"","format":"standard","meta":[],"categories":[3636,9],"tags":[],"_links":{"self":[{"href":"https:\/\/bisbalpenedes.com\/web\/wp-json\/wp\/v2\/posts\/12878"}],"collection":[{"href":"https:\/\/bisbalpenedes.com\/web\/wp-json\/wp\/v2\/posts"}],"about":[{"href":"https:\/\/bisbalpenedes.com\/web\/wp-json\/wp\/v2\/types\/post"}],"author":[{"embeddable":true,"href":"https:\/\/bisbalpenedes.com\/web\/wp-json\/wp\/v2\/users\/4"}],"replies":[{"embeddable":true,"href":"https:\/\/bisbalpenedes.com\/web\/wp-json\/wp\/v2\/comments?post=12878"}],"version-history":[{"count":1,"href":"https:\/\/bisbalpenedes.com\/web\/wp-json\/wp\/v2\/posts\/12878\/revisions"}],"predecessor-version":[{"id":12880,"href":"https:\/\/bisbalpenedes.com\/web\/wp-json\/wp\/v2\/posts\/12878\/revisions\/12880"}],"wp:featuredmedia":[{"embeddable":true,"href":"https:\/\/bisbalpenedes.com\/web\/wp-json\/wp\/v2\/media\/12879"}],"wp:attachment":[{"href":"https:\/\/bisbalpenedes.com\/web\/wp-json\/wp\/v2\/media?parent=12878"}],"wp:term":[{"taxonomy":"category","embeddable":true,"href":"https:\/\/bisbalpenedes.com\/web\/wp-json\/wp\/v2\/categories?post=12878"},{"taxonomy":"post_tag","embeddable":true,"href":"https:\/\/bisbalpenedes.com\/web\/wp-json\/wp\/v2\/tags?post=12878"}],"curies":[{"name":"wp","href":"https:\/\/api.w.org\/{rel}","templated":true}]}}