{"id":12870,"date":"2020-04-07T13:50:21","date_gmt":"2020-04-07T12:50:21","guid":{"rendered":"http:\/\/bisbalpenedes.com\/web\/?p=12870"},"modified":"2020-04-07T13:51:07","modified_gmt":"2020-04-07T12:51:07","slug":"lajuntament-de-bisbal-del-penedes-ajorna-els-actes-de-sant-jordi-i-engega-un-concurs-de-fotografies-i-videos-relacionats-amb-sant-jordi-a-les-xarxes-socials","status":"publish","type":"post","link":"https:\/\/bisbalpenedes.com\/web\/2020\/04\/07\/lajuntament-de-bisbal-del-penedes-ajorna-els-actes-de-sant-jordi-i-engega-un-concurs-de-fotografies-i-videos-relacionats-amb-sant-jordi-a-les-xarxes-socials\/","title":{"rendered":"L\u2019Ajuntament de Bisbal del Pened\u00e8s ajorna els actes de Sant Jordi i engega un concurs de fotografies i v\u00eddeos relacionats amb Sant Jordi a les xarxes socials"},"content":{"rendered":"<p style=\"text-align: justify;\"><span style=\"color: #000000;\">L\u2019Ajuntament de la Bisbal del Pened\u00e8s ajornar\u00e0 els actes previstos per Sant Jordi amb l\u2019objectiu de celebrar-los m\u00e9s endavant. Segons ha explicat la Regidora de Cultura, Judith Vidal, \u201cel concurs literari ja est\u00e0 convocat i volem mantenir-lo, encara que l\u2019acte s\u2019hagi de fer en una altra data. Ens passa el mateix amb el llibre de Sant Jordi: cada any editem un llibre de tem\u00e0tica bisbalenca i no volem que la situaci\u00f3 actual faci que els bisbalencs es quedin sense una nova obra que tracti sobre el nostre municipi. Per tot plegat, hem decidit tirar endavant els actes amb data per determinar tot i que, molt probablement, aprofitarem la data que es proposi des de la Cambra del Llibre de Catalunya per celebrar una festa alternativa a la de Sant Jordi abans de l\u2019estiu\u201d.<\/span><\/p>\n<p style=\"text-align: justify;\"><span style=\"color: #000000;\">Com que el Concurs Literari de Sant Jordi ja havia obert el termini de participaci\u00f3, la regidora de Cultura ha explicat que \u201ccom en l\u2019actualitat estan suspesos els terminis, els interessats a participar en el concurs poden anar presentant les seves obres mitjan\u00e7ant el registre electr\u00f2nic\u201d. Des de la Regidoria de Cultura s\u2019ha explicat que, \u201den estar susp\u00e8s el termini, \u00e9s com si s\u2019ampli\u00e9s el temps que tenen els participants de presentar les seves obres telem\u00e0ticament, a trav\u00e9s del registre d\u2019entrada electr\u00f2nic, mentre l\u2019Ajuntament estigui tancat al p\u00fablic presencial. Des de l\u2019Ajuntament avisarem del tancament del termini a trav\u00e9s dels nostres mitjans habituals de comunicaci\u00f3 amb la ciutadania, \u00e9s a dir, el web, l\u2019eBando i les xarxes socials\u201d. La regidora anima \u201ctothom, siguin o no de la Bisbal, a participar en el concurs literari amb les seves obres de poesia i prosa, siguin de tem\u00e0tica lliure o centrades en alguna tem\u00e0tica local. Segur que molta gent pot aprofitar aquests dies de confinament per escriure\u201d.<\/span><\/p>\n<p style=\"text-align: justify;\"><span style=\"color: #000000;\"><strong>CONCURS SANT JORDI CONFINAT<\/strong><\/span><\/p>\n<p style=\"text-align: justify;\"><a href=\"http:\/\/bisbalpenedes.com\/web\/wp-content\/uploads\/2020\/04\/SANT-JORDI-CONFINAT-2020.jpg\"><img loading=\"lazy\" class=\"aligncenter wp-image-12871 size-full\" src=\"http:\/\/bisbalpenedes.com\/web\/wp-content\/uploads\/2020\/04\/SANT-JORDI-CONFINAT-2020.jpg\" alt=\"SANT JORDI CONFINAT 2020\" width=\"892\" height=\"916\" srcset=\"https:\/\/bisbalpenedes.com\/web\/wp-content\/uploads\/2020\/04\/SANT-JORDI-CONFINAT-2020.jpg 892w, https:\/\/bisbalpenedes.com\/web\/wp-content\/uploads\/2020\/04\/SANT-JORDI-CONFINAT-2020-600x616.jpg 600w, https:\/\/bisbalpenedes.com\/web\/wp-content\/uploads\/2020\/04\/SANT-JORDI-CONFINAT-2020-292x300.jpg 292w, https:\/\/bisbalpenedes.com\/web\/wp-content\/uploads\/2020\/04\/SANT-JORDI-CONFINAT-2020-768x789.jpg 768w\" sizes=\"(max-width: 892px) 100vw, 892px\" \/><\/a><\/p>\n<p style=\"text-align: justify;\"><span style=\"color: #000000;\">Tenint en compte la situaci\u00f3 actual de confinament de la poblaci\u00f3, des de la Regidoria de Cultura s\u2019ha optat per celebrar un Sant Jordi \u201cdiferent\u201d a trav\u00e9s de les xarxes. La iniciativa consisteix en animar la poblaci\u00f3 a inundar les xarxes amb fotografies i v\u00eddeos els dies previs a la diada de Sant Jordi i premiar les tres propostes que siguin considerades \u201cles m\u00e9s originals\u201d. Les publicacions dels i les participants es podran compartir a les xarxes socials Facebook, Twitter i Instagram i, en tots els casos, hauran de ser p\u00fabliques i accessibles a tothom i hauran de transmetre o explicar el significat de la festivitat de Sant Jordi per als participants. A m\u00e9s, ser\u00e0 necessari que les publicacions incloguin les etiquetes #SantJordiConfinat i #SantJordiBisbalPened\u00e8s. El jurat valorar\u00e0 qualsevol refer\u00e8ncia a Sant Jordi, ja sigui a la llegenda, els llibres, la rosa o la Diada, entre altres. Tamb\u00e9 valorar\u00e0 l\u2019originalitat i la forma de representaci\u00f3, ja sigui a trav\u00e9s de joguines, il\u00b7lustracions, teatralitzacions o qualsevol altre format. En el cas dels v\u00eddeos, hauran de tenir una durada m\u00e0xima de 30 segons. El jurat triar\u00e0, entre totes les propostes que compleixin els requisits, les que consideri m\u00e9s originals, que optaran a guanyar un dels tres premis: una tauleta, un altaveu sense fils amb <em>bluetooth<\/em> o una c\u00e0mera Canon d\u2019impressi\u00f3 instant\u00e0nia.<\/span><\/p>\n<p style=\"text-align: justify;\"><span style=\"color: #000000;\">Les persones que vulguin participar en la iniciativa ho podran fer fins al dilluns 21 d\u2019abril de 2020. El 23 d\u2019abril de 2020, Diada de Sant Jordi, s\u2019anunciaran les tres propostes guanyadores a trav\u00e9s de les xarxes socials de l\u2019Ajuntament. Els premis seran entregats un cop es puguin tornar a celebrar actes i reunions de persones, passada la situaci\u00f3 d\u2019alarma i confinament de la poblaci\u00f3.<\/span><\/p>\n<hr \/>\n<p style=\"text-align: justify;\"><span style=\"color: #000000;\"><strong>CASTELLANO |<\/strong>\u00a0El Ayuntamiento de la Bisbal del Pened\u00e8s aplazar\u00e1 los actos previstos por Sant Jordi con el objetivo de celebrarlos m\u00e1s adelante. Seg\u00fan ha explicado la Concejala de Cultura, Judith Vidal, \u201cel concurso literario ya est\u00e1 convocado y queremos mantenerlo, aunque el acto se tenga que hacer en otra fecha. Nos pasa lo mismo con el libro de Sant Jordi: cada a\u00f1o editamos un libro de alg\u00fan tema bisbalense y no queremos que la situaci\u00f3n actual haga que los bisbalenses se queden sin una nueva obra que trate sobre nuestro municipio. Por todo esto, hemos decidido sacar adelante los actos con fecha a determinar aunque, muy probablemente, aprovecharemos la fecha que se proponga desde la C\u00e1mara del Libro de Catalunya para celebrar una fiesta alternativa a la de Sant Jordi antes del verano\u201d.<\/span><\/p>\n<p style=\"text-align: justify;\"><span style=\"color: #000000;\">Como el Concurso Literario de Sant Jordi ya hab\u00eda abierto el plazo de participaci\u00f3n, la concejala de Cultura ha explicado que \u201cdado que en la actualidad est\u00e1n suspendidos los plazos, los interesados en participar en el concurso pueden ir presentando sus obras mediante el registro electr\u00f3nico\u201d. Desde la Concejal\u00eda de Cultura se ha explicado que, \u201cal estar suspendido el plazo, es como si se ampliase el tiempo que tienen los participantes de presentar las obras telem\u00e1ticamente, a trav\u00e9s del registro de entrada electr\u00f3nico, mientras el Ayuntamiento est\u00e9 cerrado al p\u00fablico presencial. Desde el Ayuntamiento avisaremos del cierre del plazo a trav\u00e9s de nuestros medios habituales de comunicaci\u00f3n con la ciudadan\u00eda, es decir, en la web, eBando y las redes sociales\u201d. La concejala anima \u201ca todo el mundo, sean o no de la Bisbal, a participar en el concurso literario con sus obras de poes\u00eda y prosa, sean de tem\u00e1tica libre o centradas en alg\u00fan tema local. Seguro que mucha gente puede aprovechar estos d\u00edas de confinamiento para escribir\u201d.<\/span><\/p>\n<p style=\"text-align: justify;\"><span style=\"color: #000000;\"><strong>CONCURSO \u201cSANT JORDI CONFINAT\u201d<\/strong><\/span><\/p>\n<p style=\"text-align: justify;\"><a href=\"http:\/\/bisbalpenedes.com\/web\/wp-content\/uploads\/2020\/04\/SANT-JORDI-CONFINAT-2020.jpg\"><img loading=\"lazy\" class=\"aligncenter size-full wp-image-12871\" src=\"http:\/\/bisbalpenedes.com\/web\/wp-content\/uploads\/2020\/04\/SANT-JORDI-CONFINAT-2020.jpg\" alt=\"SANT JORDI CONFINAT 2020\" width=\"892\" height=\"916\" srcset=\"https:\/\/bisbalpenedes.com\/web\/wp-content\/uploads\/2020\/04\/SANT-JORDI-CONFINAT-2020.jpg 892w, https:\/\/bisbalpenedes.com\/web\/wp-content\/uploads\/2020\/04\/SANT-JORDI-CONFINAT-2020-600x616.jpg 600w, https:\/\/bisbalpenedes.com\/web\/wp-content\/uploads\/2020\/04\/SANT-JORDI-CONFINAT-2020-292x300.jpg 292w, https:\/\/bisbalpenedes.com\/web\/wp-content\/uploads\/2020\/04\/SANT-JORDI-CONFINAT-2020-768x789.jpg 768w\" sizes=\"(max-width: 892px) 100vw, 892px\" \/><\/a><\/p>\n<p style=\"text-align: justify;\"><span style=\"color: #000000;\">Teniendo en cuenta la situaci\u00f3n actual de confinamiento de la poblaci\u00f3n, des de la Concejal\u00eda de Cultura se ha optado por celebrar un Sant Jordi \u201cdistinto\u201d a trav\u00e9s de las redes sociales. La iniciativa consiste en animar a la poblaci\u00f3n a inundar las redes con fotograf\u00edas y v\u00eddeos los d\u00edas previos a la diada de Sant Jordi y premiar las tres propuestas que sean consideradas \u201clas m\u00e1s originales\u201d. Las publicaciones de los y las participantes se podr\u00e1n compartir en las redes sociales Facebook, Twitter e Instagram y, en todos los casos, deber\u00e1n ser p\u00fablicas y accesibles a todo el mundo y deber\u00e1n transmitir o explicar el significado de la festividad de Sant Jordi para los participantes. Adem\u00e1s, ser\u00e1 necesario que las publicaciones incluyan las etiquetas #SantJordiConfinat y #SantJordiBisbalPened\u00e8s. El jurado valorar\u00e1 cualquier referencia a Sant Jordi, ya sea a la leyenda, a los libros, a la rosa o a la Diada, entre otras. Tambi\u00e9n valorar\u00e1 la originalidad y la forma de representaci\u00f3n, ya sea a trav\u00e9s de juguetes, ilustraciones, teatralizaciones o cualquier otro formato. En el caso de los v\u00eddeos, deber\u00e1n tener una duraci\u00f3n m\u00e1xima de 30 segundos. El jurado escoger\u00e1, entre todas las propuestas que cumplan los requisitos, las que considere m\u00e1s originales, que optar\u00e1n a ganar uno de los tres premios: una tablet, un altavoz inal\u00e1mbrico con bluetooth o una c\u00e1mara Canon de impresi\u00f3n instant\u00e1nea.<\/span><\/p>\n<p style=\"text-align: justify;\"><span style=\"color: #000000;\">Las personas que quieran participar en la iniciativa lo podr\u00e1n hacer hasta el lunes 21 de abril de 2020. El 23 de abril de 2020, Diada de Sant Jordi, se anunciar\u00e1n las tres propuestas ganadoras a trav\u00e9s de las redes sociales del Ayuntamiento. Los premios ser\u00e1n entregados una vez se puedan volver a celebrar actos y reuniones de personas, pasada la situaci\u00f3n de alarma y confinamiento de la poblaci\u00f3n.\u00a0\u00a0\u00a0\u00a0\u00a0\u00a0\u00a0\u00a0\u00a0\u00a0\u00a0<\/span><\/p>\n","protected":false},"excerpt":{"rendered":"<p>L\u2019Ajuntament de la Bisbal del Pened\u00e8s ajornar\u00e0 els actes previstos per Sant Jordi amb l\u2019objectiu de celebrar-los m\u00e9s endavant. Segons ha explicat la Regidora de Cultura, Judith Vidal, \u201cel concurs &hellip; <a href=\"https:\/\/bisbalpenedes.com\/web\/2020\/04\/07\/lajuntament-de-bisbal-del-penedes-ajorna-els-actes-de-sant-jordi-i-engega-un-concurs-de-fotografies-i-videos-relacionats-amb-sant-jordi-a-les-xarxes-socials\/\" class=\"more-link\">Read More<\/a><\/p>\n","protected":false},"author":4,"featured_media":12871,"comment_status":"closed","ping_status":"closed","sticky":false,"template":"","format":"standard","meta":[],"categories":[13],"tags":[3679,3678,1633,225,393,3677],"_links":{"self":[{"href":"https:\/\/bisbalpenedes.com\/web\/wp-json\/wp\/v2\/posts\/12870"}],"collection":[{"href":"https:\/\/bisbalpenedes.com\/web\/wp-json\/wp\/v2\/posts"}],"about":[{"href":"https:\/\/bisbalpenedes.com\/web\/wp-json\/wp\/v2\/types\/post"}],"author":[{"embeddable":true,"href":"https:\/\/bisbalpenedes.com\/web\/wp-json\/wp\/v2\/users\/4"}],"replies":[{"embeddable":true,"href":"https:\/\/bisbalpenedes.com\/web\/wp-json\/wp\/v2\/comments?post=12870"}],"version-history":[{"count":2,"href":"https:\/\/bisbalpenedes.com\/web\/wp-json\/wp\/v2\/posts\/12870\/revisions"}],"predecessor-version":[{"id":12873,"href":"https:\/\/bisbalpenedes.com\/web\/wp-json\/wp\/v2\/posts\/12870\/revisions\/12873"}],"wp:featuredmedia":[{"embeddable":true,"href":"https:\/\/bisbalpenedes.com\/web\/wp-json\/wp\/v2\/media\/12871"}],"wp:attachment":[{"href":"https:\/\/bisbalpenedes.com\/web\/wp-json\/wp\/v2\/media?parent=12870"}],"wp:term":[{"taxonomy":"category","embeddable":true,"href":"https:\/\/bisbalpenedes.com\/web\/wp-json\/wp\/v2\/categories?post=12870"},{"taxonomy":"post_tag","embeddable":true,"href":"https:\/\/bisbalpenedes.com\/web\/wp-json\/wp\/v2\/tags?post=12870"}],"curies":[{"name":"wp","href":"https:\/\/api.w.org\/{rel}","templated":true}]}}