{"id":1287,"date":"2015-08-12T18:56:19","date_gmt":"2015-08-12T12:56:19","guid":{"rendered":"http:\/\/bisbalpenedes.com\/web\/?p=1287"},"modified":"2015-08-12T18:56:19","modified_gmt":"2015-08-12T12:56:19","slug":"nota-informativa-sobre-el-servei-de-vigilancia","status":"publish","type":"post","link":"https:\/\/bisbalpenedes.com\/web\/2015\/08\/12\/nota-informativa-sobre-el-servei-de-vigilancia\/","title":{"rendered":"Nota informativa sobre el servei de vigil\u00e0ncia"},"content":{"rendered":"<p>NOTA INFORMATIVA SOBRE EL SERVEI DE VIGIL\u00c0NCIA DE L\u2019AJUNTAMENT DE LA BISBAL DEL PENED\u00c8S<br \/>\nEl Servei de Vigil\u00e0ncia Municipal a La Bisbal del Pened\u00e8s no est\u00e0 creat. No s\u2019ha aprovat per Ple la creaci\u00f3 d\u2019aquest servei, ni l\u2019aprovaci\u00f3 de reglament de funcionament ni la mem\u00f2ria del servei de vigil\u00e0ncia.<\/p>\n<p>El juliol de 2009 es van contractar els dos primers vigilants, per Decret d\u2019alcaldia i amb car\u00e0cter d\u2019urg\u00e8ncia al\u2022legant: \u201cla necessitat de contractar treballadors per a realitzar la vigil\u00e0ncia d\u2019instal\u2022lacions municipals ara que comen\u00e7a l\u2019\u00e8poca estival amb l\u2019increment de situacions de risc que poden afectar a edificis i instal\u2022lacions municipals m\u00e9s si tenim en compte els darrers robatoris en edificis municipals\u201d.<br \/>\nTant aquests dos contractes com els posteriors, s\u00f3n contractes d\u2019obra i servei per urg\u00e8ncia, sense concurs, amb un servei mal definit i poc concret.<br \/>\nentre el 2010 i el 2015 l\u2019Ajuntament ha adquirit material i uniformes pels vigilants per valor de m\u00e9s de 30.000\u20ac, entre els que hi trobem adequar un vehicle, esprais, navalles, equipaments de policies locals, &#8230;<\/p>\n<p>Per tot aix\u00f2, despr\u00e9s del Ple de presa de possessi\u00f3 del 13 de juny de 2015, vaig signar un Decret d\u2019alcaldia afirmant que:<br \/>\n&#8211; el cos de servei de vigil\u00e0ncia que opera a la Bisbal no \u00e9s un cos de seguretat ni policia municipal (art.2 de la llei org\u00e0ncia 2\/1986, de 13 de mar\u00e7, de forces i cossos de seguretat)<br \/>\n&#8211; al no ser funcionaris especialment habilitats, no poden portar ni utilitzar cap arma de defensa (art.8.3 de la llei 16\/1991 de 10 de juliol, de les policies locals i art. 5 del Decret 219\/1996, de 12 de juny, Reglament armament policies locals)<br \/>\nTant en nom meu com de l\u2019equip de govern, volem regularitzar aquesta situaci\u00f3 i crear el servei de vigil\u00e0ncia municipal o transformar-lo en un servei similar, regularitzant tamb\u00e9 la situaci\u00f3 dels treballadors.<br \/>\nPer aquest motiu el 27 de juliol de 2015 assisteixo a una reuni\u00f3 al Departament d\u2019Interior amb la Direcci\u00f3 General d\u2019Administraci\u00f3 de Seguretat i la Coordinaci\u00f3 de la Policia de Catalunya, exposant la situaci\u00f3 dels vigilants municipals i buscant soluci\u00f3 per regularitzar el servei.<br \/>\nEl 6 d\u2019agost ens arriba la resposta de la Subdirectora General de Coordinaci\u00f3 de la Policia de Catalunya, amb les seg\u00fcents consideracions:<br \/>\n&#8211; La figura de vigilant (auxiliar de la policia local) es troba regulada en la Llei 2\/1986, de 13 de mar\u00e7, de forces de cossos de seguretat (en endavant LOFCS), on determina que el vigilant ha de ser funcionari de carrera del municipi.<br \/>\n&#8211; A la Bisbal s\u00f3n personal laboral no funcionari i, per tant:<br \/>\no no poden portar en els uniformes, ni vehicles ni en les eines de treball, distintius que puguin donar lloc a la confusi\u00f3 que es tracta de vigilants municipals<br \/>\no Tampoc poden exercir les funcions atribu\u00efdes per la Llei de policies locals<br \/>\n&#8211; Per regularitzar la situaci\u00f3 laboral dels vigilants, caldria convocar un proc\u00e9s selectiu on l\u2019experi\u00e8ncia i els serveis prestats poden ser valorats com a m\u00e8rit en la fase de concurs.<br \/>\nConclusions:<br \/>\n&#8211; Des del 2009 es contracten, per obra i servei, personal sense concurs p\u00fablic per fer la tasca de vigilants municipals<br \/>\n&#8211; Aquest servei no est\u00e0 creat ni regulat<br \/>\n&#8211; La llei especifica que han de ser funcionaris per poder portar distintius i realitzar les tasques definides dels vigilants municipals<br \/>\n&#8211; Despr\u00e9s de reunir-nos amb el Departament d\u2019Interior i de rebre la resposta de com regularitzar aquest servei, estem treballant en solucionar aquesta situaci\u00f3 per seguir oferint un bon servei al ciutad\u00e0<br \/>\nAgn\u00e8s Ferr\u00e9 Ca\u00f1ellas<br \/>\nAlcaldessa de La Bisbal del Pened\u00e8s<\/p>\n","protected":false},"excerpt":{"rendered":"<p>NOTA INFORMATIVA SOBRE EL SERVEI DE VIGIL\u00c0NCIA DE L\u2019AJUNTAMENT DE LA BISBAL DEL PENED\u00c8S El Servei de Vigil\u00e0ncia Municipal a La Bisbal del Pened\u00e8s no est\u00e0 creat. No s\u2019ha aprovat &hellip; <a href=\"https:\/\/bisbalpenedes.com\/web\/2015\/08\/12\/nota-informativa-sobre-el-servei-de-vigilancia\/\" class=\"more-link\">Read More<\/a><\/p>\n","protected":false},"author":1,"featured_media":961,"comment_status":"closed","ping_status":"open","sticky":false,"template":"","format":"standard","meta":[],"categories":[4],"tags":[25],"_links":{"self":[{"href":"https:\/\/bisbalpenedes.com\/web\/wp-json\/wp\/v2\/posts\/1287"}],"collection":[{"href":"https:\/\/bisbalpenedes.com\/web\/wp-json\/wp\/v2\/posts"}],"about":[{"href":"https:\/\/bisbalpenedes.com\/web\/wp-json\/wp\/v2\/types\/post"}],"author":[{"embeddable":true,"href":"https:\/\/bisbalpenedes.com\/web\/wp-json\/wp\/v2\/users\/1"}],"replies":[{"embeddable":true,"href":"https:\/\/bisbalpenedes.com\/web\/wp-json\/wp\/v2\/comments?post=1287"}],"version-history":[{"count":1,"href":"https:\/\/bisbalpenedes.com\/web\/wp-json\/wp\/v2\/posts\/1287\/revisions"}],"predecessor-version":[{"id":1288,"href":"https:\/\/bisbalpenedes.com\/web\/wp-json\/wp\/v2\/posts\/1287\/revisions\/1288"}],"wp:featuredmedia":[{"embeddable":true,"href":"https:\/\/bisbalpenedes.com\/web\/wp-json\/wp\/v2\/media\/961"}],"wp:attachment":[{"href":"https:\/\/bisbalpenedes.com\/web\/wp-json\/wp\/v2\/media?parent=1287"}],"wp:term":[{"taxonomy":"category","embeddable":true,"href":"https:\/\/bisbalpenedes.com\/web\/wp-json\/wp\/v2\/categories?post=1287"},{"taxonomy":"post_tag","embeddable":true,"href":"https:\/\/bisbalpenedes.com\/web\/wp-json\/wp\/v2\/tags?post=1287"}],"curies":[{"name":"wp","href":"https:\/\/api.w.org\/{rel}","templated":true}]}}