{"id":12861,"date":"2020-04-07T11:51:35","date_gmt":"2020-04-07T10:51:35","guid":{"rendered":"http:\/\/bisbalpenedes.com\/web\/?p=12861"},"modified":"2020-06-08T08:52:30","modified_gmt":"2020-06-08T07:52:30","slug":"saprova-la-liquidacio-del-1r-trimestre-del-conveni-de-collaboracio-amb-el-ccbp-en-materia-de-serveis-socials","status":"publish","type":"post","link":"https:\/\/bisbalpenedes.com\/web\/2020\/04\/07\/saprova-la-liquidacio-del-1r-trimestre-del-conveni-de-collaboracio-amb-el-ccbp-en-materia-de-serveis-socials\/","title":{"rendered":"S\u2019aprova la liquidaci\u00f3 del 1r trimestre del conveni de col\u00b7laboraci\u00f3 amb el CCBP en mat\u00e8ria de serveis socials"},"content":{"rendered":"<p style=\"text-align: justify;\"><span style=\"color: #000000;\">El passat 2 d\u2019abril, l\u2019Ajuntament de la Bisbal del Pened\u00e8s va aprovar, a petici\u00f3 de la Regidoria de Benestar Social, un decret d\u2019alcaldia per a l\u2019aprovaci\u00f3 de la liquidaci\u00f3 del conveni amb el Consell Comarcal del Baix Pened\u00e8s (CCBP) en mat\u00e8ria de Serveis socials corresponent al 1r trimestre de 2020.<\/span><\/p>\n<p style=\"text-align: justify;\"><span style=\"color: #000000;\">La liquidaci\u00f3 aprovada ascendeix a 18.672,54\u20ac i correspon als serveis prestats durant el primer trimestre de 2020 que es detallen a continuaci\u00f3:<\/span><\/p>\n<ul style=\"text-align: justify;\">\n<li><span style=\"color: #000000;\">Professionals i serveis socials b\u00e0sics 9.564,08\u20ac<\/span><\/li>\n<li><span style=\"color: #000000;\">SAD depend\u00e8ncia i SAD social 704,98\u20ac<\/span><\/li>\n<li><span style=\"color: #000000;\">Assegurances del voluntariat (servei bon dia i rebost solidari) 56,40\u20ac<\/span><\/li>\n<li><span style=\"color: #000000;\">Servei d\u2019acolliment residencial d\u2019urg\u00e8ncia 130,04\u20ac<\/span><\/li>\n<li><span style=\"color: #000000;\">Transport adaptat 686,10\u20ac<\/span><\/li>\n<li><span style=\"color: #000000;\">Serveis d\u2019intervenci\u00f3 socioeducativa 460,98\u20ac<\/span><\/li>\n<li><span style=\"color: #000000;\">SIAD (Servei d\u2019Informaci\u00f3 i Atenci\u00f3 a les Dones) 291,06\u20ac<\/span><\/li>\n<li><span style=\"color: #000000;\">Servei d\u2019immigraci\u00f3 268,94\u20ac<\/span><\/li>\n<li><span style=\"color: #000000;\">Centre obert 1.266,67\u20ac<\/span><\/li>\n<li><span style=\"color: #000000;\">Educadors de carrer 3.243,29\u20ac<\/span><\/li>\n<\/ul>\n<p style=\"text-align: justify;\"><span style=\"color: #000000;\">El 23 de mar\u00e7 es va aprovar, mitjan\u00e7ant Decret d\u2019alcaldia, la pr\u00f2rroga del conveni de cooperaci\u00f3 interadministrativa amb el Consell Comarcal del Baix Pened\u00e8s en mat\u00e8ria de serveis socials (2016\/2019). Aquest ser\u00e0 vigent mentre no es formalitzi el nou contracte programa quadriennal.<\/span><\/p>\n<p style=\"text-align: justify;\"><span style=\"color: #000000;\"><strong>CASTELLANO |<\/strong> El pasado 2 de abril, el Ayuntamiento de la Bisbal del Pened\u00e8s aprob\u00f3, a petici\u00f3n de la Concejal\u00eda de Bienestar Social, un decreto de alcald\u00eda para la aprobaci\u00f3n de la liquidaci\u00f3n del convenio con el Consell Comarcal del Baix Pened\u00e8s (CCBP) en materia de Servicios Sociales correspondiente al 1r trimestre de 2020.<\/span><\/p>\n<p style=\"text-align: justify;\"><span style=\"color: #000000;\">La liquidaci\u00f3n aprobada asciende a 18.672,54\u20ac y corresponde a los servicios prestados durante el primer trimestre de 2020 que se detallan a continuaci\u00f3n:<\/span><\/p>\n<ul>\n<li style=\"text-align: justify;\"><span style=\"color: #000000;\">Profesionales y servicios sociales b\u00e1sicos 9.564,08\u20ac<\/span><\/li>\n<li style=\"text-align: justify;\"><span style=\"color: #000000;\">SAD dependencia y SAD social\u00a0 2.704,98\u20ac<\/span><\/li>\n<li style=\"text-align: justify;\"><span style=\"color: #000000;\">Seguros del voluntariado (servei bon dia y rebost solidari) 56,40\u20ac<\/span><\/li>\n<li style=\"text-align: justify;\"><span style=\"color: #000000;\">Servicio de acogimiento residencial de urgencia\u00a0 130,04\u20ac<\/span><\/li>\n<li style=\"text-align: justify;\"><span style=\"color: #000000;\">Transporte adaptado\u00a0 686,10\u20ac<\/span><\/li>\n<li style=\"text-align: justify;\"><span style=\"color: #000000;\">Servicios de intervenci\u00f3n socioeducativa 460,98\u20ac<\/span><\/li>\n<li style=\"text-align: justify;\"><span style=\"color: #000000;\">SIAD (Servicio de Informaci\u00f3n y Atenci\u00f3n a las Mujeres)\u00a0 291,06\u20ac<\/span><\/li>\n<li style=\"text-align: justify;\"><span style=\"color: #000000;\">Servicio de inmigraci\u00f3n\u00a0\u00a0 268,94\u20ac<\/span><\/li>\n<li style=\"text-align: justify;\"><span style=\"color: #000000;\">Centro abierto \u00a0\u00a01.266,67\u20ac<\/span><\/li>\n<li style=\"text-align: justify;\"><span style=\"color: #000000;\">Educadores de calle 3.243,29\u20ac<\/span><\/li>\n<\/ul>\n<p style=\"text-align: justify;\"><span style=\"color: #000000;\">El 23 de marzo se aprob\u00f3, mediante Decreto de alcald\u00eda, la pr\u00f3rroga del convenio de cooperaci\u00f3n interadministrativa con el Consell Comarcal del Baix Pened\u00e8s en materia de servicios sociales (2016\/2019). Este ser\u00e1 vigente mientras no se formalice el nuevo contrato del programa cuatrienal.<\/span><\/p>\n<p>&nbsp;<\/p>\n","protected":false},"excerpt":{"rendered":"<p>El passat 2 d\u2019abril, l\u2019Ajuntament de la Bisbal del Pened\u00e8s va aprovar, a petici\u00f3 de la Regidoria de Benestar Social, un decret d\u2019alcaldia per a l\u2019aprovaci\u00f3 de la liquidaci\u00f3 del &hellip; <a href=\"https:\/\/bisbalpenedes.com\/web\/2020\/04\/07\/saprova-la-liquidacio-del-1r-trimestre-del-conveni-de-collaboracio-amb-el-ccbp-en-materia-de-serveis-socials\/\" class=\"more-link\">Read More<\/a><\/p>\n","protected":false},"author":4,"featured_media":2174,"comment_status":"closed","ping_status":"closed","sticky":false,"template":"","format":"standard","meta":[],"categories":[3085,17],"tags":[315,1056,268],"_links":{"self":[{"href":"https:\/\/bisbalpenedes.com\/web\/wp-json\/wp\/v2\/posts\/12861"}],"collection":[{"href":"https:\/\/bisbalpenedes.com\/web\/wp-json\/wp\/v2\/posts"}],"about":[{"href":"https:\/\/bisbalpenedes.com\/web\/wp-json\/wp\/v2\/types\/post"}],"author":[{"embeddable":true,"href":"https:\/\/bisbalpenedes.com\/web\/wp-json\/wp\/v2\/users\/4"}],"replies":[{"embeddable":true,"href":"https:\/\/bisbalpenedes.com\/web\/wp-json\/wp\/v2\/comments?post=12861"}],"version-history":[{"count":3,"href":"https:\/\/bisbalpenedes.com\/web\/wp-json\/wp\/v2\/posts\/12861\/revisions"}],"predecessor-version":[{"id":13759,"href":"https:\/\/bisbalpenedes.com\/web\/wp-json\/wp\/v2\/posts\/12861\/revisions\/13759"}],"wp:featuredmedia":[{"embeddable":true,"href":"https:\/\/bisbalpenedes.com\/web\/wp-json\/wp\/v2\/media\/2174"}],"wp:attachment":[{"href":"https:\/\/bisbalpenedes.com\/web\/wp-json\/wp\/v2\/media?parent=12861"}],"wp:term":[{"taxonomy":"category","embeddable":true,"href":"https:\/\/bisbalpenedes.com\/web\/wp-json\/wp\/v2\/categories?post=12861"},{"taxonomy":"post_tag","embeddable":true,"href":"https:\/\/bisbalpenedes.com\/web\/wp-json\/wp\/v2\/tags?post=12861"}],"curies":[{"name":"wp","href":"https:\/\/api.w.org\/{rel}","templated":true}]}}