{"id":12846,"date":"2020-04-06T16:24:46","date_gmt":"2020-04-06T15:24:46","guid":{"rendered":"http:\/\/bisbalpenedes.com\/web\/?p=12846"},"modified":"2020-04-06T16:24:46","modified_gmt":"2020-04-06T15:24:46","slug":"saprova-la-liquidacio-del-1r-trimestre-del-conveni-de-collaboracio-amb-el-ccbp-en-materia-docupacio","status":"publish","type":"post","link":"https:\/\/bisbalpenedes.com\/web\/2020\/04\/06\/saprova-la-liquidacio-del-1r-trimestre-del-conveni-de-collaboracio-amb-el-ccbp-en-materia-docupacio\/","title":{"rendered":"S\u2019aprova la liquidaci\u00f3 del 1r trimestre del conveni de col\u00b7laboraci\u00f3 amb el CCBP en mat\u00e8ria d\u2019ocupaci\u00f3"},"content":{"rendered":"<p style=\"text-align: justify;\"><span style=\"color: #000000;\">El passat dijous 2 d\u2019abril, l\u2019alcaldessa Agn\u00e8s Ferr\u00e9 va signar un Decret d\u2019alcaldia per a la liquidaci\u00f3 del primer trimestre del conveni de col\u00b7laboraci\u00f3 amb el Consell Comarcal del Baix Pened\u00e8s (CCBP) en mat\u00e8ria d\u2019ocupaci\u00f3. L\u2019import corresponent a aquesta liquidaci\u00f3 \u00e9s de 5.902,11\u20ac i correspon a la part no subvencionada del Servei d\u2019Ocupaci\u00f3 de Catalunya (SOC) dels programes d\u2019ocupaci\u00f3 en els quals participa l\u2019Ajuntament de la Bisbal del Pened\u00e8s (Treball i Formaci\u00f3 i Enfeina\u2019t).<\/span><\/p>\n<p style=\"text-align: justify;\"><span style=\"color: #000000;\">L\u2019import abonat correspon al conveni interadministratiu de col\u00b7laboraci\u00f3 amb el Consell Comarcal del Baix Pened\u00e8s i la resta d\u2019ajuntaments de la comarca, aprovat en la Junta de govern del 13 de gener de 2020, per a l\u2019execuci\u00f3 dels programes d\u2019ocupaci\u00f3 que formen part de l\u2019Acord estrat\u00e8gic per al desenvolupament i l\u2019ocupaci\u00f3 del Baix Pened\u00e8s 2020, per un import total de 23.608,45\u20ac.<\/span><\/p>\n<hr \/>\n<p style=\"text-align: justify;\"><span style=\"color: #000000;\"><strong>CASTELLANO |<\/strong> El pasado jueves 2 de abril, la alcaldesa Agn\u00e8s Ferr\u00e9 firm\u00f3 un Decreto de alcald\u00eda para la liquidaci\u00f3n del primer trimestre del convenio de colaboraci\u00f3n con el Consell Comarcal del Baix Pened\u00e8s (CCBP) en materia de ocupaci\u00f3n. El importe correspondiente a esta liquidaci\u00f3n es de 5.902,11\u20ac y corresponde a la parte no subvencionada del Servei d\u2019Ocupaci\u00f3 de Catalunya (SOC) de los programas de ocupaci\u00f3n en los que participa el Ayuntamiento de la Bisbal del Pened\u00e8s (Trabajo y Formaci\u00f3n y Enfeina\u2019t).<\/span><\/p>\n<p style=\"text-align: justify;\"><span style=\"color: #000000;\">El importe abonado corresponde al convenio interadministrativo de colaboraci\u00f3n con el Consell Comarcal del Baix Pened\u00e8s y el resto de ayuntamientos de la comarca, aprobado en la Junta de gobierno del 13 de enero de 2020, para la ejecuci\u00f3n de los programas de ocupaci\u00f3n que forman parte del Acuerdo estrat\u00e9gico para el desarrollo y la ocupaci\u00f3n del Baix Pened\u00e8s 2020, por un importe total de 23.608,45\u20ac.<\/span><\/p>\n","protected":false},"excerpt":{"rendered":"<p>El passat dijous 2 d\u2019abril, l\u2019alcaldessa Agn\u00e8s Ferr\u00e9 va signar un Decret d\u2019alcaldia per a la liquidaci\u00f3 del primer trimestre del conveni de col\u00b7laboraci\u00f3 amb el Consell Comarcal del Baix &hellip; <a href=\"https:\/\/bisbalpenedes.com\/web\/2020\/04\/06\/saprova-la-liquidacio-del-1r-trimestre-del-conveni-de-collaboracio-amb-el-ccbp-en-materia-docupacio\/\" class=\"more-link\">Read More<\/a><\/p>\n","protected":false},"author":4,"featured_media":12172,"comment_status":"closed","ping_status":"closed","sticky":false,"template":"","format":"standard","meta":[],"categories":[2057],"tags":[1056,10],"_links":{"self":[{"href":"https:\/\/bisbalpenedes.com\/web\/wp-json\/wp\/v2\/posts\/12846"}],"collection":[{"href":"https:\/\/bisbalpenedes.com\/web\/wp-json\/wp\/v2\/posts"}],"about":[{"href":"https:\/\/bisbalpenedes.com\/web\/wp-json\/wp\/v2\/types\/post"}],"author":[{"embeddable":true,"href":"https:\/\/bisbalpenedes.com\/web\/wp-json\/wp\/v2\/users\/4"}],"replies":[{"embeddable":true,"href":"https:\/\/bisbalpenedes.com\/web\/wp-json\/wp\/v2\/comments?post=12846"}],"version-history":[{"count":1,"href":"https:\/\/bisbalpenedes.com\/web\/wp-json\/wp\/v2\/posts\/12846\/revisions"}],"predecessor-version":[{"id":12847,"href":"https:\/\/bisbalpenedes.com\/web\/wp-json\/wp\/v2\/posts\/12846\/revisions\/12847"}],"wp:featuredmedia":[{"embeddable":true,"href":"https:\/\/bisbalpenedes.com\/web\/wp-json\/wp\/v2\/media\/12172"}],"wp:attachment":[{"href":"https:\/\/bisbalpenedes.com\/web\/wp-json\/wp\/v2\/media?parent=12846"}],"wp:term":[{"taxonomy":"category","embeddable":true,"href":"https:\/\/bisbalpenedes.com\/web\/wp-json\/wp\/v2\/categories?post=12846"},{"taxonomy":"post_tag","embeddable":true,"href":"https:\/\/bisbalpenedes.com\/web\/wp-json\/wp\/v2\/tags?post=12846"}],"curies":[{"name":"wp","href":"https:\/\/api.w.org\/{rel}","templated":true}]}}