{"id":1283,"date":"2015-08-12T14:22:30","date_gmt":"2015-08-12T08:22:30","guid":{"rendered":"http:\/\/bisbalpenedes.com\/web\/?p=1283"},"modified":"2015-08-12T14:22:30","modified_gmt":"2015-08-12T08:22:30","slug":"festa-major-2015","status":"publish","type":"post","link":"https:\/\/bisbalpenedes.com\/web\/2015\/08\/12\/festa-major-2015\/","title":{"rendered":"Festa Major 2015"},"content":{"rendered":"<p>Festa Major de la Mare de D\u00e9u d\u2019agost!<br \/>\nEls temps canvien per\u00f2 la Festa Major segueix essent una data important per tots els bisbalencs i bisbalenques.<br \/>\nS\u00f3n dies de festa, diversi\u00f3, \u00e0pats familiars, \u2026<br \/>\nTotes les entitats participen de la festa i ens fan sentir orgullosos de la gran riquesa cultural de la Bisbal.<br \/>\nAmb la Festa Major es barregen tradici\u00f3 i modernitat, convivint amb les diferents generacions de la nostra vila.<br \/>\nMolts recordem els familiars i amics que ja no hi s\u00f3n i que gr\u00e0cies al seu esfor\u00e7, avui tenim unes grans festes que perduren en el temps.<br \/>\nAquest any la Festa Major comen\u00e7a el dijous 13 d\u2019agost amb la inauguraci\u00f3 de les exposicions i acaba el dimarts 18 d\u2019agost amb el concurs de fotografies.<br \/>\nJovent comprom\u00e8s: correfoc, cercavila, escalada, gimkana, escacs, exposicions, sopar, que participen de la festa i asseguren la continu\u00eftat de la Festa Major.<br \/>\nObrim casa nostra per acollir la festa i compartir-la amb els familiars i amics!<br \/>\nResta desitjar-vos una molt bona Festa Major!<br \/>\nAgn\u00e8s Ferr\u00e9 Ca\u00f1ellas,<br \/>\nAlcaldessa de la Bisbal del Pened\u00e8s<\/p>\n<p><a href='http:\/\/bisbalpenedes.com\/web\/wp-content\/uploads\/2015\/08\/PROGRAMA-FM2015-k-def.pdf'>PROGRAMA DE LA FESTA MAJOR 2015 EN FORMAT PDF<\/a><\/p>\n","protected":false},"excerpt":{"rendered":"<p>Festa Major de la Mare de D\u00e9u d\u2019agost! Els temps canvien per\u00f2 la Festa Major segueix essent una data important per tots els bisbalencs i bisbalenques. S\u00f3n dies de festa, &hellip; <a href=\"https:\/\/bisbalpenedes.com\/web\/2015\/08\/12\/festa-major-2015\/\" class=\"more-link\">Read More<\/a><\/p>\n","protected":false},"author":1,"featured_media":1285,"comment_status":"closed","ping_status":"open","sticky":false,"template":"","format":"standard","meta":[],"categories":[13],"tags":[143,78,79],"_links":{"self":[{"href":"https:\/\/bisbalpenedes.com\/web\/wp-json\/wp\/v2\/posts\/1283"}],"collection":[{"href":"https:\/\/bisbalpenedes.com\/web\/wp-json\/wp\/v2\/posts"}],"about":[{"href":"https:\/\/bisbalpenedes.com\/web\/wp-json\/wp\/v2\/types\/post"}],"author":[{"embeddable":true,"href":"https:\/\/bisbalpenedes.com\/web\/wp-json\/wp\/v2\/users\/1"}],"replies":[{"embeddable":true,"href":"https:\/\/bisbalpenedes.com\/web\/wp-json\/wp\/v2\/comments?post=1283"}],"version-history":[{"count":1,"href":"https:\/\/bisbalpenedes.com\/web\/wp-json\/wp\/v2\/posts\/1283\/revisions"}],"predecessor-version":[{"id":1286,"href":"https:\/\/bisbalpenedes.com\/web\/wp-json\/wp\/v2\/posts\/1283\/revisions\/1286"}],"wp:featuredmedia":[{"embeddable":true,"href":"https:\/\/bisbalpenedes.com\/web\/wp-json\/wp\/v2\/media\/1285"}],"wp:attachment":[{"href":"https:\/\/bisbalpenedes.com\/web\/wp-json\/wp\/v2\/media?parent=1283"}],"wp:term":[{"taxonomy":"category","embeddable":true,"href":"https:\/\/bisbalpenedes.com\/web\/wp-json\/wp\/v2\/categories?post=1283"},{"taxonomy":"post_tag","embeddable":true,"href":"https:\/\/bisbalpenedes.com\/web\/wp-json\/wp\/v2\/tags?post=1283"}],"curies":[{"name":"wp","href":"https:\/\/api.w.org\/{rel}","templated":true}]}}