{"id":12816,"date":"2020-04-06T11:49:56","date_gmt":"2020-04-06T10:49:56","guid":{"rendered":"http:\/\/bisbalpenedes.com\/web\/?p=12816"},"modified":"2020-04-06T11:49:56","modified_gmt":"2020-04-06T10:49:56","slug":"12816","status":"publish","type":"post","link":"https:\/\/bisbalpenedes.com\/web\/2020\/04\/06\/12816\/","title":{"rendered":""},"content":{"rendered":"<div class=\"\" data-block=\"true\" data-editor=\"5dga6\" data-offset-key=\"a7b3m-0-0\">\n<div class=\"_1mf _1mj\" data-offset-key=\"a7b3m-0-0\"><span style=\"color: #000000;\">ACTUALITZACI\u00d3 05-04-20 &#8211; 12h<\/span><\/div>\n<div class=\"_1mf _1mj\" data-offset-key=\"a7b3m-0-0\"><span style=\"color: #000000;\">Qu\u00e8 puc fer i qu\u00e8 no?<\/span><\/div>\n<\/div>\n<div class=\"\" data-block=\"true\" data-editor=\"5dga6\" data-offset-key=\"eja5t-0-0\">\n<div class=\"_1mf _1mj\" data-offset-key=\"eja5t-0-0\"><span style=\"color: #000000;\">Les preguntes freq\u00fcents sobre el coronavirus Covid-19 respostes des del Centre de Coordinaci\u00f3 Operativa de Catalunya (CECAT).<\/span><\/div>\n<\/div>\n<div class=\"\" data-block=\"true\" data-editor=\"5dga6\" data-offset-key=\"4d722-0-0\">\n<div class=\"_1mf _1mj\" data-offset-key=\"4d722-0-0\"><span style=\"color: #000000;\">Podeu descarregar el document aqu\u00ed:<\/span>\u00a0<a href=\"http:\/\/bisbalpenedes.com\/web\/wp-content\/uploads\/2020\/04\/Questionari-restriccions-COVID19-v20200405-12h.pdf\">Questionari-restriccions-COVID19-v20200405-12h<\/a><\/div>\n<\/div>\n<div class=\"\" data-block=\"true\" data-editor=\"5dga6\" data-offset-key=\"4ejcu-0-0\">\n<div class=\"_1mf _1mj\" data-offset-key=\"4ejcu-0-0\">\n<hr \/>\n<\/div>\n<\/div>\n<div class=\"\" data-block=\"true\" data-editor=\"5dga6\" data-offset-key=\"96g5l-0-0\">\n<div class=\"_1mf _1mj\" data-offset-key=\"96g5l-0-0\"><span style=\"color: #000000;\">ACTUALIZACI\u00d3N 05-04-20 &#8211; 12H<\/span><\/div>\n<\/div>\n<div class=\"\" data-block=\"true\" data-editor=\"5dga6\" data-offset-key=\"dhcci-0-0\">\n<div class=\"_1mf _1mj\" data-offset-key=\"dhcci-0-0\"><span style=\"color: #000000;\">\u00bfQu\u00e9 puedo hacer y qu\u00e9 no? Las preguntas frecuentes sobre el coronavirus Covid-19 respondidas desde El Centre de Coordinaci\u00f3 Operativa de Catalunya (CECAT).<\/span><\/div>\n<\/div>\n<div class=\"\" data-block=\"true\" data-editor=\"5dga6\" data-offset-key=\"5l9n3-0-0\">\n<div class=\"_1mf _1mj\" data-offset-key=\"5l9n3-0-0\">\n<p><span style=\"color: #000000;\">Pod\u00e9is descargar el documento aqu\u00ed:<\/span>\u00a0<a href=\"http:\/\/bisbalpenedes.com\/web\/wp-content\/uploads\/2020\/04\/Questionari-restriccions-COVID19-v20200405-12h.pdf\">Questionari-restriccions-COVID19-v20200405-12h<\/a><\/p>\n<p><a href=\"http:\/\/bisbalpenedes.com\/web\/wp-content\/uploads\/2020\/04\/Questionari-restriccions-COVID19-v20200405-12h_page-0001.jpg\"><img loading=\"lazy\" class=\"aligncenter size-large wp-image-12818\" src=\"http:\/\/bisbalpenedes.com\/web\/wp-content\/uploads\/2020\/04\/Questionari-restriccions-COVID19-v20200405-12h_page-0001-725x1024.jpg\" alt=\"Questionari-restriccions-COVID19-v20200405-12h_page-0001\" width=\"630\" height=\"890\" srcset=\"https:\/\/bisbalpenedes.com\/web\/wp-content\/uploads\/2020\/04\/Questionari-restriccions-COVID19-v20200405-12h_page-0001-725x1024.jpg 725w, https:\/\/bisbalpenedes.com\/web\/wp-content\/uploads\/2020\/04\/Questionari-restriccions-COVID19-v20200405-12h_page-0001-600x848.jpg 600w, https:\/\/bisbalpenedes.com\/web\/wp-content\/uploads\/2020\/04\/Questionari-restriccions-COVID19-v20200405-12h_page-0001-212x300.jpg 212w, https:\/\/bisbalpenedes.com\/web\/wp-content\/uploads\/2020\/04\/Questionari-restriccions-COVID19-v20200405-12h_page-0001-768x1085.jpg 768w, https:\/\/bisbalpenedes.com\/web\/wp-content\/uploads\/2020\/04\/Questionari-restriccions-COVID19-v20200405-12h_page-0001.jpg 1241w\" sizes=\"(max-width: 630px) 100vw, 630px\" \/><\/a> <a href=\"http:\/\/bisbalpenedes.com\/web\/wp-content\/uploads\/2020\/04\/Questionari-restriccions-COVID19-v20200405-12h_page-0002.jpg\"><img loading=\"lazy\" class=\"aligncenter size-large wp-image-12819\" src=\"http:\/\/bisbalpenedes.com\/web\/wp-content\/uploads\/2020\/04\/Questionari-restriccions-COVID19-v20200405-12h_page-0002-725x1024.jpg\" alt=\"Questionari-restriccions-COVID19-v20200405-12h_page-0002\" width=\"630\" height=\"890\" srcset=\"https:\/\/bisbalpenedes.com\/web\/wp-content\/uploads\/2020\/04\/Questionari-restriccions-COVID19-v20200405-12h_page-0002-725x1024.jpg 725w, https:\/\/bisbalpenedes.com\/web\/wp-content\/uploads\/2020\/04\/Questionari-restriccions-COVID19-v20200405-12h_page-0002-600x848.jpg 600w, https:\/\/bisbalpenedes.com\/web\/wp-content\/uploads\/2020\/04\/Questionari-restriccions-COVID19-v20200405-12h_page-0002-212x300.jpg 212w, https:\/\/bisbalpenedes.com\/web\/wp-content\/uploads\/2020\/04\/Questionari-restriccions-COVID19-v20200405-12h_page-0002-768x1085.jpg 768w, https:\/\/bisbalpenedes.com\/web\/wp-content\/uploads\/2020\/04\/Questionari-restriccions-COVID19-v20200405-12h_page-0002.jpg 1241w\" sizes=\"(max-width: 630px) 100vw, 630px\" \/><\/a> <a href=\"http:\/\/bisbalpenedes.com\/web\/wp-content\/uploads\/2020\/04\/Questionari-restriccions-COVID19-v20200405-12h_page-0003.jpg\"><img loading=\"lazy\" class=\"aligncenter size-large wp-image-12820\" src=\"http:\/\/bisbalpenedes.com\/web\/wp-content\/uploads\/2020\/04\/Questionari-restriccions-COVID19-v20200405-12h_page-0003-725x1024.jpg\" alt=\"Questionari-restriccions-COVID19-v20200405-12h_page-0003\" width=\"630\" height=\"890\" srcset=\"https:\/\/bisbalpenedes.com\/web\/wp-content\/uploads\/2020\/04\/Questionari-restriccions-COVID19-v20200405-12h_page-0003-725x1024.jpg 725w, https:\/\/bisbalpenedes.com\/web\/wp-content\/uploads\/2020\/04\/Questionari-restriccions-COVID19-v20200405-12h_page-0003-600x848.jpg 600w, https:\/\/bisbalpenedes.com\/web\/wp-content\/uploads\/2020\/04\/Questionari-restriccions-COVID19-v20200405-12h_page-0003-212x300.jpg 212w, https:\/\/bisbalpenedes.com\/web\/wp-content\/uploads\/2020\/04\/Questionari-restriccions-COVID19-v20200405-12h_page-0003-768x1085.jpg 768w, https:\/\/bisbalpenedes.com\/web\/wp-content\/uploads\/2020\/04\/Questionari-restriccions-COVID19-v20200405-12h_page-0003.jpg 1241w\" sizes=\"(max-width: 630px) 100vw, 630px\" \/><\/a> <a href=\"http:\/\/bisbalpenedes.com\/web\/wp-content\/uploads\/2020\/04\/Questionari-restriccions-COVID19-v20200405-12h_page-0004.jpg\"><img loading=\"lazy\" class=\"aligncenter size-large wp-image-12821\" src=\"http:\/\/bisbalpenedes.com\/web\/wp-content\/uploads\/2020\/04\/Questionari-restriccions-COVID19-v20200405-12h_page-0004-725x1024.jpg\" alt=\"Questionari-restriccions-COVID19-v20200405-12h_page-0004\" width=\"630\" height=\"890\" srcset=\"https:\/\/bisbalpenedes.com\/web\/wp-content\/uploads\/2020\/04\/Questionari-restriccions-COVID19-v20200405-12h_page-0004-725x1024.jpg 725w, https:\/\/bisbalpenedes.com\/web\/wp-content\/uploads\/2020\/04\/Questionari-restriccions-COVID19-v20200405-12h_page-0004-600x848.jpg 600w, https:\/\/bisbalpenedes.com\/web\/wp-content\/uploads\/2020\/04\/Questionari-restriccions-COVID19-v20200405-12h_page-0004-212x300.jpg 212w, https:\/\/bisbalpenedes.com\/web\/wp-content\/uploads\/2020\/04\/Questionari-restriccions-COVID19-v20200405-12h_page-0004-768x1085.jpg 768w, https:\/\/bisbalpenedes.com\/web\/wp-content\/uploads\/2020\/04\/Questionari-restriccions-COVID19-v20200405-12h_page-0004.jpg 1241w\" sizes=\"(max-width: 630px) 100vw, 630px\" \/><\/a> <a href=\"http:\/\/bisbalpenedes.com\/web\/wp-content\/uploads\/2020\/04\/Questionari-restriccions-COVID19-v20200405-12h_page-0005.jpg\"><img loading=\"lazy\" class=\"aligncenter size-large wp-image-12822\" src=\"http:\/\/bisbalpenedes.com\/web\/wp-content\/uploads\/2020\/04\/Questionari-restriccions-COVID19-v20200405-12h_page-0005-725x1024.jpg\" alt=\"Questionari-restriccions-COVID19-v20200405-12h_page-0005\" width=\"630\" height=\"890\" srcset=\"https:\/\/bisbalpenedes.com\/web\/wp-content\/uploads\/2020\/04\/Questionari-restriccions-COVID19-v20200405-12h_page-0005-725x1024.jpg 725w, https:\/\/bisbalpenedes.com\/web\/wp-content\/uploads\/2020\/04\/Questionari-restriccions-COVID19-v20200405-12h_page-0005-600x848.jpg 600w, https:\/\/bisbalpenedes.com\/web\/wp-content\/uploads\/2020\/04\/Questionari-restriccions-COVID19-v20200405-12h_page-0005-212x300.jpg 212w, https:\/\/bisbalpenedes.com\/web\/wp-content\/uploads\/2020\/04\/Questionari-restriccions-COVID19-v20200405-12h_page-0005-768x1085.jpg 768w, https:\/\/bisbalpenedes.com\/web\/wp-content\/uploads\/2020\/04\/Questionari-restriccions-COVID19-v20200405-12h_page-0005.jpg 1241w\" sizes=\"(max-width: 630px) 100vw, 630px\" \/><\/a> <a href=\"http:\/\/bisbalpenedes.com\/web\/wp-content\/uploads\/2020\/04\/Questionari-restriccions-COVID19-v20200405-12h_page-0006.jpg\"><img loading=\"lazy\" class=\"aligncenter size-large wp-image-12823\" src=\"http:\/\/bisbalpenedes.com\/web\/wp-content\/uploads\/2020\/04\/Questionari-restriccions-COVID19-v20200405-12h_page-0006-725x1024.jpg\" alt=\"Questionari-restriccions-COVID19-v20200405-12h_page-0006\" width=\"630\" height=\"890\" srcset=\"https:\/\/bisbalpenedes.com\/web\/wp-content\/uploads\/2020\/04\/Questionari-restriccions-COVID19-v20200405-12h_page-0006-725x1024.jpg 725w, https:\/\/bisbalpenedes.com\/web\/wp-content\/uploads\/2020\/04\/Questionari-restriccions-COVID19-v20200405-12h_page-0006-600x848.jpg 600w, https:\/\/bisbalpenedes.com\/web\/wp-content\/uploads\/2020\/04\/Questionari-restriccions-COVID19-v20200405-12h_page-0006-212x300.jpg 212w, https:\/\/bisbalpenedes.com\/web\/wp-content\/uploads\/2020\/04\/Questionari-restriccions-COVID19-v20200405-12h_page-0006-768x1085.jpg 768w, https:\/\/bisbalpenedes.com\/web\/wp-content\/uploads\/2020\/04\/Questionari-restriccions-COVID19-v20200405-12h_page-0006.jpg 1241w\" sizes=\"(max-width: 630px) 100vw, 630px\" \/><\/a> <a href=\"http:\/\/bisbalpenedes.com\/web\/wp-content\/uploads\/2020\/04\/Questionari-restriccions-COVID19-v20200405-12h_page-0007.jpg\"><img loading=\"lazy\" class=\"aligncenter size-large wp-image-12824\" src=\"http:\/\/bisbalpenedes.com\/web\/wp-content\/uploads\/2020\/04\/Questionari-restriccions-COVID19-v20200405-12h_page-0007-725x1024.jpg\" alt=\"Questionari-restriccions-COVID19-v20200405-12h_page-0007\" width=\"630\" height=\"890\" srcset=\"https:\/\/bisbalpenedes.com\/web\/wp-content\/uploads\/2020\/04\/Questionari-restriccions-COVID19-v20200405-12h_page-0007-725x1024.jpg 725w, https:\/\/bisbalpenedes.com\/web\/wp-content\/uploads\/2020\/04\/Questionari-restriccions-COVID19-v20200405-12h_page-0007-600x848.jpg 600w, https:\/\/bisbalpenedes.com\/web\/wp-content\/uploads\/2020\/04\/Questionari-restriccions-COVID19-v20200405-12h_page-0007-212x300.jpg 212w, https:\/\/bisbalpenedes.com\/web\/wp-content\/uploads\/2020\/04\/Questionari-restriccions-COVID19-v20200405-12h_page-0007-768x1085.jpg 768w, https:\/\/bisbalpenedes.com\/web\/wp-content\/uploads\/2020\/04\/Questionari-restriccions-COVID19-v20200405-12h_page-0007.jpg 1241w\" sizes=\"(max-width: 630px) 100vw, 630px\" \/><\/a> <a href=\"http:\/\/bisbalpenedes.com\/web\/wp-content\/uploads\/2020\/04\/Questionari-restriccions-COVID19-v20200405-12h_page-0008.jpg\"><img loading=\"lazy\" class=\"aligncenter size-large wp-image-12825\" src=\"http:\/\/bisbalpenedes.com\/web\/wp-content\/uploads\/2020\/04\/Questionari-restriccions-COVID19-v20200405-12h_page-0008-725x1024.jpg\" alt=\"Questionari-restriccions-COVID19-v20200405-12h_page-0008\" width=\"630\" height=\"890\" srcset=\"https:\/\/bisbalpenedes.com\/web\/wp-content\/uploads\/2020\/04\/Questionari-restriccions-COVID19-v20200405-12h_page-0008-725x1024.jpg 725w, https:\/\/bisbalpenedes.com\/web\/wp-content\/uploads\/2020\/04\/Questionari-restriccions-COVID19-v20200405-12h_page-0008-600x848.jpg 600w, https:\/\/bisbalpenedes.com\/web\/wp-content\/uploads\/2020\/04\/Questionari-restriccions-COVID19-v20200405-12h_page-0008-212x300.jpg 212w, https:\/\/bisbalpenedes.com\/web\/wp-content\/uploads\/2020\/04\/Questionari-restriccions-COVID19-v20200405-12h_page-0008-768x1085.jpg 768w, https:\/\/bisbalpenedes.com\/web\/wp-content\/uploads\/2020\/04\/Questionari-restriccions-COVID19-v20200405-12h_page-0008.jpg 1241w\" sizes=\"(max-width: 630px) 100vw, 630px\" \/><\/a> <a href=\"http:\/\/bisbalpenedes.com\/web\/wp-content\/uploads\/2020\/04\/Questionari-restriccions-COVID19-v20200405-12h_page-0009.jpg\"><img loading=\"lazy\" class=\"aligncenter size-large wp-image-12826\" src=\"http:\/\/bisbalpenedes.com\/web\/wp-content\/uploads\/2020\/04\/Questionari-restriccions-COVID19-v20200405-12h_page-0009-725x1024.jpg\" alt=\"Questionari-restriccions-COVID19-v20200405-12h_page-0009\" width=\"630\" height=\"890\" srcset=\"https:\/\/bisbalpenedes.com\/web\/wp-content\/uploads\/2020\/04\/Questionari-restriccions-COVID19-v20200405-12h_page-0009-725x1024.jpg 725w, https:\/\/bisbalpenedes.com\/web\/wp-content\/uploads\/2020\/04\/Questionari-restriccions-COVID19-v20200405-12h_page-0009-600x848.jpg 600w, https:\/\/bisbalpenedes.com\/web\/wp-content\/uploads\/2020\/04\/Questionari-restriccions-COVID19-v20200405-12h_page-0009-212x300.jpg 212w, https:\/\/bisbalpenedes.com\/web\/wp-content\/uploads\/2020\/04\/Questionari-restriccions-COVID19-v20200405-12h_page-0009-768x1085.jpg 768w, https:\/\/bisbalpenedes.com\/web\/wp-content\/uploads\/2020\/04\/Questionari-restriccions-COVID19-v20200405-12h_page-0009.jpg 1241w\" sizes=\"(max-width: 630px) 100vw, 630px\" \/><\/a> <a href=\"http:\/\/bisbalpenedes.com\/web\/wp-content\/uploads\/2020\/04\/Questionari-restriccions-COVID19-v20200405-12h_page-0010.jpg\"><img loading=\"lazy\" class=\"aligncenter size-large wp-image-12827\" src=\"http:\/\/bisbalpenedes.com\/web\/wp-content\/uploads\/2020\/04\/Questionari-restriccions-COVID19-v20200405-12h_page-0010-725x1024.jpg\" alt=\"Questionari-restriccions-COVID19-v20200405-12h_page-0010\" width=\"630\" height=\"890\" srcset=\"https:\/\/bisbalpenedes.com\/web\/wp-content\/uploads\/2020\/04\/Questionari-restriccions-COVID19-v20200405-12h_page-0010-725x1024.jpg 725w, https:\/\/bisbalpenedes.com\/web\/wp-content\/uploads\/2020\/04\/Questionari-restriccions-COVID19-v20200405-12h_page-0010-600x848.jpg 600w, https:\/\/bisbalpenedes.com\/web\/wp-content\/uploads\/2020\/04\/Questionari-restriccions-COVID19-v20200405-12h_page-0010-212x300.jpg 212w, https:\/\/bisbalpenedes.com\/web\/wp-content\/uploads\/2020\/04\/Questionari-restriccions-COVID19-v20200405-12h_page-0010-768x1085.jpg 768w, https:\/\/bisbalpenedes.com\/web\/wp-content\/uploads\/2020\/04\/Questionari-restriccions-COVID19-v20200405-12h_page-0010.jpg 1241w\" sizes=\"(max-width: 630px) 100vw, 630px\" \/><\/a><\/p>\n<\/div>\n<\/div>\n","protected":false},"excerpt":{"rendered":"<p>ACTUALITZACI\u00d3 05-04-20 &#8211; 12h Qu\u00e8 puc fer i qu\u00e8 no? Les preguntes freq\u00fcents sobre el coronavirus Covid-19 respostes des del Centre de Coordinaci\u00f3 Operativa de Catalunya (CECAT). Podeu descarregar el &hellip; <a href=\"https:\/\/bisbalpenedes.com\/web\/2020\/04\/06\/12816\/\" class=\"more-link\">Read More<\/a><\/p>\n","protected":false},"author":4,"featured_media":12818,"comment_status":"closed","ping_status":"closed","sticky":false,"template":"","format":"standard","meta":[],"categories":[3636],"tags":[3550,3559,3669,1190,3664],"_links":{"self":[{"href":"https:\/\/bisbalpenedes.com\/web\/wp-json\/wp\/v2\/posts\/12816"}],"collection":[{"href":"https:\/\/bisbalpenedes.com\/web\/wp-json\/wp\/v2\/posts"}],"about":[{"href":"https:\/\/bisbalpenedes.com\/web\/wp-json\/wp\/v2\/types\/post"}],"author":[{"embeddable":true,"href":"https:\/\/bisbalpenedes.com\/web\/wp-json\/wp\/v2\/users\/4"}],"replies":[{"embeddable":true,"href":"https:\/\/bisbalpenedes.com\/web\/wp-json\/wp\/v2\/comments?post=12816"}],"version-history":[{"count":1,"href":"https:\/\/bisbalpenedes.com\/web\/wp-json\/wp\/v2\/posts\/12816\/revisions"}],"predecessor-version":[{"id":12828,"href":"https:\/\/bisbalpenedes.com\/web\/wp-json\/wp\/v2\/posts\/12816\/revisions\/12828"}],"wp:featuredmedia":[{"embeddable":true,"href":"https:\/\/bisbalpenedes.com\/web\/wp-json\/wp\/v2\/media\/12818"}],"wp:attachment":[{"href":"https:\/\/bisbalpenedes.com\/web\/wp-json\/wp\/v2\/media?parent=12816"}],"wp:term":[{"taxonomy":"category","embeddable":true,"href":"https:\/\/bisbalpenedes.com\/web\/wp-json\/wp\/v2\/categories?post=12816"},{"taxonomy":"post_tag","embeddable":true,"href":"https:\/\/bisbalpenedes.com\/web\/wp-json\/wp\/v2\/tags?post=12816"}],"curies":[{"name":"wp","href":"https:\/\/api.w.org\/{rel}","templated":true}]}}