{"id":12793,"date":"2020-04-03T14:46:23","date_gmt":"2020-04-03T13:46:23","guid":{"rendered":"http:\/\/bisbalpenedes.com\/web\/?p=12793"},"modified":"2020-04-03T14:49:32","modified_gmt":"2020-04-03T13:49:32","slug":"video-dels-i-les-mestres-i-del-personal-docent-de-lescola-ull-de-vent","status":"publish","type":"post","link":"https:\/\/bisbalpenedes.com\/web\/2020\/04\/03\/video-dels-i-les-mestres-i-del-personal-docent-de-lescola-ull-de-vent\/","title":{"rendered":"V\u00eddeo dels i les mestres i del personal docent de l&#8217;Escola Ull de Vent"},"content":{"rendered":"<div style=\"text-align: justify;\"><span style=\"color: #000000;\">Trobeu a faltar els i les mestres i el personal de l&#8217;Escola Ull de Vent? Voleu saber qu\u00e8 fan aquests dies? Doncs tenim bones not\u00edcies: han fet un v\u00eddeo per a tots vosaltres que acaba amb un missatge d&#8217;\u00e0nims i un bon consell &#8220;Amb un bon somriure, tot es veu diferent&#8221;.<\/span><\/div>\n<div style=\"text-align: justify;\"><\/div>\n<div style=\"text-align: justify;\"><span style=\"color: #000000;\">Gr\u00e0cies per compartir aquest v\u00eddeo tan positiu. Segur que als nens i les nenes de l&#8217;escola i a les seves fam\u00edlies els encanta!<\/span><\/div>\n<div style=\"text-align: justify;\"><\/div>\n<div style=\"text-align: justify;\">Enlla\u00e7 al v\u00eddeo:\u00a0<a href=\"https:\/\/www.youtube.com\/watch?v=Ell94t-oPgg&amp;feature=youtu.be\" target=\"_blank\">https:\/\/www.youtube.com\/watch?v=Ell94t-oPgg&amp;feature=youtu.be<\/a><\/div>\n<hr \/>\n<div class=\"text_exposed_show\">\n<div style=\"text-align: justify;\"><span style=\"color: #000000;\">\u00bfEch\u00e1is de menos a los maestros y las maestras y al personal de la Escuela Ull de Vent? \u00bfQuer\u00e9is saber qu\u00e9 hacen estos d\u00edas?<\/span><\/div>\n<div style=\"text-align: justify;\"><span style=\"color: #000000;\">Pues tenemos buenas noticias: han hecho un v\u00eddeo para todos vosotros que termina con un mensaje de \u00e1nimos y un buen consejo &#8220;Con una buena sonrisa, todo se ve diferente&#8221;.<\/span><\/div>\n<div style=\"text-align: justify;\"><\/div>\n<div style=\"text-align: justify;\"><span style=\"color: #000000;\">Gracias por compartir este v\u00eddeo tan positivo. \u00a1Seguro que a los ni\u00f1os y a las ni\u00f1as del colegio y a sus familias les encanta!<\/span><\/div>\n<\/div>\n<div style=\"text-align: justify;\"><\/div>\n<div style=\"text-align: justify;\">Enlace al v\u00eddeo:\u00a0<a href=\"https:\/\/www.youtube.com\/watch?v=Ell94t-oPgg&amp;feature=youtu.be\" target=\"_blank\">https:\/\/www.youtube.com\/watch?v=Ell94t-oPgg&amp;feature=youtu.be<\/a><\/div>\n<p style=\"text-align: center;\"><iframe loading=\"lazy\" src=\"https:\/\/www.youtube.com\/embed\/Ell94t-oPgg\" width=\"560\" height=\"315\" frameborder=\"0\" allowfullscreen=\"allowfullscreen\"><\/iframe><\/p>\n","protected":false},"excerpt":{"rendered":"<p>Trobeu a faltar els i les mestres i el personal de l&#8217;Escola Ull de Vent? Voleu saber qu\u00e8 fan aquests dies? Doncs tenim bones not\u00edcies: han fet un v\u00eddeo per &hellip; <a href=\"https:\/\/bisbalpenedes.com\/web\/2020\/04\/03\/video-dels-i-les-mestres-i-del-personal-docent-de-lescola-ull-de-vent\/\" class=\"more-link\">Read More<\/a><\/p>\n","protected":false},"author":4,"featured_media":12795,"comment_status":"closed","ping_status":"closed","sticky":false,"template":"","format":"standard","meta":[],"categories":[3636,2397],"tags":[3586,3559,274,862,337],"_links":{"self":[{"href":"https:\/\/bisbalpenedes.com\/web\/wp-json\/wp\/v2\/posts\/12793"}],"collection":[{"href":"https:\/\/bisbalpenedes.com\/web\/wp-json\/wp\/v2\/posts"}],"about":[{"href":"https:\/\/bisbalpenedes.com\/web\/wp-json\/wp\/v2\/types\/post"}],"author":[{"embeddable":true,"href":"https:\/\/bisbalpenedes.com\/web\/wp-json\/wp\/v2\/users\/4"}],"replies":[{"embeddable":true,"href":"https:\/\/bisbalpenedes.com\/web\/wp-json\/wp\/v2\/comments?post=12793"}],"version-history":[{"count":1,"href":"https:\/\/bisbalpenedes.com\/web\/wp-json\/wp\/v2\/posts\/12793\/revisions"}],"predecessor-version":[{"id":12794,"href":"https:\/\/bisbalpenedes.com\/web\/wp-json\/wp\/v2\/posts\/12793\/revisions\/12794"}],"wp:featuredmedia":[{"embeddable":true,"href":"https:\/\/bisbalpenedes.com\/web\/wp-json\/wp\/v2\/media\/12795"}],"wp:attachment":[{"href":"https:\/\/bisbalpenedes.com\/web\/wp-json\/wp\/v2\/media?parent=12793"}],"wp:term":[{"taxonomy":"category","embeddable":true,"href":"https:\/\/bisbalpenedes.com\/web\/wp-json\/wp\/v2\/categories?post=12793"},{"taxonomy":"post_tag","embeddable":true,"href":"https:\/\/bisbalpenedes.com\/web\/wp-json\/wp\/v2\/tags?post=12793"}],"curies":[{"name":"wp","href":"https:\/\/api.w.org\/{rel}","templated":true}]}}