{"id":1279,"date":"2015-08-10T18:29:12","date_gmt":"2015-08-10T12:29:12","guid":{"rendered":"http:\/\/bisbalpenedes.com\/web\/?p=1279"},"modified":"2015-08-10T18:29:31","modified_gmt":"2015-08-10T12:29:31","slug":"1279","status":"publish","type":"post","link":"https:\/\/bisbalpenedes.com\/web\/2015\/08\/10\/1279\/","title":{"rendered":"Anuncis juliol agost 2015"},"content":{"rendered":"<p>Anuncis de l&#8217;Ajuntament de la Bisbal del Pened\u00e8s, juliol i agost de 2015<\/p>\n<p>El desgl\u00f2s de cada anunci es troba en el pdf adjunt.<\/p>\n<p>1. El Ple de l\u2019Ajuntament de la Bisbal del Pened\u00e8s en sessi\u00f3 extraordin\u00e0ria celebrada el dia 7 d\u2019agost de 2015, va aprovar la modificaci\u00f3 de la plantilla i la relaci\u00f3 de llocs de treball del personal funcionari i laboral d\u2019aquest Ajuntament<\/p>\n<p>2.El Ple de l\u2019Ajuntament de la Bisbal del Pened\u00e8s en sessi\u00f3 extraordin\u00e0ria celebrada el dia 23 de juliol de 2015, acord\u00e0 l\u2019aprovaci\u00f3 inicial de l\u2019Ordenan\u00e7a municipal reguladora de subvencions a les persones desocupades que s\u2019estableixin com a aut\u00f2nomes, per la posada en marxa d\u2019una activitat econ\u00f2mica<\/p>\n<p>3.El Ple de l\u2019Ajuntament de la Bisbal del Pened\u00e8s en sessi\u00f3 extraordin\u00e0ria celebrada el dia 23 de juliol de 2015, acord\u00e0 l\u2019aprovaci\u00f3 inicial de l\u2019Ordenan\u00e7a municipal reguladora de subvencions a la creaci\u00f3 de llocs de treball per les empreses amb establiments radicats al terme municipal de la Bisbal del Pened\u00e8s per a persones desocupades de la poblaci\u00f3<\/p>\n<p>4.El Ple de l\u2019Ajuntament de la Bisbal del Pened\u00e8s en sessi\u00f3 extraordin\u00e0ria celebrada el dia 7 d\u2019agost de 2015, s\u2019aprov\u00e0 inicialment la mem\u00f2ria justificativa relativa a la modificaci\u00f3 de la forma de gesti\u00f3 del servei p\u00fablic de menjador escolar <\/p>\n<p>5.El Ple, en sessi\u00f3 realitzada en data 23 de juliol de 2015, va aprovar inicialment l\u2019expedient modificatiu de cr\u00e8dits del pressupost de n\u00fam. 1\/2015 de l&#8217;Ajuntament de la Bisbal del Pened\u00e8s.<\/p>\n<p>6.El Ple de l\u2019Ajuntament de la Bisbal del Pened\u00e8s en sessi\u00f3 extraordin\u00e0ria celebrada el dia 7 d\u2019agost de 2015, acord\u00e0 l\u2019aprovaci\u00f3 inicial de l\u2019Ordenan\u00e7a municipal reguladora de subvencions en mat\u00e8ria d\u2019ensenyament <\/p>\n<p>7.El Ple de l\u2019Ajuntament de la Bisbal del Pened\u00e8s en sessi\u00f3 extraordin\u00e0ria celebrada el dia 7 d\u2019agost de 2015, va acordar l\u2019aprovaci\u00f3 provisional de la imposici\u00f3 i l\u2019ordenan\u00e7a fiscal reguladora de la taxa per la prestaci\u00f3 del servei de l\u2019escola bressol.<\/p>\n<p><a href='http:\/\/bisbalpenedes.com\/web\/wp-content\/uploads\/2015\/08\/anuncis-juliol-agost-2015.pdf'>anuncis juliol agost 2015 en format PDF<\/a><\/p>\n","protected":false},"excerpt":{"rendered":"<p>Anuncis de l&#8217;Ajuntament de la Bisbal del Pened\u00e8s, juliol i agost de 2015 El desgl\u00f2s de cada anunci es troba en el pdf adjunt. 1. El Ple de l\u2019Ajuntament de &hellip; <a href=\"https:\/\/bisbalpenedes.com\/web\/2015\/08\/10\/1279\/\" class=\"more-link\">Read More<\/a><\/p>\n","protected":false},"author":1,"featured_media":961,"comment_status":"closed","ping_status":"open","sticky":false,"template":"","format":"standard","meta":[],"categories":[4],"tags":[142],"_links":{"self":[{"href":"https:\/\/bisbalpenedes.com\/web\/wp-json\/wp\/v2\/posts\/1279"}],"collection":[{"href":"https:\/\/bisbalpenedes.com\/web\/wp-json\/wp\/v2\/posts"}],"about":[{"href":"https:\/\/bisbalpenedes.com\/web\/wp-json\/wp\/v2\/types\/post"}],"author":[{"embeddable":true,"href":"https:\/\/bisbalpenedes.com\/web\/wp-json\/wp\/v2\/users\/1"}],"replies":[{"embeddable":true,"href":"https:\/\/bisbalpenedes.com\/web\/wp-json\/wp\/v2\/comments?post=1279"}],"version-history":[{"count":2,"href":"https:\/\/bisbalpenedes.com\/web\/wp-json\/wp\/v2\/posts\/1279\/revisions"}],"predecessor-version":[{"id":1282,"href":"https:\/\/bisbalpenedes.com\/web\/wp-json\/wp\/v2\/posts\/1279\/revisions\/1282"}],"wp:featuredmedia":[{"embeddable":true,"href":"https:\/\/bisbalpenedes.com\/web\/wp-json\/wp\/v2\/media\/961"}],"wp:attachment":[{"href":"https:\/\/bisbalpenedes.com\/web\/wp-json\/wp\/v2\/media?parent=1279"}],"wp:term":[{"taxonomy":"category","embeddable":true,"href":"https:\/\/bisbalpenedes.com\/web\/wp-json\/wp\/v2\/categories?post=1279"},{"taxonomy":"post_tag","embeddable":true,"href":"https:\/\/bisbalpenedes.com\/web\/wp-json\/wp\/v2\/tags?post=1279"}],"curies":[{"name":"wp","href":"https:\/\/api.w.org\/{rel}","templated":true}]}}