{"id":12779,"date":"2020-04-02T19:28:21","date_gmt":"2020-04-02T18:28:21","guid":{"rendered":"http:\/\/bisbalpenedes.com\/web\/?p=12779"},"modified":"2020-04-02T20:01:24","modified_gmt":"2020-04-02T19:01:24","slug":"si-teniu-una-2a-residencia-a-la-bisbal-del-penedes-si-us-plau-compliu-les-mesures-de-confinament-i-no-vingueu","status":"publish","type":"post","link":"https:\/\/bisbalpenedes.com\/web\/2020\/04\/02\/si-teniu-una-2a-residencia-a-la-bisbal-del-penedes-si-us-plau-compliu-les-mesures-de-confinament-i-no-vingueu\/","title":{"rendered":"Si teniu una 2a resid\u00e8ncia a la Bisbal del Pened\u00e8s, si us plau, compliu les mesures de confinament i NO VINGUEU"},"content":{"rendered":"<div class=\"_1mf _1mj\" style=\"text-align: center;\" data-offset-key=\"7qsf0-0-0\"><a href=\"http:\/\/bisbalpenedes.com\/web\/wp-content\/uploads\/2020\/04\/quedatacasa-segona-resi.jpg\"><img loading=\"lazy\" class=\"aligncenter wp-image-12780 size-large\" src=\"http:\/\/bisbalpenedes.com\/web\/wp-content\/uploads\/2020\/04\/quedatacasa-segona-resi-1024x1024.jpg\" alt=\"quedatacasa segona resi\" width=\"630\" height=\"630\" srcset=\"https:\/\/bisbalpenedes.com\/web\/wp-content\/uploads\/2020\/04\/quedatacasa-segona-resi-1024x1024.jpg 1024w, https:\/\/bisbalpenedes.com\/web\/wp-content\/uploads\/2020\/04\/quedatacasa-segona-resi-300x300.jpg 300w, https:\/\/bisbalpenedes.com\/web\/wp-content\/uploads\/2020\/04\/quedatacasa-segona-resi-100x100.jpg 100w, https:\/\/bisbalpenedes.com\/web\/wp-content\/uploads\/2020\/04\/quedatacasa-segona-resi-600x600.jpg 600w, https:\/\/bisbalpenedes.com\/web\/wp-content\/uploads\/2020\/04\/quedatacasa-segona-resi-150x150.jpg 150w, https:\/\/bisbalpenedes.com\/web\/wp-content\/uploads\/2020\/04\/quedatacasa-segona-resi-768x768.jpg 768w, https:\/\/bisbalpenedes.com\/web\/wp-content\/uploads\/2020\/04\/quedatacasa-segona-resi.jpg 1656w\" sizes=\"(max-width: 630px) 100vw, 630px\" \/><\/a><\/div>\n<div class=\"\" data-block=\"true\" data-editor=\"2qkkc\" data-offset-key=\"43lcr-0-0\">\n<div class=\"_1mf _1mj\" data-offset-key=\"43lcr-0-0\"><span style=\"color: #000000;\"><strong>TENIU UNA SEGONA RESID\u00c8NCIA A LA BISBAL DEL PENED\u00c8S?\u00a0<\/strong><\/span><\/div>\n<\/div>\n<div class=\"\" data-block=\"true\" data-editor=\"2qkkc\" data-offset-key=\"7roul-0-0\">\n<div class=\"_1mf _1mj\" data-offset-key=\"7roul-0-0\"><span data-offset-key=\"7roul-0-0\">\u00a0<\/span><\/div>\n<\/div>\n<div class=\"\" data-block=\"true\" data-editor=\"2qkkc\" data-offset-key=\"5tbkj-0-0\">\n<div class=\"_1mf _1mj\" style=\"text-align: justify;\" data-offset-key=\"5tbkj-0-0\"><span style=\"color: #000000;\" data-offset-key=\"5tbkj-1-0\"><span data-text=\"true\">Si teniu una segona resid\u00e8ncia a la Bisbal del Pened\u00e8s i us ve de gust venir a passar les \u2018vacances\u2019 de Setmana Santa, si us plau, NO VINGUEU. Si ho feu, us posareu en perill i tamb\u00e9 posareu en perill la Bisbal del Pened\u00e8s i la seva gent. Penseu en els ve\u00efns del municipi i quedeu-vos a casa. Pel b\u00e9 de tots.<\/span><\/span><\/div>\n<div class=\"_1mf _1mj\" style=\"text-align: justify;\" data-offset-key=\"5tbkj-0-0\"><\/div>\n<div class=\"_1mf _1mj\" style=\"text-align: justify;\" data-offset-key=\"5tbkj-0-0\"><span style=\"color: #000000;\">L\u2019Ajuntament de la Bisbal del Pened\u00e8s informa que el cos de Mossos d\u2019Esquadra est\u00e0 treballant perqu\u00e8 es compleixin les mesures de confinament. Estem vivint uns moments dif\u00edcils i una situaci\u00f3 excepcional i tots hem de ser molt conscients que la nostra responsabilitat beneficia tota la societat i, per contra, les irresponsabilitats d\u2019alguns ciutadans ens perjudiquen a tots.<\/span><\/div>\n<\/div>\n<div class=\"\" style=\"text-align: justify;\" data-block=\"true\" data-editor=\"2qkkc\" data-offset-key=\"6ed9t-0-0\">\n<div class=\"_1mf _1mj\" data-offset-key=\"6ed9t-0-0\"><span style=\"color: #000000;\" data-offset-key=\"6ed9t-0-0\">\u00a0<\/span><\/div>\n<\/div>\n<div class=\"\" data-block=\"true\" data-editor=\"2qkkc\" data-offset-key=\"3p01i-0-0\">\n<div class=\"_1mf _1mj\" style=\"text-align: justify;\" data-offset-key=\"3p01i-0-0\"><span style=\"color: #000000;\">Mentre durin les mesures de confinament, diverses patrulles de Mossos d\u2019Esquadra treballaran en diversos punts del municipi i la comarca i faran controls per sancionar aquelles persones que se saltin les mesures de confinament. Quedeu-vos a casa i no vingueu. Quan tot aix\u00f2 passi ja podreu tornar a gaudir de la vostra segona resid\u00e8ncia. Gr\u00e0cies per contribuir a frenar la pand\u00e8mia, per la vostra salut i per la de tots.<\/span><\/div>\n<div class=\"_1mf _1mj\" style=\"text-align: justify;\" data-offset-key=\"3p01i-0-0\"><\/div>\n<div class=\"_1mf _1mj\" style=\"text-align: justify;\" data-offset-key=\"3p01i-0-0\">\n<hr \/>\n<\/div>\n<div class=\"_1mf _1mj\" data-offset-key=\"3p01i-0-0\">\n<p style=\"text-align: justify;\"><span style=\"color: #000000;\"><strong>\u00bfTEN\u00c9IS UNA SEGUNDA RESIDENCIA EN LA BISBAL DEL PENED\u00c8S?<\/strong><\/span><\/p>\n<p style=\"text-align: justify;\"><span style=\"color: #000000;\">Si ten\u00e9is una segunda residencia en la Bisbal del Pened\u00e8s y os apetece venir a pasar las \u2018vacaciones\u2019 de Semana Santa, por favor, NO VENG\u00c1IS. Si lo hac\u00e9is, os pondr\u00e9is en peligro y tambi\u00e9n pondr\u00e9is en peligro a la Bisbal del Pened\u00e8s y a su gente. Pensad en los vecinos del municipio y quedaos en vuestra casa. Por el bien de todos.<\/span><\/p>\n<p style=\"text-align: justify;\"><span style=\"color: #000000;\">El Ayuntamiento de la Bisbal del Pened\u00e8s informa que el cuerpo de Mossos d\u2019Esquadra est\u00e1 trabajando para que se cumplan las medidas de confinamiento. Estamos viviendo unos momentos dif\u00edciles y una situaci\u00f3n excepcional y todos tenemos que ser muy conscientes de que nuestra responsabilidad beneficia toda la sociedad y, por el contrario, las irresponsabilidades de algunos ciudadanos nos perjudican a todos.<\/span><\/p>\n<p style=\"text-align: justify;\"><span style=\"color: #000000;\">Mientras duren las medidas de confinamiento, varias patrullas de Mossos d\u2019Esquadra trabajar\u00e1n en distintos puntos del municipio y la comarca y har\u00e1n controles para sancionar a aquellas personas que se salten las medidas de confinamiento. Quedaos en casa y no veng\u00e1is. Cuando todo esto pase ya podr\u00e9is volver a disfrutar de tu segunda residencia. Gracias por contribuir a frenar la pandemia, por vuestra salud y por la de todos.<\/span><\/p>\n<hr \/>\n<\/div>\n<\/div>\n","protected":false},"excerpt":{"rendered":"<p>TENIU UNA SEGONA RESID\u00c8NCIA A LA BISBAL DEL PENED\u00c8S?\u00a0 \u00a0 Si teniu una segona resid\u00e8ncia a la Bisbal del Pened\u00e8s i us ve de gust venir a passar les \u2018vacances\u2019 &hellip; <a href=\"https:\/\/bisbalpenedes.com\/web\/2020\/04\/02\/si-teniu-una-2a-residencia-a-la-bisbal-del-penedes-si-us-plau-compliu-les-mesures-de-confinament-i-no-vingueu\/\" class=\"more-link\">Read More<\/a><\/p>\n","protected":false},"author":4,"featured_media":12780,"comment_status":"closed","ping_status":"closed","sticky":false,"template":"","format":"standard","meta":[],"categories":[3304],"tags":[3628,3586,3550,3559,82,3667,3666,1868],"_links":{"self":[{"href":"https:\/\/bisbalpenedes.com\/web\/wp-json\/wp\/v2\/posts\/12779"}],"collection":[{"href":"https:\/\/bisbalpenedes.com\/web\/wp-json\/wp\/v2\/posts"}],"about":[{"href":"https:\/\/bisbalpenedes.com\/web\/wp-json\/wp\/v2\/types\/post"}],"author":[{"embeddable":true,"href":"https:\/\/bisbalpenedes.com\/web\/wp-json\/wp\/v2\/users\/4"}],"replies":[{"embeddable":true,"href":"https:\/\/bisbalpenedes.com\/web\/wp-json\/wp\/v2\/comments?post=12779"}],"version-history":[{"count":7,"href":"https:\/\/bisbalpenedes.com\/web\/wp-json\/wp\/v2\/posts\/12779\/revisions"}],"predecessor-version":[{"id":12787,"href":"https:\/\/bisbalpenedes.com\/web\/wp-json\/wp\/v2\/posts\/12779\/revisions\/12787"}],"wp:featuredmedia":[{"embeddable":true,"href":"https:\/\/bisbalpenedes.com\/web\/wp-json\/wp\/v2\/media\/12780"}],"wp:attachment":[{"href":"https:\/\/bisbalpenedes.com\/web\/wp-json\/wp\/v2\/media?parent=12779"}],"wp:term":[{"taxonomy":"category","embeddable":true,"href":"https:\/\/bisbalpenedes.com\/web\/wp-json\/wp\/v2\/categories?post=12779"},{"taxonomy":"post_tag","embeddable":true,"href":"https:\/\/bisbalpenedes.com\/web\/wp-json\/wp\/v2\/tags?post=12779"}],"curies":[{"name":"wp","href":"https:\/\/api.w.org\/{rel}","templated":true}]}}