{"id":12751,"date":"2020-04-02T13:41:47","date_gmt":"2020-04-02T12:41:47","guid":{"rendered":"http:\/\/bisbalpenedes.com\/web\/?p=12751"},"modified":"2020-04-02T13:41:47","modified_gmt":"2020-04-02T12:41:47","slug":"agraiment-de-lalcaldessa-agnes-ferre-gracies-per-quedar-vos-a-casa-i-ser-solidaris","status":"publish","type":"post","link":"https:\/\/bisbalpenedes.com\/web\/2020\/04\/02\/agraiment-de-lalcaldessa-agnes-ferre-gracies-per-quedar-vos-a-casa-i-ser-solidaris\/","title":{"rendered":"Agra\u00efment de l&#8217;alcaldessa Agn\u00e8s Ferr\u00e9: gr\u00e0cies per quedar-vos a casa i ser solidaris"},"content":{"rendered":"<p><a href=\"http:\/\/bisbalpenedes.com\/web\/wp-content\/uploads\/2020\/04\/LA-BISBAL-DEL-PENEDES-AGNES-AGRAiMENT_page-0001.jpg\"><img loading=\"lazy\" class=\"aligncenter size-full wp-image-12753\" src=\"http:\/\/bisbalpenedes.com\/web\/wp-content\/uploads\/2020\/04\/LA-BISBAL-DEL-PENEDES-AGNES-AGRAiMENT_page-0001.jpg\" alt=\"LA BISBAL DEL PENEDES-AGNES AGRAiMENT_page-0001\" width=\"775\" height=\"983\" srcset=\"https:\/\/bisbalpenedes.com\/web\/wp-content\/uploads\/2020\/04\/LA-BISBAL-DEL-PENEDES-AGNES-AGRAiMENT_page-0001.jpg 775w, https:\/\/bisbalpenedes.com\/web\/wp-content\/uploads\/2020\/04\/LA-BISBAL-DEL-PENEDES-AGNES-AGRAiMENT_page-0001-600x761.jpg 600w, https:\/\/bisbalpenedes.com\/web\/wp-content\/uploads\/2020\/04\/LA-BISBAL-DEL-PENEDES-AGNES-AGRAiMENT_page-0001-237x300.jpg 237w, https:\/\/bisbalpenedes.com\/web\/wp-content\/uploads\/2020\/04\/LA-BISBAL-DEL-PENEDES-AGNES-AGRAiMENT_page-0001-768x974.jpg 768w\" sizes=\"(max-width: 775px) 100vw, 775px\" \/><\/a><\/p>\n<p><span style=\"text-decoration: underline;\"><span style=\"color: #000000;\"><strong>CASTELLANO<\/strong><\/span><\/span><\/p>\n<p><span style=\"color: #000000;\"><strong>GRACIAS POR QUEDAROS EN CASA Y SER SOLIDARIOS<\/strong><\/span><\/p>\n<p><span style=\"color: #000000;\">Ahora m\u00e1s que tenemos que continuar siguiendo las indicaciones de las autoridades sanitarias qued\u00e1ndonos en casa. Debemos salir lo m\u00ednimo posible e ir a comprar habiendo hecho el pedido antes aprovechando el servicio que nos ofrecen nuestros comerciantes.<\/span><\/p>\n<p><span style=\"color: #000000;\">Doy las gracias a los comercios que abr\u00eds para ofrecer productos b\u00e1sicos. Gracias al voluntariado municipal que segu\u00eds dando los \u201cbuenos d\u00edas\u201d cada d\u00eda de la semana y que estos d\u00edas, m\u00e1s que nunca, es un servicio esencial. Gracias a los empleados y empleadas municipales que trabaj\u00e1is desde casa para seguir haciendo funcionar el Ayuntamiento, a la brigada municipal que trabaj\u00e1is en la calle y a los que atend\u00e9is a la ciudadan\u00eda por tel\u00e9fono.<\/span><\/p>\n<p><span style=\"color: #000000;\">Gracias al servicio de informaci\u00f3n e inspecci\u00f3n municipal y a los concejales y concejalas del equipo de gobierno, que llev\u00e1is medicamentos a la gente mayor que lo necesita, as\u00ed como el reparto domiciliario del Rebost Solidari a los m\u00e1s necesitados.<\/span><\/p>\n<p><span style=\"color: #000000;\"><strong>GRACIAS A VOSOTROS POR QUEDAROS EN CASA<\/strong><\/span><\/p>\n<p><span style=\"color: #000000;\">A los aut\u00f3nomos y empresarios que no pod\u00e9is funcionar con normalidad, os animo a estar atentos a las ayudas que se van publicando y a no desfallecer. Gracias a los bisbalenses y bisbalensas que, desde casa, hac\u00e9is dibujos para los ni\u00f1os, mascarillas y batas para quien lo necesita, v\u00eddeos de como pasar el confinamiento con una carcajada, y a los que colg\u00e1is en las redes fotograf\u00edas antiguas de la Bisbal.<\/span><\/p>\n<p><span style=\"color: #000000;\">Es una situaci\u00f3n nueva, grave y, como todo lo que nos es desconocido, nos asusta. Pero esto nos tiene que hacer m\u00e1s fuertes, porqu\u00e9 conseguiremos ganar al Covid-19 entre todos si seguimos los consejos y nos quedamos en casa.<\/span><\/p>\n","protected":false},"excerpt":{"rendered":"<p>CASTELLANO GRACIAS POR QUEDAROS EN CASA Y SER SOLIDARIOS Ahora m\u00e1s que tenemos que continuar siguiendo las indicaciones de las autoridades sanitarias qued\u00e1ndonos en casa. Debemos salir lo m\u00ednimo posible &hellip; <a href=\"https:\/\/bisbalpenedes.com\/web\/2020\/04\/02\/agraiment-de-lalcaldessa-agnes-ferre-gracies-per-quedar-vos-a-casa-i-ser-solidaris\/\" class=\"more-link\">Read More<\/a><\/p>\n","protected":false},"author":4,"featured_media":12753,"comment_status":"closed","ping_status":"closed","sticky":false,"template":"","format":"standard","meta":[],"categories":[2057],"tags":[1151,2092,3550,3559,393,373,468],"_links":{"self":[{"href":"https:\/\/bisbalpenedes.com\/web\/wp-json\/wp\/v2\/posts\/12751"}],"collection":[{"href":"https:\/\/bisbalpenedes.com\/web\/wp-json\/wp\/v2\/posts"}],"about":[{"href":"https:\/\/bisbalpenedes.com\/web\/wp-json\/wp\/v2\/types\/post"}],"author":[{"embeddable":true,"href":"https:\/\/bisbalpenedes.com\/web\/wp-json\/wp\/v2\/users\/4"}],"replies":[{"embeddable":true,"href":"https:\/\/bisbalpenedes.com\/web\/wp-json\/wp\/v2\/comments?post=12751"}],"version-history":[{"count":1,"href":"https:\/\/bisbalpenedes.com\/web\/wp-json\/wp\/v2\/posts\/12751\/revisions"}],"predecessor-version":[{"id":12754,"href":"https:\/\/bisbalpenedes.com\/web\/wp-json\/wp\/v2\/posts\/12751\/revisions\/12754"}],"wp:featuredmedia":[{"embeddable":true,"href":"https:\/\/bisbalpenedes.com\/web\/wp-json\/wp\/v2\/media\/12753"}],"wp:attachment":[{"href":"https:\/\/bisbalpenedes.com\/web\/wp-json\/wp\/v2\/media?parent=12751"}],"wp:term":[{"taxonomy":"category","embeddable":true,"href":"https:\/\/bisbalpenedes.com\/web\/wp-json\/wp\/v2\/categories?post=12751"},{"taxonomy":"post_tag","embeddable":true,"href":"https:\/\/bisbalpenedes.com\/web\/wp-json\/wp\/v2\/tags?post=12751"}],"curies":[{"name":"wp","href":"https:\/\/api.w.org\/{rel}","templated":true}]}}