{"id":12746,"date":"2020-04-02T12:53:56","date_gmt":"2020-04-02T11:53:56","guid":{"rendered":"http:\/\/bisbalpenedes.com\/web\/?p=12746"},"modified":"2020-04-02T13:39:26","modified_gmt":"2020-04-02T12:39:26","slug":"telefon-de-contacte-del-soc-i-resposta-a-les-preguntes-frequents-sobre-ocupacio-en-el-marc-de-la-situacio-actual-generada-pel-covid-19","status":"publish","type":"post","link":"https:\/\/bisbalpenedes.com\/web\/2020\/04\/02\/telefon-de-contacte-del-soc-i-resposta-a-les-preguntes-frequents-sobre-ocupacio-en-el-marc-de-la-situacio-actual-generada-pel-covid-19\/","title":{"rendered":"Tel\u00e8fon de contacte del SOC i resposta a les preguntes freq\u00fcents sobre ocupaci\u00f3 en el marc de la situaci\u00f3 actual generada pel COVID-19"},"content":{"rendered":"<p><a href=\"http:\/\/bisbalpenedes.com\/web\/wp-content\/uploads\/2020\/04\/info_Tramit_Demanda_900_29_03_2020_page-0001.jpg\"><img loading=\"lazy\" class=\"aligncenter size-large wp-image-12749\" src=\"http:\/\/bisbalpenedes.com\/web\/wp-content\/uploads\/2020\/04\/info_Tramit_Demanda_900_29_03_2020_page-0001-1024x576.jpg\" alt=\"info_Tramit_Demanda_900_29_03_2020_page-0001\" width=\"630\" height=\"354\" srcset=\"https:\/\/bisbalpenedes.com\/web\/wp-content\/uploads\/2020\/04\/info_Tramit_Demanda_900_29_03_2020_page-0001-1024x576.jpg 1024w, https:\/\/bisbalpenedes.com\/web\/wp-content\/uploads\/2020\/04\/info_Tramit_Demanda_900_29_03_2020_page-0001-600x337.jpg 600w, https:\/\/bisbalpenedes.com\/web\/wp-content\/uploads\/2020\/04\/info_Tramit_Demanda_900_29_03_2020_page-0001-300x169.jpg 300w, https:\/\/bisbalpenedes.com\/web\/wp-content\/uploads\/2020\/04\/info_Tramit_Demanda_900_29_03_2020_page-0001-768x432.jpg 768w\" sizes=\"(max-width: 630px) 100vw, 630px\" \/><\/a><\/p>\n<p><span style=\"color: #000000;\">El Servei P\u00fablic d\u2019Ocupaci\u00f3 de Catalunya (SOC) ha posat en marxa un nou servei d\u2019atenci\u00f3 telef\u00f2nica gratu\u00efta a trav\u00e9s del <strong>900 800 046.<\/strong> Aquest servei funcionar\u00e0 de 8h a 14h i donar\u00e0 resposta a preguntes de la ciutadania relacionades amb com donar d\u2019alta una demanda d\u2019ocupaci\u00f3, la Renda Garantida de Ciutadania i tr\u00e0mits i\/o consultes que normalment es realitzen des d\u2019una Oficina de Treball. Quan accediu al servei, un missatge enregistrat us demanar\u00e0 el vostre codi postal i, posteriorment, si la consulta t\u00e9 a veure amb la inscripci\u00f3 com a demandant d\u2019ocupaci\u00f3 o amb altres consultes o tr\u00e0mits, en funci\u00f3 de la tipologia de la pregunta es respondr\u00e0 directament o es derivar\u00e0.<\/span><\/p>\n<p><span style=\"color: #000000;\">Abans de trucar a aquest tel\u00e8fon, podeu consultar els seg\u00fcents enlla\u00e7os, en funci\u00f3 de la informaci\u00f3 que necessiteu:<\/span><\/p>\n<p style=\"padding-left: 30px;\"><span style=\"color: #000000;\">Indicacions i preguntes freq\u00fcents:\u00a0<a style=\"color: #000000;\" href=\"http:\/\/bisbalpenedes.com\/web\/wp-content\/uploads\/2020\/04\/Indicacions_Ciutadania_01_04_2020.pdf\">Indicacions_Ciutadania_01_04_2020<\/a><\/span><\/p>\n<p style=\"padding-left: 30px;\"><span style=\"color: #000000;\">A la p\u00e0gina web del SOC trobareu informaci\u00f3 adre\u00e7ada a les entitats, la ciutadania i les empreses i la informaci\u00f3 sobre la normativa aprovada en relaci\u00f3 amb l\u2019afectaci\u00f3 del COVID-19: <a style=\"color: #000000;\" href=\"https:\/\/serveiocupacio.gencat.cat\/ca\/soc\/informacio-sobre-el-coronavirus-sars-cov-2\/\">https:\/\/serveiocupacio.gencat.cat\/ca\/soc\/informacio-sobre-el-coronavirus-sars-cov-2\/<\/a>\u00a0\u00a0<\/span><\/p>\n<p style=\"padding-left: 30px;\"><span style=\"color: #000000;\">Preguntes freq\u00fcents i respostes de l\u2019\u00e0mbit laboral sobre el SARS-CoV-2. Aqu\u00ed trobareu informaci\u00f3 sobre els ERTO i ERO elaborada pel Departament de Treball, Afers Socials i Fam\u00edlies: <a style=\"color: #000000;\" href=\"https:\/\/treballiaferssocials.gencat.cat\/ca\/el_departament\/coronavirus-sars-cov-2\/treballadorsiempreses\/faqambitlaboral\/\">https:\/\/treballiaferssocials.gencat.cat\/ca\/el_departament\/coronavirus-sars-cov-2\/treballadorsiempreses\/faqambitlaboral\/<\/a><\/span><\/p>\n<p style=\"padding-left: 30px;\"><span style=\"color: #000000;\">Informaci\u00f3 elaborada pel Servicio de Empleo P\u00fablico Estatal\u00a0(SEPE)\u00a0<a style=\"color: #000000;\" href=\"https:\/\/www.sepe.es\/HomeSepe\/COVID-19\/preguntas-frecuentes.html\">https:\/\/www.sepe.es\/HomeSepe\/COVID-19\/preguntas-frecuentes.html<\/a><\/span><\/p>\n<p style=\"padding-left: 30px;\"><span style=\"color: #000000;\">Borses de treball d\u2019emerg\u00e8ncia per cobrir les vacants dels centres assistencials p\u00fablics o privats de Catalunya: <a style=\"color: #000000;\" href=\"https:\/\/serveiocupacio.gencat.cat\/web\/.content\/01_soc\/CORONAVIRUS\/Ciutadans\/Borsa_SOC_Assistencial_dependencia_COVID19.pdf\">https:\/\/serveiocupacio.gencat.cat\/web\/.content\/01_soc\/CORONAVIRUS\/Ciutadans\/Borsa_SOC_Assistencial_dependencia_COVID19.pdf<\/a><\/span><\/p>\n<p style=\"padding-left: 30px;\"><span style=\"color: #000000;\">Borsa de treball de la campanya agr\u00e0ria 2020: <a style=\"color: #000000;\" href=\"https:\/\/serveiocupacio.gencat.cat\/ca\/detall\/noticia\/Campanya-agraria-de-la-fruita-2020\">https:\/\/serveiocupacio.gencat.cat\/ca\/detall\/noticia\/Campanya-agraria-de-la-fruita-2020<\/a><\/span><\/p>\n<p><span style=\"color: #000000;\">Tamb\u00e9 podeu trobar informaci\u00f3 sobre l\u2019\u00e0mbit de l\u2019ocupaci\u00f3 i les empreses a trav\u00e9s dels perfils de xarxes socials del Servei d\u2019Ocupaci\u00f3 de Catalunya (SOC):<\/span><\/p>\n<p style=\"padding-left: 30px;\"><span style=\"color: #000000;\"><strong>@ocupaciocat<\/strong> a Twitter, Facebook i Instagram<\/span><\/p>\n<p style=\"padding-left: 30px;\"><span style=\"color: #000000;\"><strong>@treballcat<\/strong> a Linkedin<\/span><\/p>\n<hr \/>\n<p><a href=\"http:\/\/bisbalpenedes.com\/web\/wp-content\/uploads\/2020\/04\/info_Tramit_Demanda_900_29_03_2020_page-0001.jpg\"><img loading=\"lazy\" class=\"aligncenter wp-image-12749 size-large\" src=\"http:\/\/bisbalpenedes.com\/web\/wp-content\/uploads\/2020\/04\/info_Tramit_Demanda_900_29_03_2020_page-0001-1024x576.jpg\" alt=\"info_Tramit_Demanda_900_29_03_2020_page-0001\" width=\"630\" height=\"354\" srcset=\"https:\/\/bisbalpenedes.com\/web\/wp-content\/uploads\/2020\/04\/info_Tramit_Demanda_900_29_03_2020_page-0001-1024x576.jpg 1024w, https:\/\/bisbalpenedes.com\/web\/wp-content\/uploads\/2020\/04\/info_Tramit_Demanda_900_29_03_2020_page-0001-600x337.jpg 600w, https:\/\/bisbalpenedes.com\/web\/wp-content\/uploads\/2020\/04\/info_Tramit_Demanda_900_29_03_2020_page-0001-300x169.jpg 300w, https:\/\/bisbalpenedes.com\/web\/wp-content\/uploads\/2020\/04\/info_Tramit_Demanda_900_29_03_2020_page-0001-768x432.jpg 768w\" sizes=\"(max-width: 630px) 100vw, 630px\" \/><\/a><\/p>\n<p><span style=\"color: #000000;\"><strong>CASTELLANO | <\/strong>El Servicio P\u00fablico de Ocupaci\u00f3n de Catalunya (SOC) ha puesto en marcha un nuevo servicio de atenci\u00f3n telef\u00f3nica gratuita a trav\u00e9s del 900 800 046. Este servicio funcionar\u00e1 de 8h a 14h y dar\u00e1 respuesta a preguntas de la ciudadan\u00eda relacionadas con como dar de alta una demanda de ocupaci\u00f3n, la Renta Garantizada de la Ciudadan\u00eda y tr\u00e1mites y\/o consultas que normalmente se realizan desde una Oficina de Trabajo. Cuando acced\u00e1is al servicio, un mensaje grabado os pedir\u00e1 vuestro c\u00f3digo postal y, posteriormente, si la consulta tiene que ver con la inscripci\u00f3n como demandante de ocupaci\u00f3n o con otras consultas o tr\u00e1mites, en funci\u00f3n de la tipolog\u00eda de pregunta se responder\u00e1 directamente o se derivar\u00e1.<\/span><\/p>\n<p><span style=\"color: #000000;\">Antes de llamar a este tel\u00e9fono, pod\u00e9is consultar los siguientes enlaces, en funci\u00f3n de la informaci\u00f3n que necesit\u00e9is:<\/span><\/p>\n<p style=\"padding-left: 30px;\"><span style=\"color: #000000;\">Indicaciones\u00a0y preguntas frecuentes:<\/span>\u00a0<a href=\"http:\/\/bisbalpenedes.com\/web\/wp-content\/uploads\/2020\/04\/Indicacions_Ciutadania_01_04_2020.pdf\">Indicacions_Ciutadania_01_04_2020<\/a><\/p>\n<p style=\"padding-left: 30px;\"><span style=\"color: #000000;\">En la p\u00e1gina web del SOC encontrar\u00e9is informaci\u00f3n dirigida a las entidades, la ciudadan\u00eda y las empresas y la informaci\u00f3n sobre la normativa aprobada en relaci\u00f3n con la afectaci\u00f3n del COVID-19: <a style=\"color: #000000;\" href=\"https:\/\/serveiocupacio.gencat.cat\/ca\/soc\/informacio-sobre-el-coronavirus-sars-cov-2\/\">https:\/\/serveiocupacio.gencat.cat\/ca\/soc\/informacio-sobre-el-coronavirus-sars-cov-2\/<\/a>\u00a0\u00a0<\/span><\/p>\n<p style=\"padding-left: 30px;\"><span style=\"color: #000000;\">Preguntas frecuentes y respuestas del \u00e1mbito laboral sobre el SARS-CoV-2. Aqu\u00ed encontrar\u00e9is informaci\u00f3n sobre los ERTO y ERO elaborada por el Departamento de Trabajo, Asuntos sociales y Familias: <a style=\"color: #000000;\" href=\"https:\/\/treballiaferssocials.gencat.cat\/ca\/el_departament\/coronavirus-sars-cov-2\/treballadorsiempreses\/faqambitlaboral\/\">https:\/\/treballiaferssocials.gencat.cat\/ca\/el_departament\/coronavirus-sars-cov-2\/treballadorsiempreses\/faqambitlaboral\/<\/a><\/span><\/p>\n<p style=\"padding-left: 30px;\"><span style=\"color: #000000;\">Informaci\u00f3n elaborada por el Servicio de Empleo P\u00fablico Estatal (SEPE): <a style=\"color: #000000;\" href=\"https:\/\/www.sepe.es\/HomeSepe\/COVID-19\/preguntas-frecuentes.html\">https:\/\/www.sepe.es\/HomeSepe\/COVID-19\/preguntas-frecuentes.html<\/a><\/span><\/p>\n<p style=\"padding-left: 30px;\"><span style=\"color: #000000;\">Bolsas de trabajo de emergencia para cubrir las vacantes de los centros asistenciales p\u00fablicos o privados de Catalunya: <a style=\"color: #000000;\" href=\"https:\/\/serveiocupacio.gencat.cat\/web\/.content\/01_soc\/CORONAVIRUS\/Ciutadans\/Borsa_SOC_Assistencial_dependencia_COVID19.pdf\">https:\/\/serveiocupacio.gencat.cat\/web\/.content\/01_soc\/CORONAVIRUS\/Ciutadans\/Borsa_SOC_Assistencial_dependencia_COVID19.pdf<\/a><\/span><\/p>\n<p style=\"padding-left: 30px;\"><span style=\"color: #000000;\">Bolsa de trabajo de la campa\u00f1a agraria 2020: <a style=\"color: #000000;\" href=\"https:\/\/serveiocupacio.gencat.cat\/ca\/detall\/noticia\/Campanya-agraria-de-la-fruita-2020\">https:\/\/serveiocupacio.gencat.cat\/ca\/detall\/noticia\/Campanya-agraria-de-la-fruita-2020<\/a><\/span><\/p>\n<p><span style=\"color: #000000;\">Tambi\u00e9n pod\u00e9is encontrar informaci\u00f3n sobre el \u00e1mbito de la ocupaci\u00f3n y las empresas a trav\u00e9s de los perfiles de redes sociales del Servicio de Ocupaci\u00f3n de Catalunya (SOC):<\/span><\/p>\n<p style=\"padding-left: 30px;\"><span style=\"color: #000000;\"><strong>@ocupaciocat<\/strong> en Twitter, Facebook e Instagram<\/span><\/p>\n<p style=\"padding-left: 30px;\"><span style=\"color: #000000;\"><strong>@treballcat<\/strong> en Linkedin<\/span><\/p>\n<p>&nbsp;<\/p>\n<p>&nbsp;<\/p>\n<p>&nbsp;<\/p>\n<p>&nbsp;<\/p>\n","protected":false},"excerpt":{"rendered":"<p>El Servei P\u00fablic d\u2019Ocupaci\u00f3 de Catalunya (SOC) ha posat en marxa un nou servei d\u2019atenci\u00f3 telef\u00f2nica gratu\u00efta a trav\u00e9s del 900 800 046. Aquest servei funcionar\u00e0 de 8h a 14h &hellip; <a href=\"https:\/\/bisbalpenedes.com\/web\/2020\/04\/02\/telefon-de-contacte-del-soc-i-resposta-a-les-preguntes-frequents-sobre-ocupacio-en-el-marc-de-la-situacio-actual-generada-pel-covid-19\/\" class=\"more-link\">Read More<\/a><\/p>\n","protected":false},"author":4,"featured_media":12747,"comment_status":"closed","ping_status":"closed","sticky":false,"template":"","format":"standard","meta":[],"categories":[9],"tags":[2925,10,3572,27],"_links":{"self":[{"href":"https:\/\/bisbalpenedes.com\/web\/wp-json\/wp\/v2\/posts\/12746"}],"collection":[{"href":"https:\/\/bisbalpenedes.com\/web\/wp-json\/wp\/v2\/posts"}],"about":[{"href":"https:\/\/bisbalpenedes.com\/web\/wp-json\/wp\/v2\/types\/post"}],"author":[{"embeddable":true,"href":"https:\/\/bisbalpenedes.com\/web\/wp-json\/wp\/v2\/users\/4"}],"replies":[{"embeddable":true,"href":"https:\/\/bisbalpenedes.com\/web\/wp-json\/wp\/v2\/comments?post=12746"}],"version-history":[{"count":1,"href":"https:\/\/bisbalpenedes.com\/web\/wp-json\/wp\/v2\/posts\/12746\/revisions"}],"predecessor-version":[{"id":12750,"href":"https:\/\/bisbalpenedes.com\/web\/wp-json\/wp\/v2\/posts\/12746\/revisions\/12750"}],"wp:featuredmedia":[{"embeddable":true,"href":"https:\/\/bisbalpenedes.com\/web\/wp-json\/wp\/v2\/media\/12747"}],"wp:attachment":[{"href":"https:\/\/bisbalpenedes.com\/web\/wp-json\/wp\/v2\/media?parent=12746"}],"wp:term":[{"taxonomy":"category","embeddable":true,"href":"https:\/\/bisbalpenedes.com\/web\/wp-json\/wp\/v2\/categories?post=12746"},{"taxonomy":"post_tag","embeddable":true,"href":"https:\/\/bisbalpenedes.com\/web\/wp-json\/wp\/v2\/tags?post=12746"}],"curies":[{"name":"wp","href":"https:\/\/api.w.org\/{rel}","templated":true}]}}