{"id":12738,"date":"2020-04-02T11:01:47","date_gmt":"2020-04-02T10:01:47","guid":{"rendered":"http:\/\/bisbalpenedes.com\/web\/?p=12738"},"modified":"2020-04-02T11:13:10","modified_gmt":"2020-04-02T10:13:10","slug":"crida-a-la-ciutadania-per-a-la-confeccio-de-bates-per-a-lhospital-del-vendrell-el-cap-i-les-residencies","status":"publish","type":"post","link":"https:\/\/bisbalpenedes.com\/web\/2020\/04\/02\/crida-a-la-ciutadania-per-a-la-confeccio-de-bates-per-a-lhospital-del-vendrell-el-cap-i-les-residencies\/","title":{"rendered":"Crida a la ciutadania per a la confecci\u00f3 de bates per a l&#8217;Hospital del Vendrell, el CAP i les resid\u00e8ncies"},"content":{"rendered":"<p style=\"text-align: justify;\"><a href=\"http:\/\/bisbalpenedes.com\/web\/wp-content\/uploads\/2020\/04\/FOTO-BATES.jpg\"><img loading=\"lazy\" class=\"aligncenter size-large wp-image-12739\" src=\"http:\/\/bisbalpenedes.com\/web\/wp-content\/uploads\/2020\/04\/FOTO-BATES-1024x590.jpg\" alt=\"FOTO BATES\" width=\"630\" height=\"363\" srcset=\"https:\/\/bisbalpenedes.com\/web\/wp-content\/uploads\/2020\/04\/FOTO-BATES-1024x590.jpg 1024w, https:\/\/bisbalpenedes.com\/web\/wp-content\/uploads\/2020\/04\/FOTO-BATES-600x346.jpg 600w, https:\/\/bisbalpenedes.com\/web\/wp-content\/uploads\/2020\/04\/FOTO-BATES-300x173.jpg 300w, https:\/\/bisbalpenedes.com\/web\/wp-content\/uploads\/2020\/04\/FOTO-BATES-768x443.jpg 768w, https:\/\/bisbalpenedes.com\/web\/wp-content\/uploads\/2020\/04\/FOTO-BATES.jpg 1437w\" sizes=\"(max-width: 630px) 100vw, 630px\" \/><\/a><\/p>\n<p style=\"text-align: justify;\"><span style=\"color: #000000;\">L\u2019Ajuntament de la Bisbal del Pened\u00e8s col\u00b7labora en la campanya per a la confecci\u00f3 de bates d\u2019un sol \u00fas per a l\u2019Hospital del Vendrell, el CAP i les resid\u00e8ncies. Aquestes bates es faran amb bosses de pl\u00e0stic. Totes aquelles persones de la Bisbal del Pened\u00e8s que vulguin col\u00b7laborar i fer bates, poden contactar amb el tel\u00e8fon 608568881. L\u2019Ajuntament far\u00e0 arribar a casa dels voluntaris i les volunt\u00e0ries les bosses de pl\u00e0stic, a partir d\u2019aquest divendres, de forma gratu\u00efta. Posteriorment, l\u2019Ajuntament passar\u00e0 a recollir les bates confeccionades.<\/span><\/p>\n<p style=\"text-align: justify;\"><span style=\"color: #000000;\">Des de l\u2019Ajuntament de la Bisbal del Pened\u00e8s agra\u00efm la col\u00b7laboraci\u00f3 i la solidaritat de totes aquelles persones que estan treballant per ajudar els altres.<\/span><\/p>\n<p style=\"text-align: justify;\"><span style=\"color: #000000;\">Enlace al v\u00eddeo:\u00a0<a href=\"https:\/\/www.facebook.com\/AjuntamentBisbalPenedes\/videos\/2584672281859282\/\">https:\/\/www.facebook.com\/AjuntamentBisbalPenedes\/videos\/2584672281859282\/<\/a><\/span><\/p>\n<hr \/>\n<p style=\"text-align: justify;\"><span style=\"color: #000000;\"><strong>CASTELLANO |<\/strong>\u00a0El Ayuntamiento de la Bisbal del Pened\u00e8s colabora en la campa\u00f1a para la confecci\u00f3n de batas de un solo uso para el Hospital del Vendrell, el CAP y las residencias. Estas batas se har\u00e1n con bolsas de pl\u00e1stico. Todas aquellas personas de la Bisbal del Pened\u00e8s que quieran colaborar y hacer batas, pueden contactar con el tel\u00e9fono 608568881. El Ayuntamiento har\u00e1 llegar a casa de los voluntarios y las voluntarias las bolsas de pl\u00e1stico, a partir de este viernes, de forma gratuita. Posteriormente el Ayuntamiento pasar\u00e1 a recoger las batas confeccionadas.<\/span><\/p>\n<p style=\"text-align: justify;\"><span style=\"color: #000000;\">Desde el Ayuntamiento de la Bisbal del Pened\u00e8s agradecemos la colaboraci\u00f3n y la solidaridad de todas aquellas personas que est\u00e1n trabajando para ayudar a los dem\u00e1s.<\/span><\/p>\n<p style=\"text-align: justify;\"><span style=\"color: #000000;\">Enlace al v\u00eddeo:\u00a0<a href=\"https:\/\/www.facebook.com\/AjuntamentBisbalPenedes\/videos\/2584672281859282\/\">https:\/\/www.facebook.com\/AjuntamentBisbalPenedes\/videos\/2584672281859282\/<\/a><\/span><\/p>\n<p style=\"text-align: center;\">\n<p style=\"text-align: center;\"><a href=\"http:\/\/bisbalpenedes.com\/web\/wp-content\/uploads\/2020\/04\/document-cosidores.jpg\"><img loading=\"lazy\" class=\"aligncenter size-large wp-image-12743\" src=\"http:\/\/bisbalpenedes.com\/web\/wp-content\/uploads\/2020\/04\/document-cosidores-901x1024.jpg\" alt=\"document cosidores\" width=\"630\" height=\"716\" srcset=\"https:\/\/bisbalpenedes.com\/web\/wp-content\/uploads\/2020\/04\/document-cosidores-901x1024.jpg 901w, https:\/\/bisbalpenedes.com\/web\/wp-content\/uploads\/2020\/04\/document-cosidores-600x682.jpg 600w, https:\/\/bisbalpenedes.com\/web\/wp-content\/uploads\/2020\/04\/document-cosidores-264x300.jpg 264w, https:\/\/bisbalpenedes.com\/web\/wp-content\/uploads\/2020\/04\/document-cosidores-768x873.jpg 768w, https:\/\/bisbalpenedes.com\/web\/wp-content\/uploads\/2020\/04\/document-cosidores.jpg 985w\" sizes=\"(max-width: 630px) 100vw, 630px\" \/><\/a><\/p>\n","protected":false},"excerpt":{"rendered":"<p>L\u2019Ajuntament de la Bisbal del Pened\u00e8s col\u00b7labora en la campanya per a la confecci\u00f3 de bates d\u2019un sol \u00fas per a l\u2019Hospital del Vendrell, el CAP i les resid\u00e8ncies. Aquestes &hellip; <a href=\"https:\/\/bisbalpenedes.com\/web\/2020\/04\/02\/crida-a-la-ciutadania-per-a-la-confeccio-de-bates-per-a-lhospital-del-vendrell-el-cap-i-les-residencies\/\" class=\"more-link\">Read More<\/a><\/p>\n","protected":false},"author":4,"featured_media":12739,"comment_status":"closed","ping_status":"closed","sticky":false,"template":"","format":"standard","meta":[],"categories":[3636,1043],"tags":[3657,866,3658,3550,3655,3656,3559,3659,845,3660,373,469,468],"_links":{"self":[{"href":"https:\/\/bisbalpenedes.com\/web\/wp-json\/wp\/v2\/posts\/12738"}],"collection":[{"href":"https:\/\/bisbalpenedes.com\/web\/wp-json\/wp\/v2\/posts"}],"about":[{"href":"https:\/\/bisbalpenedes.com\/web\/wp-json\/wp\/v2\/types\/post"}],"author":[{"embeddable":true,"href":"https:\/\/bisbalpenedes.com\/web\/wp-json\/wp\/v2\/users\/4"}],"replies":[{"embeddable":true,"href":"https:\/\/bisbalpenedes.com\/web\/wp-json\/wp\/v2\/comments?post=12738"}],"version-history":[{"count":5,"href":"https:\/\/bisbalpenedes.com\/web\/wp-json\/wp\/v2\/posts\/12738\/revisions"}],"predecessor-version":[{"id":12745,"href":"https:\/\/bisbalpenedes.com\/web\/wp-json\/wp\/v2\/posts\/12738\/revisions\/12745"}],"wp:featuredmedia":[{"embeddable":true,"href":"https:\/\/bisbalpenedes.com\/web\/wp-json\/wp\/v2\/media\/12739"}],"wp:attachment":[{"href":"https:\/\/bisbalpenedes.com\/web\/wp-json\/wp\/v2\/media?parent=12738"}],"wp:term":[{"taxonomy":"category","embeddable":true,"href":"https:\/\/bisbalpenedes.com\/web\/wp-json\/wp\/v2\/categories?post=12738"},{"taxonomy":"post_tag","embeddable":true,"href":"https:\/\/bisbalpenedes.com\/web\/wp-json\/wp\/v2\/tags?post=12738"}],"curies":[{"name":"wp","href":"https:\/\/api.w.org\/{rel}","templated":true}]}}