{"id":1271,"date":"2015-08-10T14:48:16","date_gmt":"2015-08-10T08:48:16","guid":{"rendered":"http:\/\/bisbalpenedes.com\/web\/?p=1271"},"modified":"2015-08-10T14:49:25","modified_gmt":"2015-08-10T08:49:25","slug":"matricula-llar-dinfants-2015","status":"publish","type":"post","link":"https:\/\/bisbalpenedes.com\/web\/2015\/08\/10\/matricula-llar-dinfants-2015\/","title":{"rendered":"Matricula Llar d&#8217;Infants 2015"},"content":{"rendered":"<p>La Regidoria d&#8217;Educaci\u00f3 informa que el per\u00edode de matriculaci\u00f3 de nens per la Llar d&#8217;Infants Municipal l&#8217;Oreneta est\u00e0 obert des del dia 10 d&#8217;agost de 2015<br \/>\nUns nous preus han sigut aprovats per a que tots els nens, sense excepci\u00f3, puguin optar a aquest servei municipal.<\/p>\n<p>El pagament de la matr\u00edcula i reserva de pla\u00e7a estan oberts en aquest ajuntament, i la inscripci\u00f3 definitiva es realitzara directament a la Llar d&#8217;infants municipal<\/p>\n<p>Regidoria d&#8217;Educaci\u00f3<\/p>\n<p><a href=\"http:\/\/bisbalpenedes.com\/web\/wp-content\/uploads\/2015\/08\/preusllar2015.jpg\"><img loading=\"lazy\" src=\"http:\/\/bisbalpenedes.com\/web\/wp-content\/uploads\/2015\/08\/preusllar2015.jpg\" alt=\"\" title=\"preusllar2015\" width=\"1012\" height=\"701\" class=\"alignleft size-full wp-image-1272\" srcset=\"https:\/\/bisbalpenedes.com\/web\/wp-content\/uploads\/2015\/08\/preusllar2015.jpg 1012w, https:\/\/bisbalpenedes.com\/web\/wp-content\/uploads\/2015\/08\/preusllar2015-600x416.jpg 600w, https:\/\/bisbalpenedes.com\/web\/wp-content\/uploads\/2015\/08\/preusllar2015-300x207.jpg 300w\" sizes=\"(max-width: 1012px) 100vw, 1012px\" \/><\/a><\/p>\n","protected":false},"excerpt":{"rendered":"<p>La Regidoria d&#8217;Educaci\u00f3 informa que el per\u00edode de matriculaci\u00f3 de nens per la Llar d&#8217;Infants Municipal l&#8217;Oreneta est\u00e0 obert des del dia 10 d&#8217;agost de 2015 Uns nous preus han &hellip; <a href=\"https:\/\/bisbalpenedes.com\/web\/2015\/08\/10\/matricula-llar-dinfants-2015\/\" class=\"more-link\">Read More<\/a><\/p>\n","protected":false},"author":1,"featured_media":1272,"comment_status":"closed","ping_status":"open","sticky":false,"template":"","format":"standard","meta":[],"categories":[16],"tags":[],"_links":{"self":[{"href":"https:\/\/bisbalpenedes.com\/web\/wp-json\/wp\/v2\/posts\/1271"}],"collection":[{"href":"https:\/\/bisbalpenedes.com\/web\/wp-json\/wp\/v2\/posts"}],"about":[{"href":"https:\/\/bisbalpenedes.com\/web\/wp-json\/wp\/v2\/types\/post"}],"author":[{"embeddable":true,"href":"https:\/\/bisbalpenedes.com\/web\/wp-json\/wp\/v2\/users\/1"}],"replies":[{"embeddable":true,"href":"https:\/\/bisbalpenedes.com\/web\/wp-json\/wp\/v2\/comments?post=1271"}],"version-history":[{"count":3,"href":"https:\/\/bisbalpenedes.com\/web\/wp-json\/wp\/v2\/posts\/1271\/revisions"}],"predecessor-version":[{"id":1274,"href":"https:\/\/bisbalpenedes.com\/web\/wp-json\/wp\/v2\/posts\/1271\/revisions\/1274"}],"wp:featuredmedia":[{"embeddable":true,"href":"https:\/\/bisbalpenedes.com\/web\/wp-json\/wp\/v2\/media\/1272"}],"wp:attachment":[{"href":"https:\/\/bisbalpenedes.com\/web\/wp-json\/wp\/v2\/media?parent=1271"}],"wp:term":[{"taxonomy":"category","embeddable":true,"href":"https:\/\/bisbalpenedes.com\/web\/wp-json\/wp\/v2\/categories?post=1271"},{"taxonomy":"post_tag","embeddable":true,"href":"https:\/\/bisbalpenedes.com\/web\/wp-json\/wp\/v2\/tags?post=1271"}],"curies":[{"name":"wp","href":"https:\/\/api.w.org\/{rel}","templated":true}]}}