{"id":12704,"date":"2020-04-01T11:42:48","date_gmt":"2020-04-01T10:42:48","guid":{"rendered":"http:\/\/bisbalpenedes.com\/web\/?p=12704"},"modified":"2020-04-01T11:44:39","modified_gmt":"2020-04-01T10:44:39","slug":"repartiment-a-domicili-dels-aliments-i-productes-del-rebost-solidari","status":"publish","type":"post","link":"https:\/\/bisbalpenedes.com\/web\/2020\/04\/01\/repartiment-a-domicili-dels-aliments-i-productes-del-rebost-solidari\/","title":{"rendered":"La Regidoria de Benestar Social continua treballant en el repartiment d\u2019aliments i productes de primera necessitat entre les persones que s\u00f3n usu\u00e0ries del Rebost Solidari"},"content":{"rendered":"<p style=\"text-align: justify;\"><span style=\"color: #000000;\">La Regidoria de Benestar Social continua treballant en el repartiment d\u2019aliments i productes de primera necessitat entre les persones contemplades per Serveis Socials que s\u00f3n usu\u00e0ries del Rebost Solidari.\u00a0<\/span><\/p>\n<p style=\"text-align: justify;\"><span style=\"color: #000000;\">El repartiment a domicili d&#8217;aquests productes \u00e9s una de les mesures decretades per l&#8217;alcaldessa Agn\u00e8s Ferr\u00e9 per a la prevenci\u00f3 del covid-19.<\/span><\/p>\n<hr \/>\n<p style=\"text-align: justify;\"><span style=\"color: #000000;\">La Concejal\u00eda de Bienestar Social contin\u00faa trabajando en el reparto de alimentos y productos de primera necesidad entre las personas contempladas por Servicios Sociales que son usuarias del Rebost Solidari.\u00a0<\/span><\/p>\n<div style=\"text-align: justify;\"><span style=\"color: #000000;\">El reparto a domicilio de estos productos es una de las medidas decretadas por la alcaldesa Agn\u00e8s Ferr\u00e9 para la prevenci\u00f3n del covid-19.<\/span><\/div>\n<div style=\"text-align: center;\"><a href=\"http:\/\/bisbalpenedes.com\/web\/wp-content\/uploads\/2020\/04\/PHOTO-2020-04-01-10-27-22.jpg\"><img loading=\"lazy\" class=\"alignnone size-medium wp-image-12705\" src=\"http:\/\/bisbalpenedes.com\/web\/wp-content\/uploads\/2020\/04\/PHOTO-2020-04-01-10-27-22-300x225.jpg\" alt=\"rebost aliments 200401-1\" width=\"300\" height=\"225\" srcset=\"https:\/\/bisbalpenedes.com\/web\/wp-content\/uploads\/2020\/04\/PHOTO-2020-04-01-10-27-22-300x225.jpg 300w, https:\/\/bisbalpenedes.com\/web\/wp-content\/uploads\/2020\/04\/PHOTO-2020-04-01-10-27-22-600x450.jpg 600w, https:\/\/bisbalpenedes.com\/web\/wp-content\/uploads\/2020\/04\/PHOTO-2020-04-01-10-27-22-768x576.jpg 768w, https:\/\/bisbalpenedes.com\/web\/wp-content\/uploads\/2020\/04\/PHOTO-2020-04-01-10-27-22-1024x768.jpg 1024w, https:\/\/bisbalpenedes.com\/web\/wp-content\/uploads\/2020\/04\/PHOTO-2020-04-01-10-27-22.jpg 1600w\" sizes=\"(max-width: 300px) 100vw, 300px\" \/><\/a> <a href=\"http:\/\/bisbalpenedes.com\/web\/wp-content\/uploads\/2020\/04\/PHOTO-2020-04-01-10-27-23.jpg\"><img loading=\"lazy\" class=\"alignnone size-medium wp-image-12706\" src=\"http:\/\/bisbalpenedes.com\/web\/wp-content\/uploads\/2020\/04\/PHOTO-2020-04-01-10-27-23-300x225.jpg\" alt=\"rebost aliments 200401-2\" width=\"300\" height=\"225\" srcset=\"https:\/\/bisbalpenedes.com\/web\/wp-content\/uploads\/2020\/04\/PHOTO-2020-04-01-10-27-23-300x225.jpg 300w, https:\/\/bisbalpenedes.com\/web\/wp-content\/uploads\/2020\/04\/PHOTO-2020-04-01-10-27-23-600x450.jpg 600w, https:\/\/bisbalpenedes.com\/web\/wp-content\/uploads\/2020\/04\/PHOTO-2020-04-01-10-27-23-768x576.jpg 768w, https:\/\/bisbalpenedes.com\/web\/wp-content\/uploads\/2020\/04\/PHOTO-2020-04-01-10-27-23-1024x768.jpg 1024w, https:\/\/bisbalpenedes.com\/web\/wp-content\/uploads\/2020\/04\/PHOTO-2020-04-01-10-27-23.jpg 1600w\" sizes=\"(max-width: 300px) 100vw, 300px\" \/><\/a><\/div>\n","protected":false},"excerpt":{"rendered":"<p>La Regidoria de Benestar Social continua treballant en el repartiment d\u2019aliments i productes de primera necessitat entre les persones contemplades per Serveis Socials que s\u00f3n usu\u00e0ries del Rebost Solidari.\u00a0 El &hellip; <a href=\"https:\/\/bisbalpenedes.com\/web\/2020\/04\/01\/repartiment-a-domicili-dels-aliments-i-productes-del-rebost-solidari\/\" class=\"more-link\">Read More<\/a><\/p>\n","protected":false},"author":4,"featured_media":0,"comment_status":"closed","ping_status":"closed","sticky":false,"template":"","format":"standard","meta":[],"categories":[975],"tags":[1836,315,2641,2644,268],"_links":{"self":[{"href":"https:\/\/bisbalpenedes.com\/web\/wp-json\/wp\/v2\/posts\/12704"}],"collection":[{"href":"https:\/\/bisbalpenedes.com\/web\/wp-json\/wp\/v2\/posts"}],"about":[{"href":"https:\/\/bisbalpenedes.com\/web\/wp-json\/wp\/v2\/types\/post"}],"author":[{"embeddable":true,"href":"https:\/\/bisbalpenedes.com\/web\/wp-json\/wp\/v2\/users\/4"}],"replies":[{"embeddable":true,"href":"https:\/\/bisbalpenedes.com\/web\/wp-json\/wp\/v2\/comments?post=12704"}],"version-history":[{"count":4,"href":"https:\/\/bisbalpenedes.com\/web\/wp-json\/wp\/v2\/posts\/12704\/revisions"}],"predecessor-version":[{"id":12711,"href":"https:\/\/bisbalpenedes.com\/web\/wp-json\/wp\/v2\/posts\/12704\/revisions\/12711"}],"wp:attachment":[{"href":"https:\/\/bisbalpenedes.com\/web\/wp-json\/wp\/v2\/media?parent=12704"}],"wp:term":[{"taxonomy":"category","embeddable":true,"href":"https:\/\/bisbalpenedes.com\/web\/wp-json\/wp\/v2\/categories?post=12704"},{"taxonomy":"post_tag","embeddable":true,"href":"https:\/\/bisbalpenedes.com\/web\/wp-json\/wp\/v2\/tags?post=12704"}],"curies":[{"name":"wp","href":"https:\/\/api.w.org\/{rel}","templated":true}]}}