{"id":12686,"date":"2020-03-31T19:00:16","date_gmt":"2020-03-31T18:00:16","guid":{"rendered":"http:\/\/bisbalpenedes.com\/web\/?p=12686"},"modified":"2020-03-31T19:26:20","modified_gmt":"2020-03-31T18:26:20","slug":"iniciatives-solidaries-bisbal-mascaretes-dibuixos","status":"publish","type":"post","link":"https:\/\/bisbalpenedes.com\/web\/2020\/03\/31\/iniciatives-solidaries-bisbal-mascaretes-dibuixos\/","title":{"rendered":"Diversos bisbalencs continuen tirant endavant iniciatives solid\u00e0ries"},"content":{"rendered":"<p style=\"text-align: center;\"><a href=\"http:\/\/bisbalpenedes.com\/web\/wp-content\/uploads\/2020\/03\/MASCARETES-3D.jpg.jpg\"><img loading=\"lazy\" class=\"alignnone size-medium wp-image-12698\" src=\"http:\/\/bisbalpenedes.com\/web\/wp-content\/uploads\/2020\/03\/MASCARETES-3D.jpg-240x300.jpg\" alt=\"MASCARETES 3D.jpg\" width=\"240\" height=\"300\" srcset=\"https:\/\/bisbalpenedes.com\/web\/wp-content\/uploads\/2020\/03\/MASCARETES-3D.jpg-240x300.jpg 240w, https:\/\/bisbalpenedes.com\/web\/wp-content\/uploads\/2020\/03\/MASCARETES-3D.jpg.jpg 480w\" sizes=\"(max-width: 240px) 100vw, 240px\" \/><\/a> <a href=\"http:\/\/bisbalpenedes.com\/web\/wp-content\/uploads\/2020\/03\/PANTALLA-PROTECTORA-3D.jpg.jpg\"><img loading=\"lazy\" class=\"alignnone size-medium wp-image-12699\" src=\"http:\/\/bisbalpenedes.com\/web\/wp-content\/uploads\/2020\/03\/PANTALLA-PROTECTORA-3D.jpg-240x300.jpg\" alt=\"PANTALLA PROTECTORA 3D.jpg\" width=\"240\" height=\"300\" srcset=\"https:\/\/bisbalpenedes.com\/web\/wp-content\/uploads\/2020\/03\/PANTALLA-PROTECTORA-3D.jpg-240x300.jpg 240w, https:\/\/bisbalpenedes.com\/web\/wp-content\/uploads\/2020\/03\/PANTALLA-PROTECTORA-3D.jpg.jpg 480w\" sizes=\"(max-width: 240px) 100vw, 240px\" \/><\/a><\/p>\n<p style=\"text-align: justify;\"><span style=\"color: #000000;\">Com ja us vam explicar fa uns dies, el ve\u00ed de Can Gordei \u00d2scar L\u00f3pez est\u00e0 treballant, juntament amb diversos voluntaris, en la impressi\u00f3 de mascaretes fabricades amb material vegetal, biodegradable i no t\u00f2xic per poder-les entregar als col\u00b7lectius que les necessiten.<\/span><\/p>\n<p style=\"text-align: justify;\"><span style=\"color: #000000;\">Ja han comen\u00e7at a entregar mascaretes a diversos col\u00b7lectius. N\u2019han repartit algunes, per exemple, a la Resid\u00e8ncia el Colomer, a la farm\u00e0cia i a alguns establiments del municipi. A m\u00e9s, estan treballant per confeccionar-ne per als Mossos d\u2019Esquadra del Vendrell.<\/span><\/p>\n<div id='gallery-1' class='gallery galleryid-12686 gallery-columns-3 gallery-size-thumbnail'><figure class='gallery-item'>\n\t\t\t<div class='gallery-icon landscape'>\n\t\t\t\t<a href='https:\/\/bisbalpenedes.com\/web\/2020\/03\/31\/iniciatives-solidaries-bisbal-mascaretes-dibuixos\/farmacia-donacio-mascaretes-3d-jpg-2\/'><img width=\"150\" height=\"150\" src=\"https:\/\/bisbalpenedes.com\/web\/wp-content\/uploads\/2020\/03\/FARMACIA-DONACIO-MASCARETES-3D-1.jpg-1-150x150.jpg\" class=\"attachment-thumbnail size-thumbnail\" alt=\"\" loading=\"lazy\" srcset=\"https:\/\/bisbalpenedes.com\/web\/wp-content\/uploads\/2020\/03\/FARMACIA-DONACIO-MASCARETES-3D-1.jpg-1-150x150.jpg 150w, https:\/\/bisbalpenedes.com\/web\/wp-content\/uploads\/2020\/03\/FARMACIA-DONACIO-MASCARETES-3D-1.jpg-1-300x300.jpg 300w, https:\/\/bisbalpenedes.com\/web\/wp-content\/uploads\/2020\/03\/FARMACIA-DONACIO-MASCARETES-3D-1.jpg-1-100x100.jpg 100w, https:\/\/bisbalpenedes.com\/web\/wp-content\/uploads\/2020\/03\/FARMACIA-DONACIO-MASCARETES-3D-1.jpg-1.jpg 480w\" sizes=\"(max-width: 150px) 100vw, 150px\" \/><\/a>\n\t\t\t<\/div><\/figure><figure class='gallery-item'>\n\t\t\t<div class='gallery-icon landscape'>\n\t\t\t\t<a href='https:\/\/bisbalpenedes.com\/web\/2020\/03\/31\/iniciatives-solidaries-bisbal-mascaretes-dibuixos\/forn-de-pa-donacio-mascaretes-3d-jpg\/'><img width=\"150\" height=\"150\" src=\"https:\/\/bisbalpenedes.com\/web\/wp-content\/uploads\/2020\/03\/FORN-DE-PA-DONACIO-MASCARETES-3D.jpg-150x150.jpg\" class=\"attachment-thumbnail size-thumbnail\" alt=\"\" loading=\"lazy\" srcset=\"https:\/\/bisbalpenedes.com\/web\/wp-content\/uploads\/2020\/03\/FORN-DE-PA-DONACIO-MASCARETES-3D.jpg-150x150.jpg 150w, https:\/\/bisbalpenedes.com\/web\/wp-content\/uploads\/2020\/03\/FORN-DE-PA-DONACIO-MASCARETES-3D.jpg-300x300.jpg 300w, https:\/\/bisbalpenedes.com\/web\/wp-content\/uploads\/2020\/03\/FORN-DE-PA-DONACIO-MASCARETES-3D.jpg-100x100.jpg 100w, https:\/\/bisbalpenedes.com\/web\/wp-content\/uploads\/2020\/03\/FORN-DE-PA-DONACIO-MASCARETES-3D.jpg.jpg 480w\" sizes=\"(max-width: 150px) 100vw, 150px\" \/><\/a>\n\t\t\t<\/div><\/figure><figure class='gallery-item'>\n\t\t\t<div class='gallery-icon landscape'>\n\t\t\t\t<a href='https:\/\/bisbalpenedes.com\/web\/2020\/03\/31\/iniciatives-solidaries-bisbal-mascaretes-dibuixos\/residencia-el-colomer-donacio-mascaretes-3d-jpg\/'><img width=\"150\" height=\"150\" src=\"https:\/\/bisbalpenedes.com\/web\/wp-content\/uploads\/2020\/03\/RESIDENCIA-EL-COLOMER-DONACIO-MASCARETES-3D.jpg-150x150.jpg\" class=\"attachment-thumbnail size-thumbnail\" alt=\"\" loading=\"lazy\" srcset=\"https:\/\/bisbalpenedes.com\/web\/wp-content\/uploads\/2020\/03\/RESIDENCIA-EL-COLOMER-DONACIO-MASCARETES-3D.jpg-150x150.jpg 150w, https:\/\/bisbalpenedes.com\/web\/wp-content\/uploads\/2020\/03\/RESIDENCIA-EL-COLOMER-DONACIO-MASCARETES-3D.jpg-300x300.jpg 300w, https:\/\/bisbalpenedes.com\/web\/wp-content\/uploads\/2020\/03\/RESIDENCIA-EL-COLOMER-DONACIO-MASCARETES-3D.jpg-100x100.jpg 100w, https:\/\/bisbalpenedes.com\/web\/wp-content\/uploads\/2020\/03\/RESIDENCIA-EL-COLOMER-DONACIO-MASCARETES-3D.jpg.jpg 480w\" sizes=\"(max-width: 150px) 100vw, 150px\" \/><\/a>\n\t\t\t<\/div><\/figure>\n\t\t<\/div>\n\n<p style=\"text-align: justify;\"><span style=\"color: #000000;\">Tant l\u2019\u00d2scar com la seva parella, l\u2019Ana, fan una crida a aquelles persones que disposin d\u2019impressora 3D perqu\u00e8 es prestin a col\u00b7laborar en la iniciativa. Ell facilitar\u00e0 els esquemes de les mascaretes tipus ffp3 (s\u00f3n el m\u00e9s simlar a aquest model per\u00f2 no estan homologades per a \u00fas sanitari) i les pantalles de protecci\u00f3 per a la seva impressi\u00f3. D\u2019altra banda, necessiten m\u00e9s material i agraeixen qualsevol donaci\u00f3 que pugueu fer de:<\/span><\/p>\n<p style=\"padding-left: 30px; text-align: justify;\"><span style=\"color: #000000;\">-TPU de 1,75mm \u2013 bobines d\u20191 kg<\/span><\/p>\n<p style=\"padding-left: 30px; text-align: justify;\"><span style=\"color: #000000;\">-PLA d\u20191,75mm d\u20191kg<\/span><\/p>\n<p style=\"text-align: justify;\"><span style=\"color: #000000;\">El color del material \u00e9s indiferent.<\/span><\/p>\n<p style=\"text-align: justify;\"><span style=\"color: #000000;\">Aquests ve\u00efns estan fent aquesta feina altruistament i volen agrair, des d\u2019aquest espai, la col\u00b7laboraci\u00f3 del grup bisbalenc \u201cLes Tresines\u201d, ja que estan donant suport al projecte i estan col\u00b7laborant amb donacions de material. Tamb\u00e9 volen aprofitar per agrair la tasca de la resta de col\u00b7laboradors que estan treballant per fabricar mascaretes per al cos de Mossos d\u2019Esquadra.<\/span><\/p>\n<p style=\"text-align: justify;\"><span style=\"color: #000000;\">Si podeu ajudar d\u2019alguna manera a aquests voluntaris, contacteu amb l\u2019\u00d2scar per Whatsapp, al 633368684, o per correu electr\u00f2nic, escrivint a\u00a0<a style=\"color: #000000;\" href=\"mailto:olopezt@tmb.cat\">olopezt@tmb.cat<\/a><\/span><\/p>\n<h2 style=\"text-align: justify;\"><span style=\"text-decoration: underline; color: #3366ff;\"><strong>ALTRES INICIATIVES<\/strong><\/span><\/h2>\n<p style=\"text-align: justify;\"><span style=\"color: #000000;\"><strong>MASCARETES DE TELA<\/strong><\/span><\/p>\n<p style=\"text-align: justify;\"><span style=\"color: #000000;\">La ve\u00efna de Can Gordei Loli Gil est\u00e0 fent mascaretes de tela amb teles i cintes que t\u00e9 a casa. Aquestes mascaretes les reparteix entre les persones que les necessiten a trav\u00e9s de la Regidoria de Benestar Social. Si en necessiteu alguna, podeu contactar amb la Regidora de Benestar Social, Paqui Cepas (paqui@bisbalpenedes.com). Ja se n&#8217;han repartit una trentena.<\/span><\/p>\n<p style=\"text-align: justify;\"><span style=\"color: #000000;\"><a style=\"color: #000000;\" href=\"http:\/\/bisbalpenedes.com\/web\/wp-content\/uploads\/2020\/03\/PHOTO-2020-03-31-15-09-24.jpg\"><img loading=\"lazy\" class=\"alignnone size-medium wp-image-12687\" src=\"http:\/\/bisbalpenedes.com\/web\/wp-content\/uploads\/2020\/03\/PHOTO-2020-03-31-15-09-24-225x300.jpg\" alt=\"MASCARETES LOLI CAN GORDEI\" width=\"225\" height=\"300\" srcset=\"https:\/\/bisbalpenedes.com\/web\/wp-content\/uploads\/2020\/03\/PHOTO-2020-03-31-15-09-24-225x300.jpg 225w, https:\/\/bisbalpenedes.com\/web\/wp-content\/uploads\/2020\/03\/PHOTO-2020-03-31-15-09-24-600x800.jpg 600w, https:\/\/bisbalpenedes.com\/web\/wp-content\/uploads\/2020\/03\/PHOTO-2020-03-31-15-09-24-768x1024.jpg 768w, https:\/\/bisbalpenedes.com\/web\/wp-content\/uploads\/2020\/03\/PHOTO-2020-03-31-15-09-24.jpg 1200w\" sizes=\"(max-width: 225px) 100vw, 225px\" \/><\/a><\/span><\/p>\n<p style=\"text-align: justify;\"><span style=\"color: #000000;\"><strong>ZARANOIA \u2013 Dibuixos per pintar per a petits i grans<\/strong><\/span><\/p>\n<p style=\"text-align: justify;\"><span style=\"color: #000000;\"><a class=\"hasimg\" style=\"color: #000000;\" href=\"https:\/\/bisbalpenedes.com\/web\/wp-content\/uploads\/2020\/03\/zaranoias.jpg\"><img loading=\"lazy\" class=\"alignnone size-medium wp-image-12471\" src=\"https:\/\/bisbalpenedes.com\/web\/wp-content\/uploads\/2020\/03\/zaranoias-300x186.jpg\" sizes=\"(max-width: 300px) 100vw, 300px\" srcset=\"https:\/\/bisbalpenedes.com\/web\/wp-content\/uploads\/2020\/03\/zaranoias-300x186.jpg 300w, https:\/\/bisbalpenedes.com\/web\/wp-content\/uploads\/2020\/03\/zaranoias-768x475.jpg 768w, https:\/\/bisbalpenedes.com\/web\/wp-content\/uploads\/2020\/03\/zaranoias-1024x633.jpg 1024w, https:\/\/bisbalpenedes.com\/web\/wp-content\/uploads\/2020\/03\/zaranoias.jpg 1547w\" alt=\"zaranoias\" width=\"300\" height=\"186\" \/><\/a><\/span><\/p>\n<p style=\"text-align: justify;\"><span style=\"color: #000000;\">L\u2019artista local Zara, coneguda com a Zaranoia, est\u00e0 confeccionant i compartint dibuixos per pintar al seu web, en un apartat titulat\u00a0\u201c<a style=\"color: #000000;\" href=\"https:\/\/www.zaranoias.com\/dibujos-para-una-cuarentena\/\">Dibujos para una cuarentena<\/a>\u201d\u00a0amb l\u2019objectiu d\u2019ajudar-nos a passar, d\u2019una forma m\u00e9s agradable, els dies de confinament.<\/span><\/p>\n<div id=\"gallery-1\" class=\"gallery galleryid-12464 gallery-columns-3 gallery-size-thumbnail\" style=\"text-align: justify;\">\n<dl class=\"gallery-item\">\n<dt class=\"gallery-icon portrait\"><span style=\"color: #000000;\"><a class=\"hasimg\" style=\"color: #000000;\" href=\"https:\/\/bisbalpenedes.com\/web\/2020\/03\/24\/neixen-diverses-iniciatives-solidaries-o-altruistes-a-la-bisbal-del-penedes-amb-motiu-del-covid-19\/photo-2020-03-23-12-26-39-2\/\" rel=\"group1\"><img loading=\"lazy\" class=\"attachment-thumbnail size-thumbnail\" src=\"https:\/\/bisbalpenedes.com\/web\/wp-content\/uploads\/2020\/03\/PHOTO-2020-03-23-12-26-39-1-150x150.jpg\" alt=\"PHOTO-2020-03-23-12-26-39\" width=\"150\" height=\"150\" \/><\/a><\/span><\/dt>\n<\/dl>\n<dl class=\"gallery-item\">\n<dt class=\"gallery-icon portrait\"><span style=\"color: #000000;\"><a class=\"hasimg\" style=\"color: #000000;\" href=\"https:\/\/bisbalpenedes.com\/web\/2020\/03\/24\/neixen-diverses-iniciatives-solidaries-o-altruistes-a-la-bisbal-del-penedes-amb-motiu-del-covid-19\/photo-2020-03-23-12-26-39_1\/\" rel=\"group1\"><img loading=\"lazy\" class=\"attachment-thumbnail size-thumbnail\" src=\"https:\/\/bisbalpenedes.com\/web\/wp-content\/uploads\/2020\/03\/PHOTO-2020-03-23-12-26-39_1-150x150.jpg\" alt=\"PHOTO-2020-03-23-12-26-39_1\" width=\"150\" height=\"150\" \/><\/a><\/span><\/dt>\n<\/dl>\n<dl class=\"gallery-item\">\n<dt class=\"gallery-icon portrait\"><span style=\"color: #000000;\"><a class=\"hasimg\" style=\"color: #000000;\" href=\"https:\/\/bisbalpenedes.com\/web\/2020\/03\/24\/neixen-diverses-iniciatives-solidaries-o-altruistes-a-la-bisbal-del-penedes-amb-motiu-del-covid-19\/photo-2020-03-23-12-26-40\/\" rel=\"group1\"><img loading=\"lazy\" class=\"attachment-thumbnail size-thumbnail\" src=\"https:\/\/bisbalpenedes.com\/web\/wp-content\/uploads\/2020\/03\/PHOTO-2020-03-23-12-26-40-150x150.jpg\" alt=\"PHOTO-2020-03-23-12-26-40\" width=\"150\" height=\"150\" \/><\/a><\/span><\/dt>\n<\/dl>\n<\/div>\n<p style=\"text-align: justify;\"><span style=\"color: #000000;\">Amb aquesta iniciativa, adre\u00e7ada a petits i grans, l\u2019artista bisbalenca molt contribuir al fet que la gent es quedi a casa i tingui passatemps per passar-s\u2019ho b\u00e9. A m\u00e9s de compartir els seus dibuixos, que es poden imprimir i pintar, fa un directe cada divendres a les 18h en qu\u00e8 ensenya a dibuixar -a nens i nenes- o dibuixa all\u00f2 que li demanen a trav\u00e9s de\u00a0<a style=\"color: #000000;\" href=\"http:\/\/www.twitch.tv\/zaranoiaslive\">www.twitch.tv\/zaranoiaslive<\/a><\/span><\/p>\n<p style=\"text-align: justify;\"><span style=\"color: #000000;\">Els dibuixos de la Zara es poden descarregar i imprimir a casa per\u00f2 tamb\u00e9 es poden aconseguir de forma gratu\u00efta i per iniciativa de la Regidoria de Cultura, en diversos establiments de la Bisbal: Cal Perebusquet, Farm\u00e0cia Dalmau, Agro-Verd, Fruiteria Montserrat, Supermercat Jaume i botiga de queviures del local social de Can Gordei. La Regidoria de Cultura ha fet arribar tamb\u00e9 dibuixos impresos a la Resid\u00e8ncia El Colomer amb l\u2019objectiu que els avis i \u00e0vies tamb\u00e9 els puguin pintar durant aquests dies de confinament.<\/span><\/p>\n<p style=\"text-align: justify;\"><span style=\"color: #000000;\">Podeu seguir la Zara i les seves iniciatives a:<\/span><\/p>\n<p style=\"padding-left: 30px; text-align: justify;\"><span style=\"color: #000000;\">-Instagram:\u00a0<a style=\"color: #000000;\" href=\"https:\/\/www.instagram.com\/zaranoia\/\">https:\/\/www.instagram.com\/zaranoia\/<\/a><\/span><\/p>\n<p style=\"padding-left: 30px; text-align: justify;\"><span style=\"color: #000000;\">-Facebook :\u00a0<a style=\"color: #000000;\" href=\"https:\/\/www.facebook.com\/zaranoias\/\">https:\/\/www.facebook.com\/zaranoias\/<\/a><\/span><\/p>\n<p style=\"padding-left: 30px; text-align: justify;\"><span style=\"color: #000000;\">-Twitter:\u00a0<a style=\"color: #000000;\" href=\"https:\/\/www.twitter.com\/zaranoias\">https:\/\/www.twitter.com\/zaranoias<\/a><\/span><\/p>\n<p style=\"text-align: justify;\"><span style=\"color: #000080;\">Des de l\u2019Ajuntament de la Bisbal del Pened\u00e8s donem les gr\u00e0cies a totes aquelles persones que s\u2019estan mobilitzant per ajudar els altres en una situaci\u00f3 tan complicada com l\u2019actual.<\/span><\/p>\n<p style=\"text-align: justify;\"><span style=\"color: #000080;\">Si teniu una iniciativa solid\u00e0ria relacionada amb la situaci\u00f3 que estem vivint en l\u2019actualitat, podeu contactar amb nosaltres escrivint-nos un missatge intern a trav\u00e9s dels nostres perfils oficials de xarxes socials.<\/span><\/p>\n<hr \/>\n<p style=\"text-align: center;\"><a href=\"http:\/\/bisbalpenedes.com\/web\/wp-content\/uploads\/2020\/03\/MASCARETES-3D.jpg.jpg\"><img loading=\"lazy\" class=\"alignnone size-medium wp-image-12698\" src=\"http:\/\/bisbalpenedes.com\/web\/wp-content\/uploads\/2020\/03\/MASCARETES-3D.jpg-240x300.jpg\" alt=\"MASCARETES 3D.jpg\" width=\"240\" height=\"300\" srcset=\"https:\/\/bisbalpenedes.com\/web\/wp-content\/uploads\/2020\/03\/MASCARETES-3D.jpg-240x300.jpg 240w, https:\/\/bisbalpenedes.com\/web\/wp-content\/uploads\/2020\/03\/MASCARETES-3D.jpg.jpg 480w\" sizes=\"(max-width: 240px) 100vw, 240px\" \/><\/a> <a href=\"http:\/\/bisbalpenedes.com\/web\/wp-content\/uploads\/2020\/03\/PANTALLA-PROTECTORA-3D.jpg.jpg\"><img loading=\"lazy\" class=\"alignnone size-medium wp-image-12699\" src=\"http:\/\/bisbalpenedes.com\/web\/wp-content\/uploads\/2020\/03\/PANTALLA-PROTECTORA-3D.jpg-240x300.jpg\" alt=\"PANTALLA PROTECTORA 3D.jpg\" width=\"240\" height=\"300\" srcset=\"https:\/\/bisbalpenedes.com\/web\/wp-content\/uploads\/2020\/03\/PANTALLA-PROTECTORA-3D.jpg-240x300.jpg 240w, https:\/\/bisbalpenedes.com\/web\/wp-content\/uploads\/2020\/03\/PANTALLA-PROTECTORA-3D.jpg.jpg 480w\" sizes=\"(max-width: 240px) 100vw, 240px\" \/><\/a><\/p>\n<p style=\"text-align: justify;\"><span style=\"color: #000000;\"><strong>CASTELLANO |<\/strong> Como ya os explicamos hace unos d\u00edas, el vecino de Can Gordei \u00d3scar L\u00f3pez est\u00e1 trabajando, junto con varios voluntarios, en la impresi\u00f3n de mascarillas fabricadas con material vegetal, biodegradable y no t\u00f3xico para pod\u00e9rselas entregar a los colectivos que las necesitan.<\/span><\/p>\n<p style=\"text-align: justify;\"><span style=\"color: #000000;\">Ya han empezado a entregar mascarillas a varios colectivos. Han repartido algunas, por ejemplo, en la Residenciaq el Colomer, en la farmacia y en algunos establecimientos del municipio. Adem\u00e1s, est\u00e1n trabajando para confeccionarlas para los Mossos d\u2019Esquadra del Vendrell.<\/span><\/p>\n<div id='gallery-2' class='gallery galleryid-12686 gallery-columns-3 gallery-size-thumbnail'><figure class='gallery-item'>\n\t\t\t<div class='gallery-icon landscape'>\n\t\t\t\t<a href='https:\/\/bisbalpenedes.com\/web\/2020\/03\/31\/iniciatives-solidaries-bisbal-mascaretes-dibuixos\/farmacia-donacio-mascaretes-3d-jpg-2\/'><img width=\"150\" height=\"150\" src=\"https:\/\/bisbalpenedes.com\/web\/wp-content\/uploads\/2020\/03\/FARMACIA-DONACIO-MASCARETES-3D-1.jpg-1-150x150.jpg\" class=\"attachment-thumbnail size-thumbnail\" alt=\"\" loading=\"lazy\" srcset=\"https:\/\/bisbalpenedes.com\/web\/wp-content\/uploads\/2020\/03\/FARMACIA-DONACIO-MASCARETES-3D-1.jpg-1-150x150.jpg 150w, https:\/\/bisbalpenedes.com\/web\/wp-content\/uploads\/2020\/03\/FARMACIA-DONACIO-MASCARETES-3D-1.jpg-1-300x300.jpg 300w, https:\/\/bisbalpenedes.com\/web\/wp-content\/uploads\/2020\/03\/FARMACIA-DONACIO-MASCARETES-3D-1.jpg-1-100x100.jpg 100w, https:\/\/bisbalpenedes.com\/web\/wp-content\/uploads\/2020\/03\/FARMACIA-DONACIO-MASCARETES-3D-1.jpg-1.jpg 480w\" sizes=\"(max-width: 150px) 100vw, 150px\" \/><\/a>\n\t\t\t<\/div><\/figure><figure class='gallery-item'>\n\t\t\t<div class='gallery-icon landscape'>\n\t\t\t\t<a href='https:\/\/bisbalpenedes.com\/web\/2020\/03\/31\/iniciatives-solidaries-bisbal-mascaretes-dibuixos\/forn-de-pa-donacio-mascaretes-3d-jpg\/'><img width=\"150\" height=\"150\" src=\"https:\/\/bisbalpenedes.com\/web\/wp-content\/uploads\/2020\/03\/FORN-DE-PA-DONACIO-MASCARETES-3D.jpg-150x150.jpg\" class=\"attachment-thumbnail size-thumbnail\" alt=\"\" loading=\"lazy\" srcset=\"https:\/\/bisbalpenedes.com\/web\/wp-content\/uploads\/2020\/03\/FORN-DE-PA-DONACIO-MASCARETES-3D.jpg-150x150.jpg 150w, https:\/\/bisbalpenedes.com\/web\/wp-content\/uploads\/2020\/03\/FORN-DE-PA-DONACIO-MASCARETES-3D.jpg-300x300.jpg 300w, https:\/\/bisbalpenedes.com\/web\/wp-content\/uploads\/2020\/03\/FORN-DE-PA-DONACIO-MASCARETES-3D.jpg-100x100.jpg 100w, https:\/\/bisbalpenedes.com\/web\/wp-content\/uploads\/2020\/03\/FORN-DE-PA-DONACIO-MASCARETES-3D.jpg.jpg 480w\" sizes=\"(max-width: 150px) 100vw, 150px\" \/><\/a>\n\t\t\t<\/div><\/figure><figure class='gallery-item'>\n\t\t\t<div class='gallery-icon landscape'>\n\t\t\t\t<a href='https:\/\/bisbalpenedes.com\/web\/2020\/03\/31\/iniciatives-solidaries-bisbal-mascaretes-dibuixos\/residencia-el-colomer-donacio-mascaretes-3d-jpg\/'><img width=\"150\" height=\"150\" src=\"https:\/\/bisbalpenedes.com\/web\/wp-content\/uploads\/2020\/03\/RESIDENCIA-EL-COLOMER-DONACIO-MASCARETES-3D.jpg-150x150.jpg\" class=\"attachment-thumbnail size-thumbnail\" alt=\"\" loading=\"lazy\" srcset=\"https:\/\/bisbalpenedes.com\/web\/wp-content\/uploads\/2020\/03\/RESIDENCIA-EL-COLOMER-DONACIO-MASCARETES-3D.jpg-150x150.jpg 150w, https:\/\/bisbalpenedes.com\/web\/wp-content\/uploads\/2020\/03\/RESIDENCIA-EL-COLOMER-DONACIO-MASCARETES-3D.jpg-300x300.jpg 300w, https:\/\/bisbalpenedes.com\/web\/wp-content\/uploads\/2020\/03\/RESIDENCIA-EL-COLOMER-DONACIO-MASCARETES-3D.jpg-100x100.jpg 100w, https:\/\/bisbalpenedes.com\/web\/wp-content\/uploads\/2020\/03\/RESIDENCIA-EL-COLOMER-DONACIO-MASCARETES-3D.jpg.jpg 480w\" sizes=\"(max-width: 150px) 100vw, 150px\" \/><\/a>\n\t\t\t<\/div><\/figure>\n\t\t<\/div>\n\n<p style=\"text-align: justify;\"><span style=\"color: #000000;\">Tanto \u00d3scar como su mujer, Ana, hacen un llamamiento a aquellas personas que dispongan de impresora 3D para que se presten a colaborar en la iniciativa. \u00c9l facilitar\u00e1 los esquemas de las mascarillas tipo ffp3 (son lo m\u00e1s simlar a este modelo pero no est\u00e1n homologadas para uso sanitario) y las pantallas de protecci\u00f3n para su impresi\u00f3n. Por otro lado, necesitan m\u00e1s material y agradecen cualquier donaci\u00f3n que pod\u00e1is hacer de:<\/span><\/p>\n<p style=\"padding-left: 30px; text-align: justify;\"><span style=\"color: #000000;\">-TPU de 1,75mm \u2013 bobinas de 1 kg<\/span><\/p>\n<p style=\"padding-left: 30px; text-align: justify;\"><span style=\"color: #000000;\">-PLA d\u20191,75mm de 1kg<\/span><\/p>\n<p style=\"text-align: justify;\"><span style=\"color: #000000;\">El color del material es indiferente.<\/span><\/p>\n<p style=\"text-align: justify;\"><span style=\"color: #000000;\">Estos vecinos est\u00e1n haciendo este trabajo altruistamente y quieren agradecer, desde este espacio, la colaboraci\u00f3n del grupo bisbalense \u201cLes Tresines\u201d, ya que est\u00e1n apoyando el proyecto y est\u00e1n colaborando con donaciones de material. Tambi\u00e9n quieren aprovechar para agradecer el trabajo del resto de colaboradores que est\u00e1n trabajando para fabricar mascarillas para el cuerpo de Mossos d\u2019Esquadra.<\/span><\/p>\n<p style=\"text-align: justify;\"><span style=\"color: #000000;\">Si pod\u00e9is ayudar de alguna manera a estos voluntarios, contactad con \u00d3scar por Whatsapp, al 633368684, o por correo electr\u00f3nico, escribiendo a <a style=\"color: #000000;\" href=\"mailto:olopezt@tmb.cat\">olopezt@tmb.cat<\/a><\/span><\/p>\n<h2 style=\"text-align: justify;\"><span style=\"text-decoration: underline; color: #3366ff;\"><strong>OTRAS INICIATIVAS<\/strong><\/span><\/h2>\n<p style=\"text-align: justify;\"><span style=\"color: #000000;\"><strong>MASCARILLAS DE TELA<\/strong><\/span><\/p>\n<p style=\"text-align: justify;\"><span style=\"color: #000000;\">La vecina de Can Gordei Loli Gil est\u00e1 haciendo mascarillas de tela con telas y cintas que tiene en su casa. Estas mascarillas las reparte entre las personas que las necesitan a trav\u00e9s de la Concejal\u00eda de Bienestar Social. Si necesit\u00e1is alguna, pod\u00e9is contactar con la Concejala de Bienestar Social, Paqui Cepas (paqui@bisbalpenedes.com). Ja se han repartido una treintena.<\/span><\/p>\n<p style=\"text-align: justify;\"><span style=\"color: #000000;\"><a style=\"color: #000000;\" href=\"http:\/\/bisbalpenedes.com\/web\/wp-content\/uploads\/2020\/03\/PHOTO-2020-03-31-15-09-24.jpg\"><img loading=\"lazy\" class=\"alignnone size-medium wp-image-12687\" src=\"http:\/\/bisbalpenedes.com\/web\/wp-content\/uploads\/2020\/03\/PHOTO-2020-03-31-15-09-24-225x300.jpg\" alt=\"MASCARETES LOLI CAN GORDEI\" width=\"225\" height=\"300\" srcset=\"https:\/\/bisbalpenedes.com\/web\/wp-content\/uploads\/2020\/03\/PHOTO-2020-03-31-15-09-24-225x300.jpg 225w, https:\/\/bisbalpenedes.com\/web\/wp-content\/uploads\/2020\/03\/PHOTO-2020-03-31-15-09-24-600x800.jpg 600w, https:\/\/bisbalpenedes.com\/web\/wp-content\/uploads\/2020\/03\/PHOTO-2020-03-31-15-09-24-768x1024.jpg 768w, https:\/\/bisbalpenedes.com\/web\/wp-content\/uploads\/2020\/03\/PHOTO-2020-03-31-15-09-24.jpg 1200w\" sizes=\"(max-width: 225px) 100vw, 225px\" \/><\/a><\/span><\/p>\n<p style=\"text-align: justify;\"><span style=\"color: #000000;\"><strong>ZARANOIA \u2013 Dibujos para pintar para peque\u00f1os y mayores<\/strong><\/span><\/p>\n<p style=\"text-align: justify;\"><span style=\"color: #000000;\"><a class=\"hasimg\" style=\"color: #000000;\" href=\"https:\/\/bisbalpenedes.com\/web\/wp-content\/uploads\/2020\/03\/zaranoias.jpg\"><img loading=\"lazy\" class=\"alignnone size-medium wp-image-12471\" src=\"https:\/\/bisbalpenedes.com\/web\/wp-content\/uploads\/2020\/03\/zaranoias-300x186.jpg\" sizes=\"(max-width: 300px) 100vw, 300px\" srcset=\"https:\/\/bisbalpenedes.com\/web\/wp-content\/uploads\/2020\/03\/zaranoias-300x186.jpg 300w, https:\/\/bisbalpenedes.com\/web\/wp-content\/uploads\/2020\/03\/zaranoias-768x475.jpg 768w, https:\/\/bisbalpenedes.com\/web\/wp-content\/uploads\/2020\/03\/zaranoias-1024x633.jpg 1024w, https:\/\/bisbalpenedes.com\/web\/wp-content\/uploads\/2020\/03\/zaranoias.jpg 1547w\" alt=\"zaranoias\" width=\"300\" height=\"186\" \/><\/a><\/span><\/p>\n<p style=\"text-align: justify;\"><span style=\"color: #000000;\">La artista local Zara, conocida como Zaranoia, est\u00e1 confeccionando y compartiendo dibujos para pintar en su web, en un apartado titulado\u00a0\u201c<a style=\"color: #000000;\" href=\"https:\/\/www.zaranoias.com\/dibujos-para-una-cuarentena\/\">Dibujos para una cuarentena<\/a>\u201d\u00a0con el objetivo de ayudarnos a pasar, de una forma m\u00e1s agradable, los d\u00edas de confinamiento.<\/span><\/p>\n<div id=\"gallery-3\" class=\"gallery galleryid-12464 gallery-columns-3 gallery-size-thumbnail\" style=\"text-align: justify;\">\n<dl class=\"gallery-item\">\n<dt class=\"gallery-icon portrait\"><span style=\"color: #000000;\"><a class=\"hasimg\" style=\"color: #000000;\" href=\"https:\/\/bisbalpenedes.com\/web\/2020\/03\/24\/neixen-diverses-iniciatives-solidaries-o-altruistes-a-la-bisbal-del-penedes-amb-motiu-del-covid-19\/photo-2020-03-23-12-26-39-2\/\" rel=\"group1\"><img loading=\"lazy\" class=\"attachment-thumbnail size-thumbnail\" src=\"https:\/\/bisbalpenedes.com\/web\/wp-content\/uploads\/2020\/03\/PHOTO-2020-03-23-12-26-39-1-150x150.jpg\" alt=\"PHOTO-2020-03-23-12-26-39\" width=\"150\" height=\"150\" \/><\/a><\/span><\/dt>\n<\/dl>\n<dl class=\"gallery-item\">\n<dt class=\"gallery-icon portrait\"><span style=\"color: #000000;\"><a class=\"hasimg\" style=\"color: #000000;\" href=\"https:\/\/bisbalpenedes.com\/web\/2020\/03\/24\/neixen-diverses-iniciatives-solidaries-o-altruistes-a-la-bisbal-del-penedes-amb-motiu-del-covid-19\/photo-2020-03-23-12-26-39_1\/\" rel=\"group1\"><img loading=\"lazy\" class=\"attachment-thumbnail size-thumbnail\" src=\"https:\/\/bisbalpenedes.com\/web\/wp-content\/uploads\/2020\/03\/PHOTO-2020-03-23-12-26-39_1-150x150.jpg\" alt=\"PHOTO-2020-03-23-12-26-39_1\" width=\"150\" height=\"150\" \/><\/a><\/span><\/dt>\n<\/dl>\n<dl class=\"gallery-item\">\n<dt class=\"gallery-icon portrait\"><span style=\"color: #000000;\"><a class=\"hasimg\" style=\"color: #000000;\" href=\"https:\/\/bisbalpenedes.com\/web\/2020\/03\/24\/neixen-diverses-iniciatives-solidaries-o-altruistes-a-la-bisbal-del-penedes-amb-motiu-del-covid-19\/photo-2020-03-23-12-26-40\/\" rel=\"group1\"><img loading=\"lazy\" class=\"attachment-thumbnail size-thumbnail\" src=\"https:\/\/bisbalpenedes.com\/web\/wp-content\/uploads\/2020\/03\/PHOTO-2020-03-23-12-26-40-150x150.jpg\" alt=\"PHOTO-2020-03-23-12-26-40\" width=\"150\" height=\"150\" \/><\/a><\/span><\/dt>\n<\/dl>\n<\/div>\n<p style=\"text-align: justify;\"><span style=\"color: #000000;\">Con esta iniciativa, dirigida a peque\u00f1os y mayores, la artista de la Bisbal quiere contribuir al hecho que la gente se quede en casa y tenga pasatiempos para pas\u00e1rselo bien. Adem\u00e1s de compartir sus dibujos, que se pueden imprimir y pintar, hace un directo cada viernes a las 18h en que ense\u00f1a a dibujar -a ni\u00f1os y ni\u00f1as- o dibuja aquello que le piden a trav\u00e9s de\u00a0<a style=\"color: #000000;\" href=\"http:\/\/www.twitch.tv\/zaranoiaslive\">www.twitch.tv\/zaranoiaslive<\/a><\/span><\/p>\n<p style=\"text-align: justify;\"><span style=\"color: #000000;\">Los dibujos de Zara se pueden descargar e imprimir en casa pero tambi\u00e9n se pueden conseguir de forma gratuita por iniciativa de la Concejal\u00eda de Cultura, en varios establecimientos de la Bisbal: Cal Perebusquet, Farmacia Dalmau, Agro-Verd, Fruiteria Montserrat, Supermercat Jaume y la tienda de alimentaci\u00f3n del local social de Can Gordei. La Concejal\u00eda de Cultura tambi\u00e9n ha hecho llegar dibujos impresos a la Residencia El Colomer con el objetivo que los abuelos y abuelas tambi\u00e9n los puedan pintar durante estos d\u00edas de confinamiento.<\/span><\/p>\n<p style=\"text-align: justify;\"><span style=\"color: #000000;\">Pod\u00e9is seguir a Zara y sus iniciativas en:<\/span><\/p>\n<p style=\"padding-left: 30px; text-align: justify;\"><span style=\"color: #000000;\">-Instagram:\u00a0<a style=\"color: #000000;\" href=\"https:\/\/www.instagram.com\/zaranoia\/\">https:\/\/www.instagram.com\/zaranoia\/<\/a><\/span><\/p>\n<p style=\"padding-left: 30px; text-align: justify;\"><span style=\"color: #000000;\">-Facebook:\u00a0<a style=\"color: #000000;\" href=\"https:\/\/www.facebook.com\/zaranoias\/\">https:\/\/www.facebook.com\/zaranoias\/<\/a><\/span><\/p>\n<p style=\"padding-left: 30px; text-align: justify;\"><span style=\"color: #000000;\">-Twitter:\u00a0<a style=\"color: #000000;\" href=\"https:\/\/www.twitter.com\/zaranoias\">https:\/\/www.twitter.com\/zaranoias<\/a><\/span><\/p>\n<p style=\"text-align: justify;\"><span style=\"color: #000080;\">Desde el Ayuntamiento de la Bisbal del Pened\u00e8s damos las gracias a todas aquellas personas que se est\u00e1n movilizando para ayudar a los dem\u00e1s en una situaci\u00f3n tan complicada como la actual.<\/span><\/p>\n<p style=\"text-align: justify;\"><span style=\"color: #000080;\">Si ten\u00e9is una iniciativa solidaria relacionada con la situaci\u00f3n que estamos viviendo en la actualidad, pod\u00e9is contactar con nosotros escribi\u00e9ndonos un mensaje interno a trav\u00e9s de nuestros perfiles oficiales de redes sociales.<\/span><\/p>\n<p>&nbsp;<\/p>\n","protected":false},"excerpt":{"rendered":"<p>Com ja us vam explicar fa uns dies, el ve\u00ed de Can Gordei \u00d2scar L\u00f3pez est\u00e0 treballant, juntament amb diversos voluntaris, en la impressi\u00f3 de mascaretes fabricades amb material vegetal, &hellip; <a href=\"https:\/\/bisbalpenedes.com\/web\/2020\/03\/31\/iniciatives-solidaries-bisbal-mascaretes-dibuixos\/\" class=\"more-link\">Read More<\/a><\/p>\n","protected":false},"author":4,"featured_media":12694,"comment_status":"closed","ping_status":"closed","sticky":false,"template":"","format":"standard","meta":[],"categories":[3636,1043],"tags":[3642,1870,3550,3559,3608,2434,3609],"_links":{"self":[{"href":"https:\/\/bisbalpenedes.com\/web\/wp-json\/wp\/v2\/posts\/12686"}],"collection":[{"href":"https:\/\/bisbalpenedes.com\/web\/wp-json\/wp\/v2\/posts"}],"about":[{"href":"https:\/\/bisbalpenedes.com\/web\/wp-json\/wp\/v2\/types\/post"}],"author":[{"embeddable":true,"href":"https:\/\/bisbalpenedes.com\/web\/wp-json\/wp\/v2\/users\/4"}],"replies":[{"embeddable":true,"href":"https:\/\/bisbalpenedes.com\/web\/wp-json\/wp\/v2\/comments?post=12686"}],"version-history":[{"count":8,"href":"https:\/\/bisbalpenedes.com\/web\/wp-json\/wp\/v2\/posts\/12686\/revisions"}],"predecessor-version":[{"id":12702,"href":"https:\/\/bisbalpenedes.com\/web\/wp-json\/wp\/v2\/posts\/12686\/revisions\/12702"}],"wp:featuredmedia":[{"embeddable":true,"href":"https:\/\/bisbalpenedes.com\/web\/wp-json\/wp\/v2\/media\/12694"}],"wp:attachment":[{"href":"https:\/\/bisbalpenedes.com\/web\/wp-json\/wp\/v2\/media?parent=12686"}],"wp:term":[{"taxonomy":"category","embeddable":true,"href":"https:\/\/bisbalpenedes.com\/web\/wp-json\/wp\/v2\/categories?post=12686"},{"taxonomy":"post_tag","embeddable":true,"href":"https:\/\/bisbalpenedes.com\/web\/wp-json\/wp\/v2\/tags?post=12686"}],"curies":[{"name":"wp","href":"https:\/\/api.w.org\/{rel}","templated":true}]}}