{"id":12683,"date":"2020-04-01T11:27:50","date_gmt":"2020-04-01T10:27:50","guid":{"rendered":"http:\/\/bisbalpenedes.com\/web\/?p=12683"},"modified":"2020-04-01T11:27:50","modified_gmt":"2020-04-01T10:27:50","slug":"saprova-el-conveni-de-collaboracio-amb-lescola-ull-de-vent-per-a-lus-social-de-les-seves-installacions","status":"publish","type":"post","link":"https:\/\/bisbalpenedes.com\/web\/2020\/04\/01\/saprova-el-conveni-de-collaboracio-amb-lescola-ull-de-vent-per-a-lus-social-de-les-seves-installacions\/","title":{"rendered":"S&#8217;aprova el conveni de col\u00b7laboraci\u00f3 amb l\u2019escola Ull de Vent per a l\u2019\u00fas social de les seves instal\u00b7lacions"},"content":{"rendered":"<p style=\"text-align: justify;\"><span style=\"color: #000000;\">El passat 25 de mar\u00e7, l\u2019alcaldessa Agn\u00e8s Ferr\u00e9 va signar, a petici\u00f3 de les regidories d\u2019Ensenyament, Lleure i Festes, un decret per aprovar el conveni de col\u00b7laboraci\u00f3 amb l\u2019Escola Ull de Vent per a l\u2019\u00fas social de les seves instal\u00b7lacions. Es tracta d\u2019un acord perqu\u00e8 l\u2019Ajuntament de la Bisbal del Pened\u00e8s pugui fer \u00fas de les instal\u00b7lacions del centre escolar per a dur a terme el Casal d\u2019Estiu, diversos actes de la festa major i el Casal de Nadal.<\/span><\/p>\n<p style=\"text-align: justify;\"><span style=\"color: #000000;\">Aquest conveni s\u2019aprova cada any per poder utilitzar els espais en les dates i motius espec\u00edfics que es fan constar al conveni, seguint el model de conveni del Departament d\u2019Ensenyament.<\/span><\/p>\n<hr \/>\n<p style=\"text-align: justify;\"><span style=\"color: #000000;\"><strong>CASTELLANO |<\/strong> El pasado 25 de marzo, la alcaldesa Agn\u00e8s Ferr\u00e9 firm\u00f3, a petici\u00f3n de las concejal\u00edas de Educaci\u00f3n, Ocio y Fiestas, un decreto para aprobar el convenio de colaboraci\u00f3n con la Escuela Ull de Vent para el uso social de sus instalaciones. Se trata de un acuerdo para que el Ayuntamiento de la Bisbal del Pened\u00e8s pueda hacer uso de las instalaciones del centro escolar para llevar a cabo el Casal de verano, varios actos de la fiesta mayor y el Casal de Navidad.<\/span><\/p>\n<p style=\"text-align: justify;\"><span style=\"color: #000000;\">Este convenio se aprueba cada a\u00f1o para poder utilizar los espacios en las fechas y motivos espec\u00edficos que se hacen constar en el convenio, siguiendo el modelo de convenio del Departamento de Educaci\u00f3n.<\/span><\/p>\n","protected":false},"excerpt":{"rendered":"<p>El passat 25 de mar\u00e7, l\u2019alcaldessa Agn\u00e8s Ferr\u00e9 va signar, a petici\u00f3 de les regidories d\u2019Ensenyament, Lleure i Festes, un decret per aprovar el conveni de col\u00b7laboraci\u00f3 amb l\u2019Escola Ull &hellip; <a href=\"https:\/\/bisbalpenedes.com\/web\/2020\/04\/01\/saprova-el-conveni-de-collaboracio-amb-lescola-ull-de-vent-per-a-lus-social-de-les-seves-installacions\/\" class=\"more-link\">Read More<\/a><\/p>\n","protected":false},"author":4,"featured_media":12684,"comment_status":"closed","ping_status":"closed","sticky":false,"template":"","format":"standard","meta":[],"categories":[3456,1042,398],"tags":[244,1400,65,280],"_links":{"self":[{"href":"https:\/\/bisbalpenedes.com\/web\/wp-json\/wp\/v2\/posts\/12683"}],"collection":[{"href":"https:\/\/bisbalpenedes.com\/web\/wp-json\/wp\/v2\/posts"}],"about":[{"href":"https:\/\/bisbalpenedes.com\/web\/wp-json\/wp\/v2\/types\/post"}],"author":[{"embeddable":true,"href":"https:\/\/bisbalpenedes.com\/web\/wp-json\/wp\/v2\/users\/4"}],"replies":[{"embeddable":true,"href":"https:\/\/bisbalpenedes.com\/web\/wp-json\/wp\/v2\/comments?post=12683"}],"version-history":[{"count":1,"href":"https:\/\/bisbalpenedes.com\/web\/wp-json\/wp\/v2\/posts\/12683\/revisions"}],"predecessor-version":[{"id":12685,"href":"https:\/\/bisbalpenedes.com\/web\/wp-json\/wp\/v2\/posts\/12683\/revisions\/12685"}],"wp:featuredmedia":[{"embeddable":true,"href":"https:\/\/bisbalpenedes.com\/web\/wp-json\/wp\/v2\/media\/12684"}],"wp:attachment":[{"href":"https:\/\/bisbalpenedes.com\/web\/wp-json\/wp\/v2\/media?parent=12683"}],"wp:term":[{"taxonomy":"category","embeddable":true,"href":"https:\/\/bisbalpenedes.com\/web\/wp-json\/wp\/v2\/categories?post=12683"},{"taxonomy":"post_tag","embeddable":true,"href":"https:\/\/bisbalpenedes.com\/web\/wp-json\/wp\/v2\/tags?post=12683"}],"curies":[{"name":"wp","href":"https:\/\/api.w.org\/{rel}","templated":true}]}}