{"id":12679,"date":"2020-03-31T11:17:41","date_gmt":"2020-03-31T10:17:41","guid":{"rendered":"http:\/\/bisbalpenedes.com\/web\/?p=12679"},"modified":"2020-03-31T11:18:09","modified_gmt":"2020-03-31T10:18:09","slug":"saprova-el-conveni-de-cooperacio-interadministrativa-amb-el-ccbp-en-materia-de-serveis-socials","status":"publish","type":"post","link":"https:\/\/bisbalpenedes.com\/web\/2020\/03\/31\/saprova-el-conveni-de-cooperacio-interadministrativa-amb-el-ccbp-en-materia-de-serveis-socials\/","title":{"rendered":"S\u2019aprova el conveni de cooperaci\u00f3 interadministrativa amb el CCBP en mat\u00e8ria de serveis socials"},"content":{"rendered":"<p style=\"text-align: justify;\"><span style=\"color: #000000;\">L\u2019alcaldessa Agn\u00e8s Ferr\u00e9 va signar, el passat 23 de mar\u00e7, el decret d\u2019aprovaci\u00f3 de la pr\u00f2rroga del conveni de cooperaci\u00f3 interadministrativa amb el Consell Comarcal del Baix Pened\u00e8s (CCBP) en mat\u00e8ria de serveis socials per a l\u2019exercici 2020. Aquesta aprovaci\u00f3 s\u2019ha fet a petici\u00f3 de la Regidoria de Serveis Socials i la participaci\u00f3 econ\u00f2mica de l\u2019Ajuntament de la Bisbal del Pened\u00e8s en el conveni \u00e9s per un import de 76.282,98\u20ac.<\/span><\/p>\n<p style=\"text-align: justify;\"><span style=\"color: #000000;\">El conveni que s\u2019ha prorrogat \u00e9s el del per\u00edode 2016-2019, que estableix la prestaci\u00f3 del servei d\u2019atenci\u00f3 social supeditat a les condicions del Contracte programa per a la coordinaci\u00f3, la cooperaci\u00f3 i la col\u00b7laboraci\u00f3 en mat\u00e8ria de serveis socials, altres programes relatius al benestar social i pol\u00edtiques d\u2019igualtat entre el Consell Comarcal del Baix Pened\u00e8s i el Departament de Treball, Afers Socials i Fam\u00edlies de la Generalitat de Catalunya. Aquest conveni (2016-2019) ser\u00e0 vigent mentre no es formalitzi el nou contracte programa quadriennal.<\/span><\/p>\n<p style=\"text-align: justify;\"><span style=\"color: #000000;\">La pr\u00f2rroga inclou els serveis que es van aprovar en la Junta de Govern local del febrer de 2019, dins de l\u2019annex 1 del conveni en mat\u00e8ria de serveis socials per a l\u2019exercici 2019, que s\u00f3n els seg\u00fcents:<\/span><\/p>\n<ul style=\"text-align: justify;\">\n<li><span style=\"color: #000000;\">Professionals i serveis socials b\u00e0sics<\/span><\/li>\n<li><span style=\"color: #000000;\">SAD depend\u00e8ncia i SAD social<\/span><\/li>\n<li><span style=\"color: #000000;\">Grup de voluntariat<\/span><\/li>\n<li><span style=\"color: #000000;\">Servei d\u2019acolliment residencial d\u2019urg\u00e8ncia<\/span><\/li>\n<li><span style=\"color: #000000;\">Transport adaptat<\/span><\/li>\n<li><span style=\"color: #000000;\">Serveis d\u2019intervenci\u00f3 socioeducativa<\/span><\/li>\n<li><span style=\"color: #000000;\">Immigraci\u00f3<\/span><\/li>\n<li><span style=\"color: #000000;\">SIAD<\/span><\/li>\n<li><span style=\"color: #000000;\">Joventut<\/span><\/li>\n<li><span style=\"color: #000000;\">Altres: Centre obert i educadors de carrer (Cova Jove)<\/span><\/li>\n<\/ul>\n<hr \/>\n<p style=\"text-align: justify;\"><span style=\"color: #000000;\"><strong>CASTELLANO | <\/strong>La alcaldesa Agn\u00e8s Ferr\u00e9 firm\u00f3, el pasado 23 de marzo, el decreto de aprobaci\u00f3n de la pr\u00f3rroga del convenio de cooperaci\u00f3n interadministrativa con el Consell Comarcal del Baix Pened\u00e8s (CCBP) en materia de servicios sociales para el ejercicio 2020. Esta aprobaci\u00f3n se ha hecho a petici\u00f3n de la Concejal\u00eda de Servicios Sociales y la participaci\u00f3n econ\u00f3mica del Ayuntamiento de la Bisbal del Pened\u00e8s en el convenio es por un importe de 76.282,98\u20ac.<\/span><\/p>\n<p style=\"text-align: justify;\"><span style=\"color: #000000;\">El convenio que se ha prorrogado es el del periodo 2016-2019, que establece la prestaci\u00f3n del servicio de atenci\u00f3n social supeditado a las condiciones del Contrato programa para la coordinaci\u00f3n, la cooperaci\u00f3n y la colaboraci\u00f3n en materia de servicios sociales, otros programas relativos al bienestar social y pol\u00edticas de igualdad entre el Consell Comarcal del Baix Pened\u00e8s y el Departamento de <em>Treball, Afers Socials i Fam\u00edlies<\/em> de la Generalitat de Catalunya. Este convenio (2016-2019) ser\u00e1 vigente mientras no se formalice el nuevo contrato programa cuatrienal.<\/span><\/p>\n<p style=\"text-align: justify;\"><span style=\"color: #000000;\">La pr\u00f3rroga incluye los servicios que se aprobaron en la Junta de Gobierno local de febrero de 2019, dentro del anexo 1 del convenio en materia de servicios sociales para el ejercicio 2019, que son los siguientes:<\/span><\/p>\n<ul style=\"text-align: justify;\">\n<li><span style=\"color: #000000;\">Profesionales y servicios sociales b\u00e1sicos<\/span><\/li>\n<li><span style=\"color: #000000;\">SAD dependencia y SAD social<\/span><\/li>\n<li><span style=\"color: #000000;\">Grupo de voluntariado<\/span><\/li>\n<li><span style=\"color: #000000;\">Servicio de acogimiento residencial de urgencia<\/span><\/li>\n<li><span style=\"color: #000000;\">Transporte adaptado<\/span><\/li>\n<li><span style=\"color: #000000;\">Servicios de intervenci\u00f3n socioeducativa<\/span><\/li>\n<li><span style=\"color: #000000;\">Inmigraci\u00f3n<\/span><\/li>\n<li><span style=\"color: #000000;\">SIAD<\/span><\/li>\n<li><span style=\"color: #000000;\">Juventud<\/span><\/li>\n<li><span style=\"color: #000000;\">Otros: Centro abierto y educadores de calle (Cova Jove)<\/span><\/li>\n<\/ul>\n<p>&nbsp;<\/p>\n","protected":false},"excerpt":{"rendered":"<p>L\u2019alcaldessa Agn\u00e8s Ferr\u00e9 va signar, el passat 23 de mar\u00e7, el decret d\u2019aprovaci\u00f3 de la pr\u00f2rroga del conveni de cooperaci\u00f3 interadministrativa amb el Consell Comarcal del Baix Pened\u00e8s (CCBP) en &hellip; <a href=\"https:\/\/bisbalpenedes.com\/web\/2020\/03\/31\/saprova-el-conveni-de-cooperacio-interadministrativa-amb-el-ccbp-en-materia-de-serveis-socials\/\" class=\"more-link\">Read More<\/a><\/p>\n","protected":false},"author":4,"featured_media":12681,"comment_status":"closed","ping_status":"closed","sticky":false,"template":"","format":"standard","meta":[],"categories":[975,8],"tags":[1481,3321,3281,210,268,3648,3323,1451],"_links":{"self":[{"href":"https:\/\/bisbalpenedes.com\/web\/wp-json\/wp\/v2\/posts\/12679"}],"collection":[{"href":"https:\/\/bisbalpenedes.com\/web\/wp-json\/wp\/v2\/posts"}],"about":[{"href":"https:\/\/bisbalpenedes.com\/web\/wp-json\/wp\/v2\/types\/post"}],"author":[{"embeddable":true,"href":"https:\/\/bisbalpenedes.com\/web\/wp-json\/wp\/v2\/users\/4"}],"replies":[{"embeddable":true,"href":"https:\/\/bisbalpenedes.com\/web\/wp-json\/wp\/v2\/comments?post=12679"}],"version-history":[{"count":2,"href":"https:\/\/bisbalpenedes.com\/web\/wp-json\/wp\/v2\/posts\/12679\/revisions"}],"predecessor-version":[{"id":12682,"href":"https:\/\/bisbalpenedes.com\/web\/wp-json\/wp\/v2\/posts\/12679\/revisions\/12682"}],"wp:featuredmedia":[{"embeddable":true,"href":"https:\/\/bisbalpenedes.com\/web\/wp-json\/wp\/v2\/media\/12681"}],"wp:attachment":[{"href":"https:\/\/bisbalpenedes.com\/web\/wp-json\/wp\/v2\/media?parent=12679"}],"wp:term":[{"taxonomy":"category","embeddable":true,"href":"https:\/\/bisbalpenedes.com\/web\/wp-json\/wp\/v2\/categories?post=12679"},{"taxonomy":"post_tag","embeddable":true,"href":"https:\/\/bisbalpenedes.com\/web\/wp-json\/wp\/v2\/tags?post=12679"}],"curies":[{"name":"wp","href":"https:\/\/api.w.org\/{rel}","templated":true}]}}