{"id":12674,"date":"2020-03-31T09:35:59","date_gmt":"2020-03-31T08:35:59","guid":{"rendered":"http:\/\/bisbalpenedes.com\/web\/?p=12674"},"modified":"2020-03-31T18:27:26","modified_gmt":"2020-03-31T17:27:26","slug":"saprova-inicialment-el-projecte-dampliacio-i-reforma-del-local-social-de-lesplai","status":"publish","type":"post","link":"https:\/\/bisbalpenedes.com\/web\/2020\/03\/31\/saprova-inicialment-el-projecte-dampliacio-i-reforma-del-local-social-de-lesplai\/","title":{"rendered":"S&#8217;aprova inicialment el projecte de reforma del local social de l&#8217;Esplai"},"content":{"rendered":"<p style=\"text-align: justify;\"><a href=\"http:\/\/bisbalpenedes.com\/web\/wp-content\/uploads\/2020\/03\/IMG_5544.jpg\"><img loading=\"lazy\" class=\"aligncenter size-large wp-image-12676\" src=\"http:\/\/bisbalpenedes.com\/web\/wp-content\/uploads\/2020\/03\/IMG_5544-1024x683.jpg\" alt=\"IMG_5544\" width=\"630\" height=\"420\" srcset=\"https:\/\/bisbalpenedes.com\/web\/wp-content\/uploads\/2020\/03\/IMG_5544-1024x683.jpg 1024w, https:\/\/bisbalpenedes.com\/web\/wp-content\/uploads\/2020\/03\/IMG_5544-600x400.jpg 600w, https:\/\/bisbalpenedes.com\/web\/wp-content\/uploads\/2020\/03\/IMG_5544-300x200.jpg 300w, https:\/\/bisbalpenedes.com\/web\/wp-content\/uploads\/2020\/03\/IMG_5544-768x512.jpg 768w\" sizes=\"(max-width: 630px) 100vw, 630px\" \/><\/a><\/p>\n<p style=\"text-align: justify;\"><a href=\"http:\/\/bisbalpenedes.com\/web\/wp-content\/uploads\/2020\/03\/IMG_5543.jpg\"><img loading=\"lazy\" class=\"aligncenter size-large wp-image-12675\" src=\"http:\/\/bisbalpenedes.com\/web\/wp-content\/uploads\/2020\/03\/IMG_5543-1024x683.jpg\" alt=\"IMG_5543\" width=\"630\" height=\"420\" srcset=\"https:\/\/bisbalpenedes.com\/web\/wp-content\/uploads\/2020\/03\/IMG_5543-1024x683.jpg 1024w, https:\/\/bisbalpenedes.com\/web\/wp-content\/uploads\/2020\/03\/IMG_5543-600x400.jpg 600w, https:\/\/bisbalpenedes.com\/web\/wp-content\/uploads\/2020\/03\/IMG_5543-300x200.jpg 300w, https:\/\/bisbalpenedes.com\/web\/wp-content\/uploads\/2020\/03\/IMG_5543-768x512.jpg 768w\" sizes=\"(max-width: 630px) 100vw, 630px\" \/><\/a><\/p>\n<p style=\"text-align: justify;\"><span style=\"color: #000000;\">L\u2019alcaldessa Agn\u00e8s Ferr\u00e9 va signar, el passat 22 de mar\u00e7, el decret d\u2019aprovaci\u00f3 del projecte de reforma del local social de l\u2019Esplai amb un pressupost d\u2019execuci\u00f3 material de 32.656,30\u20ac. Aquest projecte s\u2019aprova com a proposta de govern per\u00f2, per tirar-lo endavant, estar\u00e0 a l\u2019espera d\u2019una nova reuni\u00f3 amb l\u2019Associaci\u00f3 de ve\u00efns de l\u2019Esplai. No s\u2019executaran les obres sense el consens de totes les parts.<\/span><\/p>\n<p style=\"text-align: justify;\"><span style=\"color: #000000;\">Una vegada consensuat, en cas que el projecte b\u00e0sic i executiu quedi acceptat, haur\u00e0 de sotmetre\u2019s a informaci\u00f3 p\u00fablica durant un per\u00edode de 30 dies, mitjan\u00e7ant la publicaci\u00f3 de l\u2019anunci al tauler d\u2019edictes, a la seu electr\u00f2nica de l\u2019Ajuntament i al BOPT. Donada la situaci\u00f3 actual, caldr\u00e0 esperar, ja que estan suspesos els terminis. Quan s\u2019aixequi aquesta suspensi\u00f3, s\u2019enviar\u00e0 a publicaci\u00f3 i \u00e9s quan comen\u00e7ar\u00e0 el termini. D\u2019altra banda, tamb\u00e9 s\u2019est\u00e0 a l\u2019espera de l\u2019aixecament de la suspensi\u00f3 de terminis per con\u00e8ixer les convocat\u00f2ries de subvencions a les quals es pot acollir l\u2019Ajuntament.<\/span><\/p>\n<p style=\"text-align: justify;\"><span style=\"color: #000000;\">Actualment el local social municipal consta de:<\/span><\/p>\n<p style=\"padding-left: 30px; text-align: justify;\"><span style=\"color: #000000;\">-Cafeteria de 87,95m2<\/span><\/p>\n<p style=\"padding-left: 30px; text-align: justify;\"><span style=\"color: #000000;\">-Cuina de 15,63m2<\/span><\/p>\n<p style=\"padding-left: 30px; text-align: justify;\"><span style=\"color: #000000;\">-Despatx associaci\u00f3 de ve\u00efns de 24,40m2<\/span><\/p>\n<p style=\"padding-left: 30px; text-align: justify;\"><span style=\"color: #000000;\">-Magatzems de 20,74m2, 5,18m2, 12,48m2, 3,43m2 i 2,87m2<\/span><\/p>\n<p style=\"padding-left: 30px; text-align: justify;\"><span style=\"color: #000000;\">-Lavabos de 4,83m2 i 3,40m2<\/span><\/p>\n<p style=\"text-align: justify;\"><span style=\"color: #000000;\">El projecte redistribueix espais i crea una sala polivalent nova. El local quedaria repartit de la seg\u00fcent manera:<\/span><\/p>\n<p style=\"padding-left: 30px; text-align: justify;\"><span style=\"color: #000000;\">-Cafeteria de 71,18m2<\/span><\/p>\n<p style=\"padding-left: 30px; text-align: justify;\"><span style=\"color: #000000;\">-Cuina de 20,74m2 (es canvia de lloc)<\/span><\/p>\n<p style=\"padding-left: 30px; text-align: justify;\"><span style=\"color: #000000;\">-Sala polivalent de 44,42m2 (que amb una separaci\u00f3 m\u00f2bil es divideix en dues sales: 21,49m2 i 22,93m2)<\/span><\/p>\n<p style=\"padding-left: 30px; text-align: justify;\"><span style=\"color: #000000;\">-Magatzems de 5,18m2, 12,48m2, 3,43m2 i 2,87m2<\/span><\/p>\n<p style=\"padding-left: 30px; text-align: justify;\"><span style=\"color: #000000;\">-Els lavabos i despatx de l\u2019associaci\u00f3 de ve\u00efns, queden iguals<\/span><\/p>\n<p style=\"text-align: justify;\"><span style=\"color: #000000;\">L\u2019Ajuntament de la Bisbal del Pened\u00e8s fa mesos que treballa en aquest projecte. La Junta de govern local del 16 de maig de 2019 va aprovar la contractaci\u00f3 de la redacci\u00f3 dels projectes b\u00e0sics i d\u2019execuci\u00f3 de l\u2019ampliaci\u00f3 i reforma dels locals socials de les urbanitzacions del Priorat de la Bisbal, Can Gordei i l\u2019Esplai per un import de 8.315,17\u20ac (IVA incl\u00f2s).<\/span><\/p>\n<p style=\"text-align: justify;\"><span style=\"color: #000000;\">Entre finals de 2019 i principis de 2020, l\u2019arquitecte contractat es va reunir amb l\u2019equip de govern, l\u2019arquitecte municipal i les associacions de ve\u00efns dels tres barris. D\u2019aquesta manera, les associacions han pogut donar la seva opini\u00f3 sobre els projectes. El passat mes de mar\u00e7 es van presentar els projectes b\u00e0sics i d\u2019execuci\u00f3 d\u2019ampliaci\u00f3 i reforma dels locals socials i ara s\u2019ha procedit a l\u2019aprovaci\u00f3 inicial del de l\u2019Esplai del Pened\u00e8s.<\/span><\/p>\n<hr \/>\n<p style=\"text-align: justify;\"><span style=\"color: #000000;\"><strong>CASTELLANO |<\/strong> La alcaldesa Agn\u00e8s Ferr\u00e9 firm\u00f3, el pasado 22 de marzo, el decreto de aprobaci\u00f3n del proyecto de reforma del local social de l\u2019Esplai con un presupuesto de ejecuci\u00f3n material de 32.656,30\u20ac. Este proyecto se aprueba como propuesta de gobierno pero, para llevarlo a cabo, estar\u00e1 a la espera de una nueva reuni\u00f3n con\u00a0 la Asociaci\u00f3n de vecinos de l\u2019Esplai. No se ejecutar\u00e1n las obras sin el consenso de todas las partes.<\/span><\/p>\n<p style=\"text-align: justify;\"><span style=\"color: #000000;\">Una vez consensuado, en el caso que el proyecto b\u00e1sico y ejecutivo quede aceptado, deber\u00e1 someterse a informaci\u00f3n p\u00fablica durante un periodo de 30 d\u00edas, mediante la publicaci\u00f3n del anuncio en el tabl\u00f3n de edictos, en la sede electr\u00f3nica del Ayuntamiento y en el BOPT. Dada la situaci\u00f3n actual generada por el coronavirus COVID-19, se deber\u00e1 esperar, ya que est\u00e1n suspendidos los plazos. Cuando se levante la suspensi\u00f3n, se enviar\u00e1 la publicaci\u00f3n y es cuando empezar\u00e1 el plazo. Por otro lado, tambi\u00e9n se est\u00e1 a la espera del levantamiento de la suspensi\u00f3n de plazos para conocer las convocatorias de subvenciones a las que se puede acoger el Ayuntamiento.<\/span><\/p>\n<p style=\"text-align: justify;\"><span style=\"color: #000000;\">Actualmente el local social municipal consta de:<\/span><\/p>\n<p style=\"padding-left: 30px; text-align: justify;\"><span style=\"color: #000000;\">-Cafeter\u00eda de 87,95m2<\/span><\/p>\n<p style=\"padding-left: 30px; text-align: justify;\"><span style=\"color: #000000;\">-Cocina de 15,63m2<\/span><\/p>\n<p style=\"padding-left: 30px; text-align: justify;\"><span style=\"color: #000000;\">-Despacho asociaci\u00f3n de vecinos de 24,40m2<\/span><\/p>\n<p style=\"padding-left: 30px; text-align: justify;\"><span style=\"color: #000000;\">-Almacenes de 20,74m2, 5,18m2, 12,48m2, 3,43m2 y 2,87m2<\/span><\/p>\n<p style=\"padding-left: 30px; text-align: justify;\"><span style=\"color: #000000;\">-Lavabos de 4,83m2 y 3,40m2<\/span><\/p>\n<p style=\"text-align: justify;\"><span style=\"color: #000000;\">El proyecto redistribuye espacios y crea una sala polivalente nueva. El local quedar\u00eda repartido de la siguiente manera:<\/span><\/p>\n<p style=\"padding-left: 30px; text-align: justify;\"><span style=\"color: #000000;\">-Cafeter\u00eda de 71,18m2<\/span><\/p>\n<p style=\"padding-left: 30px; text-align: justify;\"><span style=\"color: #000000;\">-Cocina de 20,74m2 (se cambia de sitio)<\/span><\/p>\n<p style=\"padding-left: 30px; text-align: justify;\"><span style=\"color: #000000;\">-Sala polivalente de 44,42m2 (que con una separaci\u00f3n m\u00f3vil se divide en dos salas: 21,49m2 y 22,93m2)<\/span><\/p>\n<p style=\"padding-left: 30px; text-align: justify;\"><span style=\"color: #000000;\">-Almacenes de 5,18m2, 12,48m2, 3,42m2 y 2,87m2<\/span><\/p>\n<p style=\"padding-left: 30px; text-align: justify;\"><span style=\"color: #000000;\">-Los lavabos y el despacho de la asociaci\u00f3n de vecinos, quedan iguales<\/span><\/p>\n<p style=\"text-align: justify;\"><span style=\"color: #000000;\">El Ayuntamiento de la Bisbal del Pened\u00e8s hace meses que trabaja en este proyecto. La Junta de gobierno local del 16 de mayo de 2019 aprob\u00f3 la contrataci\u00f3n de la redacci\u00f3n de los proyectos b\u00e1sicos y de ejecuci\u00f3n de la ampliaci\u00f3n y reforma de los locales sociales de las urbanizaciones del Priorat de la Bisbal, Can Gordei y l\u2019Esplai por un importe de 8.315,17\u20ac (IVA incluido).<\/span><\/p>\n<p style=\"text-align: justify;\"><span style=\"color: #000000;\">Entre finales de 2019 y principios de 2020, el arquitecto contratado se reuni\u00f3 con el equipo de gobierno, el arquitecto municipal y las asociaciones de vecinos de los tres barrios. De esta manera, las asociaciones han podido dar su opini\u00f3n sobre los proyectos. El pasado mes de marzo se presentaron los proyectos b\u00e1sicos y de ejecuci\u00f3n de ampliaci\u00f3n y reforma de los locales sociales y ahora se ha procedido a la aprobaci\u00f3n inicial del Esplai del Pened\u00e8s.<\/span><\/p>\n","protected":false},"excerpt":{"rendered":"<p>L\u2019alcaldessa Agn\u00e8s Ferr\u00e9 va signar, el passat 22 de mar\u00e7, el decret d\u2019aprovaci\u00f3 del projecte de reforma del local social de l\u2019Esplai amb un pressupost d\u2019execuci\u00f3 material de 32.656,30\u20ac. Aquest &hellip; <a href=\"https:\/\/bisbalpenedes.com\/web\/2020\/03\/31\/saprova-inicialment-el-projecte-dampliacio-i-reforma-del-local-social-de-lesplai\/\" class=\"more-link\">Read More<\/a><\/p>\n","protected":false},"author":4,"featured_media":12675,"comment_status":"closed","ping_status":"closed","sticky":false,"template":"","format":"standard","meta":[],"categories":[1047,15],"tags":[3377,911,276,247,203,1517],"_links":{"self":[{"href":"https:\/\/bisbalpenedes.com\/web\/wp-json\/wp\/v2\/posts\/12674"}],"collection":[{"href":"https:\/\/bisbalpenedes.com\/web\/wp-json\/wp\/v2\/posts"}],"about":[{"href":"https:\/\/bisbalpenedes.com\/web\/wp-json\/wp\/v2\/types\/post"}],"author":[{"embeddable":true,"href":"https:\/\/bisbalpenedes.com\/web\/wp-json\/wp\/v2\/users\/4"}],"replies":[{"embeddable":true,"href":"https:\/\/bisbalpenedes.com\/web\/wp-json\/wp\/v2\/comments?post=12674"}],"version-history":[{"count":3,"href":"https:\/\/bisbalpenedes.com\/web\/wp-json\/wp\/v2\/posts\/12674\/revisions"}],"predecessor-version":[{"id":12692,"href":"https:\/\/bisbalpenedes.com\/web\/wp-json\/wp\/v2\/posts\/12674\/revisions\/12692"}],"wp:featuredmedia":[{"embeddable":true,"href":"https:\/\/bisbalpenedes.com\/web\/wp-json\/wp\/v2\/media\/12675"}],"wp:attachment":[{"href":"https:\/\/bisbalpenedes.com\/web\/wp-json\/wp\/v2\/media?parent=12674"}],"wp:term":[{"taxonomy":"category","embeddable":true,"href":"https:\/\/bisbalpenedes.com\/web\/wp-json\/wp\/v2\/categories?post=12674"},{"taxonomy":"post_tag","embeddable":true,"href":"https:\/\/bisbalpenedes.com\/web\/wp-json\/wp\/v2\/tags?post=12674"}],"curies":[{"name":"wp","href":"https:\/\/api.w.org\/{rel}","templated":true}]}}