{"id":12666,"date":"2020-03-30T17:21:45","date_gmt":"2020-03-30T16:21:45","guid":{"rendered":"http:\/\/bisbalpenedes.com\/web\/?p=12666"},"modified":"2020-03-30T17:25:04","modified_gmt":"2020-03-30T16:25:04","slug":"aquest-dilluns-lalcaldessa-agnes-ferre-ha-signat-un-decret-dalcaldia-amb-noves-mesures-per-evitar-la-propagacio-del-covid-19","status":"publish","type":"post","link":"https:\/\/bisbalpenedes.com\/web\/2020\/03\/30\/aquest-dilluns-lalcaldessa-agnes-ferre-ha-signat-un-decret-dalcaldia-amb-noves-mesures-per-evitar-la-propagacio-del-covid-19\/","title":{"rendered":"Aquest dilluns l\u2019alcaldessa Agn\u00e8s Ferr\u00e9 ha signat un decret d\u2019alcaldia amb noves mesures per evitar la propagaci\u00f3 del COVID-19"},"content":{"rendered":"<p><a href=\"http:\/\/bisbalpenedes.com\/web\/wp-content\/uploads\/2020\/03\/200330-ALCALDESSA-SIGNANT-DECRET.jpg\"><img loading=\"lazy\" class=\"alignnone size-medium wp-image-12671 aligncenter\" src=\"http:\/\/bisbalpenedes.com\/web\/wp-content\/uploads\/2020\/03\/200330-ALCALDESSA-SIGNANT-DECRET-300x225.jpg\" alt=\"200330 ALCALDESSA SIGNANT DECRET\" width=\"300\" height=\"225\" srcset=\"https:\/\/bisbalpenedes.com\/web\/wp-content\/uploads\/2020\/03\/200330-ALCALDESSA-SIGNANT-DECRET-300x225.jpg 300w, https:\/\/bisbalpenedes.com\/web\/wp-content\/uploads\/2020\/03\/200330-ALCALDESSA-SIGNANT-DECRET-600x450.jpg 600w, https:\/\/bisbalpenedes.com\/web\/wp-content\/uploads\/2020\/03\/200330-ALCALDESSA-SIGNANT-DECRET-768x576.jpg 768w, https:\/\/bisbalpenedes.com\/web\/wp-content\/uploads\/2020\/03\/200330-ALCALDESSA-SIGNANT-DECRET-1024x768.jpg 1024w\" sizes=\"(max-width: 300px) 100vw, 300px\" \/><\/a><a href=\"http:\/\/bisbalpenedes.com\/web\/wp-content\/uploads\/2020\/03\/2020-03-24-15.39.07.jpg\"><br \/>\n<\/a><\/p>\n<p><span style=\"color: #000000;\">L\u2019alcaldessa Agn\u00e8s Ferr\u00e9 ha signat un decret d\u2019alcaldia, avui dilluns 30 de mar\u00e7 de 2020, amb noves mesures per evitar la propagaci\u00f3 del COVID-19.<\/span><\/p>\n<p><span style=\"color: #000000;\">Aquest decret es pot descarregar fent clic <a href=\"http:\/\/bisbalpenedes.com\/web\/wp-content\/uploads\/2020\/03\/Decret-dalcaldia-30-de-marC-de-2020.pdf\" target=\"_blank\"><u>aqu\u00ed <\/u><\/a>i resol el seg\u00fcent:<\/span><\/p>\n<p><span style=\"color: #000000;\"><strong>PRIMER.<\/strong> Atesa la pr\u00f2rroga de l\u2019estat d\u2019alarma fins a les 0.00 hores del 12 d\u2019abril de 2020, prorrogar els terminis de les mesures adoptades per aquest Ajuntament per fer front a la situaci\u00f3 de crisi sanit\u00e0ria i evitar la propagaci\u00f3 del COVID-19 al municipi durant la vig\u00e8ncia de l\u2019estat d\u2019alarma i fins a nou av\u00eds.<\/span><\/p>\n<p><span style=\"color: #000000;\"><strong>SEGON.<\/strong> Identificar com a serveis b\u00e0sics I estrat\u00e8gics de necess\u00e0ria garantia per part d\u2019aquest Ajuntament els seg\u00fcents:<\/span><\/p>\n<ol>\n<li><span style=\"color: #000000;\">Enllumenat p\u00fablic, cementiri, recollida de residus, neteja vi\u00e0ria, abastament domiciliari d\u2019aigua potable, clavegueram, acc\u00e9s als nuclis de poblaci\u00f3, pavimentaci\u00f3 i conservaci\u00f3 de les vies p\u00fabliques, i control d\u2019aliments i begudes.<\/span><\/li>\n<li><span style=\"color: #000000;\">Seguretat i vigil\u00e0ncia general.<\/span><\/li>\n<li><span style=\"color: #000000;\">Neteja de les instal\u00b7lacions de l\u2019edifici de l\u2019Ajuntament.<\/span><\/li>\n<li><span style=\"color: #000000;\">Seu electr\u00f2nica i registre general.<\/span><\/li>\n<li><span style=\"color: #000000;\">Sistemes i serveis inform\u00e0tics.<\/span><\/li>\n<li><span style=\"color: #000000;\">Processos interns per garantir el m\u00ednim imprescindible operatiu de l\u2019organitzaci\u00f3.<\/span><\/li>\n<li><span style=\"color: #000000;\">Resolucions d\u2019Alcaldia.<\/span><\/li>\n<\/ol>\n<p><span style=\"color: #000000;\"><strong>TERCER. <\/strong>Disposar que el personal al servei d\u2019aquest Ajuntament desenvolupi les seves tasques mitjan\u00e7ant teletreball, sempre que sigui possible, durant la vig\u00e8ncia de l\u2019estat d\u2019alarma i fins a nou av\u00eds.<\/span><\/p>\n<p><span style=\"color: #000000;\"><strong>QUART. <\/strong>Disposar el seg\u00fcent pel que fa al personal al servei d\u2019aquest Ajuntament adscrit als serveis b\u00e0sics i estrat\u00e8gics de necess\u00e0ria garantia que no pugui acollir-se al teletreball, durant la vig\u00e8ncia de l\u2019estat d\u2019alarma i fins a nou av\u00eds:<\/span><\/p>\n<p style=\"padding-left: 30px;\"><span style=\"color: #000000;\">a.El personal de la brigada municipal continuar\u00e0 dividit en dos grups. El primer grup prestar\u00e0 els seus serveis la setmana del 30 de mar\u00e7 de 2020; i el segon, la del 6 d\u2019abril de 2020; en l\u2019horari compr\u00e8s entre les 7:30 i les 15 hores, de dilluns a divendres; i, aix\u00ed, successivament durant la vig\u00e8ncia de l\u2019estat d\u2019alarma i fins a nou av\u00eds. Al llarg de la jornada laboral es prendran totes les mesures corresponents. Les hores de treball no prestades tindran la consideraci\u00f3 de perm\u00eds retribu\u00eft i hauran de ser recuperades des del dia seg\u00fcent al de la finalitzaci\u00f3 de l\u2019estat d\u2019alarma fins al 31 de desembre de 2020.<\/span><\/p>\n<p style=\"padding-left: 30px;\"><span style=\"color: #000000;\">b.El personal del servei d\u2019informaci\u00f3 i inspecci\u00f3 continuar\u00e0 dividit en quatre unitats. De dilluns a divendres, un agent cobrir\u00e0 l\u2019horari de mat\u00ed (de les 8 a les 15:30 hores); un altre, l\u2019horari de tarda (de les 15 a les 22:30 hores); i el tercer, descansar\u00e0. Aquests torns s\u2019aniran canviant durant la vig\u00e8ncia de l\u2019estat d\u2019alarma i fins a nou av\u00eds. El quart agent seguir\u00e0 prestant els seus serveis durant el cap de setmana, dissabte i diumenge, de les 7 a les 19 hores. Al llarg de la jornada laboral es prendran totes les mesures corresponents. Les hores de treball no prestades tindran la consideraci\u00f3 de perm\u00eds retribu\u00eft i hauran de ser recuperades des del dia seg\u00fcent al de la finalitzaci\u00f3 de l\u2019estat d\u2019alarma fins al 31 de desembre de 2020.<\/span><\/p>\n<p style=\"padding-left: 30px;\"><span style=\"color: #000000;\">c.L\u2019uixer de l\u2019escola ser\u00e0 dispensat de la prestaci\u00f3 dels seus serveis durant la vig\u00e8ncia de l\u2019estat d\u2019alarma i fins a nou av\u00eds. Les hores de treball no prestades tindran la consideraci\u00f3 de perm\u00eds retribu\u00eft i hauran de ser recuperades des del dia seg\u00fcent al de la finalitzaci\u00f3 de l\u2019estat d\u2019alarma fins al 31 de desembre de 2020.<\/span><\/p>\n<p style=\"padding-left: 30px;\"><span style=\"color: #000000;\">d.El personal de neteja s\u2019organitzar\u00e0 en un torn d\u2019una \u00fanica persona, que s\u2019ocupar\u00e0 de la neteja de les instal\u00b7lacions de l\u2019edifici de l\u2019Ajuntament, de dilluns a divendres, de les 15 a les 19 hores, durant la vig\u00e8ncia de l\u2019estat d\u2019alarma i fins a nou av\u00eds. Aquest torn s\u2019anir\u00e0 canviant di\u00e0riament. Al llarg de la jornada laboral es prendran totes les mesures corresponents. Les hores de treball no prestades tindran la consideraci\u00f3 de perm\u00eds retribu\u00eft i hauran de ser recuperades des del dia seg\u00fcent al de la finalitzaci\u00f3 de l\u2019estat d\u2019alarma fins al 31 de desembre de 2020.<\/span><\/p>\n<p style=\"padding-left: 30px;\"><span style=\"color: #000000;\">e.La persona encarregada de l\u2019oficina d\u2019atenci\u00f3 al ciutad\u00e0 seguir\u00e0 prestant part dels seus serveis a l\u2019edifici de l\u2019Ajuntament, que continuar\u00e0 tancat al p\u00fablic, per tal d\u2019atendre els tr\u00e0mits electr\u00f2nics i telef\u00f2nics, en l\u2019horari compr\u00e8s entre les 9 i les 14 hores, durant la vig\u00e8ncia de l\u2019estat d\u2019alarma i fins a nou av\u00eds.<\/span><\/p>\n<p style=\"padding-left: 30px;\"><span style=\"color: #000000;\">f.La persona encarregada del servei de suport inform\u00e0tic seguir\u00e0 prestant part dels seus serveis a l\u2019edifici de l\u2019Ajuntament, que continuar\u00e0 tancat al p\u00fablic, durant la vig\u00e8ncia de l\u2019estat d\u2019alarma i fins a nou av\u00eds.<\/span><\/p>\n<p><span style=\"color: #000000;\"><strong>CINQU\u00c8. <\/strong>Comunicar la present resoluci\u00f3 a tots i a totes els treballadors i les treballadores al servei d\u2019aquest Ajuntament.<\/span><\/p>\n<p><span style=\"color: #000000;\"><strong>SIS\u00c8. <\/strong>Publicar el contingut de la present resoluci\u00f3 a l\u2019espai web i a les xarxes socials d\u2019aquest Ajuntament per al seu general coneixement.<\/span><\/p>\n<p><span style=\"color: #000000;\"><strong>SET\u00c8. <\/strong>Sense perjudici de la seva immediata executivitat, donar compte d\u2019aquesta resoluci\u00f3 al Ple de la Corporaci\u00f3 en la primera sessi\u00f3 ordin\u00e0ria que celebri.<\/span><\/p>\n<p><span style=\"color: #000000;\"><strong>\u00a0<\/strong><\/span><\/p>\n<p style=\"text-align: center;\"><span style=\"color: #000000;\"><strong>DECRET DEL 15 DE MAR\u00c7 DE 2020<\/strong><\/span><\/p>\n<p><span style=\"color: #000000;\">El passat diumenge 15 de mar\u00e7 de 2020, l\u2019alcaldessa va signar un decret d\u2019adopci\u00f3 de mesures per evitar la propagaci\u00f3 del COVID-19. Es pot consultar <a href=\"http:\/\/bisbalpenedes.com\/web\/wp-content\/uploads\/2020\/03\/DECRET-DALCALDIA-15-03-20-MESURES-COVID-19.pdf\" target=\"_blank\"><u>aqu\u00ed<\/u>.<\/a> Com s\u2019indica al primer punt del decret signat a data de 30 de mar\u00e7 de 2020, les mesures anteriors queden prorrogades.<\/span><\/p>\n<p><span style=\"color: #000000;\">Concretament, en el decret anterior es va resoldre el seg\u00fcent:<\/span><\/p>\n<p><span style=\"color: #000000;\"><strong>PRIMER.<\/strong> Ordenar el tancament al p\u00fablic de l\u2019edifici de l\u2019Ajuntament de La Bisbal del Pened\u00e8s per a un termini de 15 dies i fins a nou av\u00eds.<\/span><\/p>\n<p><span style=\"color: #000000;\"><strong>SEGON.<\/strong> Establir que les vies d\u2019atenci\u00f3 al p\u00fablic siguin l\u2019electr\u00f2nica i la telef\u00f2nica, aquesta \u00faltima en l\u2019horari compr\u00e8s entre les 9 i les 14 hores de dilluns a divendres, per a un termini de 15 dies i fins a nou av\u00eds.<\/span><\/p>\n<p><span style=\"color: #000000;\"><strong>TERCER.<\/strong> Disposar que el personal de les oficines i de la llar d\u2019infants al servei d\u2019aquest Ajuntament desenvolupi les seves funcions mitjan\u00e7ant teletreball per a un termini de 15 dies i fins a nou av\u00eds, sempre que sigui possible. En cas que no es pugui fer teletreball, el personal assistir\u00e0 a les oficines municipals amb totes les mesures corresponents de dist\u00e0ncies i higiene.<\/span><\/p>\n<p><span style=\"color: #000000;\"><strong>QUART.<\/strong> Disposar que la persona encarregada de l\u2019oficina d\u2019atenci\u00f3 al ciutad\u00e0 presti els seus serveis a l\u2019edifici de l\u2019Ajuntament de La Bisbal del Pened\u00e8s, que romandr\u00e0 tancat al p\u00fablic, per tal d\u2019atendre els tr\u00e0mits electr\u00f2nics i telef\u00f2nics, en l\u2019horari compr\u00e8s entre les 9 i les 14 hores, per a un termini de 15 dies i fins a nou av\u00eds.<\/span><\/p>\n<p><span style=\"color: #000000;\"><strong>CINQU\u00c8.<\/strong> Disposar que el personal de la brigada d\u2019aquest Ajuntament es divideixi en dos grups, formats cadascun d\u2019ells pel 50 % dels seus membres; que el primer grup presti els seus serveis durant la setmana del 16 de mar\u00e7 de 2020; i que el segon grup presti els seus serveis durant la setmana del 23 de mar\u00e7 de 2020. Durant l\u2019horari laboral es prendran totes les mesures corresponents de dist\u00e0ncies i higiene (personal i dels vehicles).<\/span><\/p>\n<p><span style=\"color: #000000;\"><strong>SIS\u00c8.<\/strong> Disposar que el personal del servei d\u2019informaci\u00f3 i inspecci\u00f3, de dilluns a divendres, format per tres persones, es divideixi en tres unitats d\u2019una persona cadascuna. Un agent far\u00e0 l\u2019horari de mat\u00ed que ja t\u00e9 establert, un altre far\u00e0 l\u2019horari de tarda que ja t\u00e9 establert i el tercer es quedar\u00e0 a casa. Cada setmana es canviar\u00e0 el torn, de manera que sempre romandr\u00e0 un a casa. Ajuntament de La Bisbal del Pened\u00e8s Durant l\u2019horari laboral es prendran totes les mesures corresponents de dist\u00e0ncia i higiene (personal i dels vehicles).<\/span><\/p>\n<p><span style=\"color: #000000;\"><strong>SET\u00c8.<\/strong> El servei Bon dia es realitzar\u00e0 de la seg\u00fcent manera: les volunt\u00e0ries no acudiran a l\u2019Ajuntament, sin\u00f3 que cadascuna tindr\u00e0 unes fitxes d\u2019usuaris i realitzar\u00e0 les trucades di\u00e0ries, de dilluns a divendres, des de casa seva.<\/span><\/p>\n<p><span style=\"color: #000000;\"><strong>VUIT\u00c8.<\/strong> El servei del Rebost solidari es repartir\u00e0 a domicili.<\/span><\/p>\n<p><span style=\"color: #000000;\"><strong>NOV\u00c8.<\/strong> Mentre duri l\u2019estat d\u2019alerta no es realitzaran els fitxatges per empremta digital que estan establerts.<\/span><\/p>\n<p><span style=\"color: #000000;\"><strong>DES\u00c8.<\/strong> Comunicar la present resoluci\u00f3 a tots i totes els treballadors i les treballadores al servei d\u2019aquest Ajuntament, aix\u00ed com a la resta d\u2019interessats i interessades.<\/span><\/p>\n<p><span style=\"color: #000000;\"><strong>ONZ\u00c8.<\/strong> Publicar el contingut de la present resoluci\u00f3 a l\u2019espai web i a les xarxes socials per al seu general coneixement.<\/span><\/p>\n<hr \/>\n<p><span style=\"color: #000000;\"><strong>CASTELLANO|\u00a0<\/strong><\/span><span style=\"color: #000000;\">La alcaldesa Agn\u00e8s Ferr\u00e9 ha firmado un decreto de alcald\u00eda, hoy lunes 30 de marzo de 2020, con nuevas medidas para evitar la propagaci\u00f3n del COVID-19.<\/span><\/p>\n<p><span style=\"color: #000000;\">Este decreto se puede descargar haciendo clic <a href=\"http:\/\/bisbalpenedes.com\/web\/wp-content\/uploads\/2020\/03\/Decret-dalcaldia-30-de-marC-de-2020.pdf\" target=\"_blank\"><u>aqu\u00ed<\/u><\/a> y resuelve lo siguiente:<\/span><\/p>\n<p><span style=\"color: #000000;\"><strong>PRIMERO.<\/strong> Teniendo en cuenta la pr\u00f3rroga del estado de alarma hasta las 0.00 horas del 12 de abril de 2020, prorrogar los plazos de las medidas adoptadas por este Ayuntamiento para hacer frente a la situaci\u00f3n de crisis sanitaria y evitar la propagaci\u00f3n del COVID-19 en el municipio durante la vigencia del estado de alarma y hasta nuevo aviso.<\/span><\/p>\n<p><span style=\"color: #000000;\"><strong>SEGUNDO.<\/strong> Identificar como servicios b\u00e1sicos y estrat\u00e9gicos de necesaria garant\u00eda por parte del Ayuntamiento los siguientes:<\/span><\/p>\n<ol>\n<li><span style=\"color: #000000;\">Alumbrado p\u00fablico, cementerio, recogida de residuos, limpieza vial, abastecimiento domiciliario de agua potable, alcantarillado, acceso a los n\u00facleos de poblaci\u00f3n, pavimentaci\u00f3n y conservaci\u00f3n de las v\u00edas p\u00fablicas, y control de alimentos y bebidas.<\/span><\/li>\n<li><span style=\"color: #000000;\">Seguridad y vigilancia general.<\/span><\/li>\n<li><span style=\"color: #000000;\">Limpieza de las instalaciones del edificio del Ayuntamiento.<\/span><\/li>\n<li><span style=\"color: #000000;\">Sede electr\u00f3nica y registro general.<\/span><\/li>\n<li><span style=\"color: #000000;\">Sistemas y servicios inform\u00e1ticos.<\/span><\/li>\n<li><span style=\"color: #000000;\">Procesos internos para garantizar lo m\u00ednimo imprescindible operativo de la organizaci\u00f3n.<\/span><\/li>\n<li><span style=\"color: #000000;\">Resoluciones de alcald\u00eda.<\/span><\/li>\n<\/ol>\n<p>&nbsp;<\/p>\n<p><span style=\"color: #000000;\"><strong>TERCERO.<\/strong> Disponer que el personal al servicio de este Ayuntamiento desarrolle sus tareas mediante teletrabajo, siempre que sea posible, durante la vigencia del estado de alarma y hasta nuevo aviso.<\/span><\/p>\n<p>&nbsp;<\/p>\n<p><span style=\"color: #000000;\"><strong>CUARTO.<\/strong> Disponer lo siguiente en cuanto al personal al servicio de este Ayuntamiento adscrito a los servicios b\u00e1sicos y estrat\u00e9gicos de necesaria garant\u00eda que no pueda acogerse al teletrabajo, durante la vigencia del estado de alarma y hasta nuevo aviso:<\/span><\/p>\n<p><span style=\"color: #000000;\">a.\u00a0<\/span><span style=\"color: #000000;\">El personal de la brigada municipal continuar\u00e1 dividido en dos grupos. El primer grupo prestar\u00e1 sus servicios la semana del 30 de marzo de 2020; y el segundo, la del 6 de abril de 2020; en el horario comprendido entre las 7:30h y las 15 horas, de lunes a viernes; y, as\u00ed, sucesivamente durante la vigencia del estado de alarma y hasta nuevo aviso. A lo largo de la jornada laboral se tomar\u00e1n todas las medidas correspondientes. Las horas de trabajo no prestadas tendr\u00e1n la consideraci\u00f3n de permiso retribuido y deber\u00e1n ser recuperadas desde el d\u00eda siguiente a la finalizaci\u00f3n del estado de alarma hasta el 31 de diciembre de 2020.<\/span><\/p>\n<p style=\"padding-left: 30px;\"><span style=\"color: #000000;\">b. El personal del servicio de informaci\u00f3n e inspecci\u00f3n continuar\u00e1 dividido en cuatro unidades. De lunes a viernes, un agente cubrir\u00e1 el horario de ma\u00f1ana (de las 8 a las 15:30h); otro, el horario de tarde (de las 15 a las 22:30h); y el tercero, descansar\u00e1. Estos turnos se ir\u00e1n cambiando durante la vigencia del estado de alarma y hasta nuevo aviso. El cuarto agente seguir\u00e1 prestando sus servicios durante el fin de semana, s\u00e1bado y domingo, de las 7 a las 19 horas. A lo largo de la jornada laboral se tomar\u00e1n todas las medidas correspondientes. Las horas de trabajo no prestadas tendr\u00e1n la consideraci\u00f3n de permiso retribuido y deber\u00e1n ser recuperadas desde el d\u00eda siguiente al de la finalizaci\u00f3n del estado de alarma hasta el 31 de diciembre de 2020.<\/span><\/p>\n<p style=\"padding-left: 30px;\"><span style=\"color: #000000;\">c. El conserje de la escuela ser\u00e1 dispensado de la prestaci\u00f3n de sus servicios durante la vigencia del estado de alarma y hasta nuevo aviso. Las horas de trabajo no prestadas tendr\u00e1n la consideraci\u00f3n de permiso retribuido y deber\u00e1n ser recuperadas desde el d\u00eda siguiente al de la finalizaci\u00f3n del estado de alarma hasta el 31 de diciembre de 2020.<\/span><\/p>\n<p style=\"padding-left: 30px;\"><span style=\"color: #000000;\">d. El personal de limpieza se organizar\u00e1 en un turno de \u00fanica persona, que se ocupar\u00e1 de la limpieza de las instalaciones del edificio del Ayuntamiento, de lunes a viernes, de las 15 a las 19 horas, durante la vigencia del estado de alarma y hasta nuevo aviso. Este turno se ir\u00e1 cambiando diariamente. A lo largo de la jornada laboral se tomar\u00e1n todas las medidas correspondientes. Las horas de trabajo no prestadas tendr\u00e1n la consideraci\u00f3n de permiso retribuido y deber\u00e1n ser recuperadas desde el d\u00eda siguiente al de la finalizaci\u00f3n del estado de alarma hasta el 31 de diciembre de 2020.<\/span><\/p>\n<p style=\"padding-left: 30px;\"><span style=\"color: #000000;\">e. La persona encargada de la oficina de atenci\u00f3n al ciudadano seguir\u00e1 prestando parte de sus servicios al edificio del Ayuntamiento, que continuar\u00e1 cerrado al p\u00fablico, por tal de atender los tr\u00e1mites electr\u00f3nicos y telef\u00f3nicos, en el horario comprendido entre las 9 y las 14 horas, durante la vigencia del estado de alarma y hasta nuevo aviso.<\/span><\/p>\n<p style=\"padding-left: 30px;\"><span style=\"color: #000000;\">f. La persona encargada del servicio de soporte inform\u00e1tico seguir\u00e1 prestando parte de sus servicios en el edificio del Ayuntamiento, que continuar\u00e1 cerrado al p\u00fablico durante la vigencia del estado de alarma y hasta nuevo aviso.<\/span><\/p>\n<p><span style=\"color: #000000;\"><strong>QUINTO.<\/strong> Comunicar la presente resoluci\u00f3n a todos y a todas los trabajadores y las trabajadoras al servicio de este Ayuntamiento.<\/span><\/p>\n<p><span style=\"color: #000000;\"><strong>SEXTO.<\/strong> Publicar el contenido de la presente resoluci\u00f3n en el espacio web y en las redes sociales de este Ayuntamiento para su general conocimiento.<\/span><\/p>\n<p><span style=\"color: #000000;\"><strong>S\u00c9PTIMO.<\/strong> Sin prejuicio de su inmediata ejecuci\u00f3n, dar cuenta de esta resoluci\u00f3n al Pleno de la Corporaci\u00f3n en la primera sesi\u00f3n ordinaria que celebre.<\/span><\/p>\n<p>&nbsp;<\/p>\n<p style=\"text-align: center;\"><span style=\"color: #000000;\"><strong>DECRETO DEL 15 DE MARZO DE 2020<\/strong><\/span><\/p>\n<p><span style=\"color: #000000;\">El pasado domingo 15 de marzo de 2020, la alcaldesa firm\u00f3 un decreto de adopci\u00f3n de mediadas para evitar la propagaci\u00f3n del COVID-19. Se puede consultar <a href=\"http:\/\/bisbalpenedes.com\/web\/wp-content\/uploads\/2020\/03\/DECRET-DALCALDIA-15-03-20-MESURES-COVID-19.pdf\" target=\"_blank\"><u>aqu\u00ed<\/u><\/a>. Como se indica en el primer punto del decreto firmado a fecha de 30 de marzo de 2020, las medidas anteriores quedan prorrogadas.<\/span><\/p>\n<p><span style=\"color: #000000;\">Concretamente, en el decreto anterior se resolvi\u00f3 lo siguiente:<\/span><\/p>\n<p><span style=\"color: #000000;\"><strong>PRIMERO.<\/strong> Ordenar el cierre al p\u00fablico del edificio del Ayuntamiento de La Bisbal del Pened\u00e8s por un plazo de 15 d\u00edas y hasta nuevo aviso.<\/span><\/p>\n<p><span style=\"color: #000000;\"><strong>SEGUNDO.<\/strong> Establecer que las v\u00edas de atenci\u00f3n al p\u00fablico sean la electr\u00f3nica y la telef\u00f3nica, esta \u00faltima en horario comprendido entre las 9 y las 14 horas de lunes a viernes, por un plazo de 15 d\u00edas y hasta nuevo aviso.<\/span><\/p>\n<p><span style=\"color: #000000;\"><strong>TERCERO.<\/strong> Disponer que el personal de las oficinas y de la guarder\u00eda municipal de este Ayuntamiento desarrolle sus funciones mediante teletrabajo por un plazo de 15 d\u00edas y hasta nuevo aviso, siempre que sea posible. En caso que no se pueda hacer por teletrabajo, el personal asistir\u00e1 a las oficinas municipales con todas las medidas correspondientes de distancias e higiene.<\/span><\/p>\n<p><span style=\"color: #000000;\"><strong>CUARTO. <\/strong>Disponer que la persona encargada de la oficina de atenci\u00f3n al ciudadano preste sus servicios en el edificio del Ayuntamiento de La Bisbal del Pened\u00e8s, que permanecer\u00e1 cerrado al p\u00fablico, por tal de atender los tr\u00e1mites electr\u00f3nicos y telef\u00f3nicos, en el horario comprendido entre las 9 y las 14 horas, por un plazo de 15 d\u00edas y hasta nuevo aviso.<\/span><\/p>\n<p><span style=\"color: #000000;\"><strong>QUINTO.<\/strong> Disponer que el personal de la brigada de este Ayuntamiento se divida en dos grupos, formados cada uno de ellos por el 50% de sus miembros; que el primer grupo preste sus servicios durante la semana del 16 de marzo de 2020; y que el segundo grupo preste sus servicios durante la semana del 23 de marzo de 2020. Durante el horario laboral se tomar\u00e1n todas las medidas correspondientes a las distancias e higiene (personal y de los veh\u00edculos).<\/span><\/p>\n<p><span style=\"color: #000000;\"><strong>SEXTO. <\/strong>Disponer que el personal del servicio de informaci\u00f3n e inspecci\u00f3n, de lunes a viernes, formado por tres personas, se divida en tres unidades de una persona cada una. Un agente har\u00e1 el horario de ma\u00f1ana que ya tiene establecido, otro har\u00e1 el horario de tarde que ya tiene establecido y un tercero se quedar\u00e1 en casa. Cada semana se cambiar\u00e1 de turno, de manera que siempre permanecer\u00e1 uno en casa. Durante el horario laboral se tomar\u00e1n todas las medidas correspondientes a la distancia e higiene (personal y de veh\u00edculos).<\/span><\/p>\n<p><span style=\"color: #000000;\"><strong>S\u00c9PTIMO.<\/strong> El servicio Bon dia se realizar\u00e1 de la siguiente manera: las voluntarias no acudir\u00e1n al Ayuntamiento, sino que cada una tendr\u00e1 unas fichas de usuarios y realizar\u00e1 las llamadas diarias, de lunes a viernes, desde su casa.<\/span><\/p>\n<p><span style=\"color: #000000;\"><strong>OCTAVO.<\/strong> El servicio de Rebost solidari se repartir\u00e1 a domicilio.<\/span><\/p>\n<p><span style=\"color: #000000;\"><strong>NOVENO.<\/strong> Mientras dure el estado de alerta no se realizar\u00e1n los fichajes por huella digital que est\u00e1n establecidos.<\/span><\/p>\n<p><span style=\"color: #000000;\"><strong>D\u00c9CIMO.<\/strong> Comunicar la presente resoluci\u00f3n a todos y todas los trabajadores y las trabajadoras al servicio de este Ayuntamiento, as\u00ed como al resto de interesados e interesadas.<\/span><\/p>\n<p><span style=\"color: #000000;\"><strong>UND\u00c9CIMO.<\/strong> Publicar el contenido de la presente resoluci\u00f3n en el espacio web y en las redes sociales para su general conocimiento.<\/span><\/p>\n<p>&nbsp;<\/p>\n","protected":false},"excerpt":{"rendered":"<p>L\u2019alcaldessa Agn\u00e8s Ferr\u00e9 ha signat un decret d\u2019alcaldia, avui dilluns 30 de mar\u00e7 de 2020, amb noves mesures per evitar la propagaci\u00f3 del COVID-19. Aquest decret es pot descarregar fent &hellip; <a href=\"https:\/\/bisbalpenedes.com\/web\/2020\/03\/30\/aquest-dilluns-lalcaldessa-agnes-ferre-ha-signat-un-decret-dalcaldia-amb-noves-mesures-per-evitar-la-propagacio-del-covid-19\/\" class=\"more-link\">Read More<\/a><\/p>\n","protected":false},"author":4,"featured_media":12671,"comment_status":"closed","ping_status":"closed","sticky":false,"template":"","format":"standard","meta":[],"categories":[2057,3636],"tags":[216,1252,3550,3559,1503,3645,3646,82,3647],"_links":{"self":[{"href":"https:\/\/bisbalpenedes.com\/web\/wp-json\/wp\/v2\/posts\/12666"}],"collection":[{"href":"https:\/\/bisbalpenedes.com\/web\/wp-json\/wp\/v2\/posts"}],"about":[{"href":"https:\/\/bisbalpenedes.com\/web\/wp-json\/wp\/v2\/types\/post"}],"author":[{"embeddable":true,"href":"https:\/\/bisbalpenedes.com\/web\/wp-json\/wp\/v2\/users\/4"}],"replies":[{"embeddable":true,"href":"https:\/\/bisbalpenedes.com\/web\/wp-json\/wp\/v2\/comments?post=12666"}],"version-history":[{"count":4,"href":"https:\/\/bisbalpenedes.com\/web\/wp-json\/wp\/v2\/posts\/12666\/revisions"}],"predecessor-version":[{"id":12673,"href":"https:\/\/bisbalpenedes.com\/web\/wp-json\/wp\/v2\/posts\/12666\/revisions\/12673"}],"wp:featuredmedia":[{"embeddable":true,"href":"https:\/\/bisbalpenedes.com\/web\/wp-json\/wp\/v2\/media\/12671"}],"wp:attachment":[{"href":"https:\/\/bisbalpenedes.com\/web\/wp-json\/wp\/v2\/media?parent=12666"}],"wp:term":[{"taxonomy":"category","embeddable":true,"href":"https:\/\/bisbalpenedes.com\/web\/wp-json\/wp\/v2\/categories?post=12666"},{"taxonomy":"post_tag","embeddable":true,"href":"https:\/\/bisbalpenedes.com\/web\/wp-json\/wp\/v2\/tags?post=12666"}],"curies":[{"name":"wp","href":"https:\/\/api.w.org\/{rel}","templated":true}]}}