{"id":12652,"date":"2020-03-30T17:03:57","date_gmt":"2020-03-30T16:03:57","guid":{"rendered":"http:\/\/bisbalpenedes.com\/web\/?p=12652"},"modified":"2020-03-30T17:03:57","modified_gmt":"2020-03-30T16:03:57","slug":"preguntes-frequents-sobre-el-coronavirus-covid-19-que-puc-fer-i-que-no-versio-30-03-20-15h","status":"publish","type":"post","link":"https:\/\/bisbalpenedes.com\/web\/2020\/03\/30\/preguntes-frequents-sobre-el-coronavirus-covid-19-que-puc-fer-i-que-no-versio-30-03-20-15h\/","title":{"rendered":"Preguntes freq\u00fcents sobre el coronavirus Covid-19. Qu\u00e8 puc fer i qu\u00e8 no? Versi\u00f3 30-03-20 | 15h"},"content":{"rendered":"<div class=\"\" data-block=\"true\" data-editor=\"5dga6\" data-offset-key=\"a7b3m-0-0\">\n<div class=\"_1mf _1mj\" data-offset-key=\"a7b3m-0-0\"><span style=\"color: #000000;\">ACTUALITZACI\u00d3 29-03-20 \u2013 15h<\/span><\/div>\n<div class=\"_1mf _1mj\" data-offset-key=\"a7b3m-0-0\"><span style=\"color: #000000;\">Qu\u00e8 puc fer i qu\u00e8 no?<\/span><\/div>\n<\/div>\n<div class=\"\" data-block=\"true\" data-editor=\"5dga6\" data-offset-key=\"eja5t-0-0\">\n<div class=\"_1mf _1mj\" data-offset-key=\"eja5t-0-0\"><span style=\"color: #000000;\">Les preguntes freq\u00fcents sobre el coronavirus Covid-19 respostes des del Centre de Coordinaci\u00f3 Operativa de Catalunya (CECAT).<\/span><\/div>\n<\/div>\n<div class=\"\" data-block=\"true\" data-editor=\"5dga6\" data-offset-key=\"4d722-0-0\">\n<div class=\"_1mf _1mj\" data-offset-key=\"4d722-0-0\"><span style=\"color: #000000;\">Descarregueu el document fent clic aqu\u00ed:\u00a0<a href=\"http:\/\/bisbalpenedes.com\/web\/wp-content\/uploads\/2020\/03\/Questionari-restriccions-COVID19-v20200330-15h.pdf\">Questionari-restriccions-COVID19-v20200330-15h<\/a><\/span><\/div>\n<\/div>\n<div class=\"\" data-block=\"true\" data-editor=\"5dga6\" data-offset-key=\"4ejcu-0-0\">\n<div class=\"_1mf _1mj\" data-offset-key=\"4ejcu-0-0\">\n<hr \/>\n<\/div>\n<\/div>\n<div class=\"\" data-block=\"true\" data-editor=\"5dga6\" data-offset-key=\"96g5l-0-0\">\n<div class=\"_1mf _1mj\" data-offset-key=\"96g5l-0-0\"><span style=\"color: #000000;\">ACTUALIZACI\u00d3N 29-03-20 \u2013 15h<\/span><\/div>\n<\/div>\n<div class=\"\" data-block=\"true\" data-editor=\"5dga6\" data-offset-key=\"dhcci-0-0\">\n<div class=\"_1mf _1mj\" data-offset-key=\"dhcci-0-0\"><span style=\"color: #000000;\">\u00bfQu\u00e9 puedo hacer y qu\u00e9 no? Las preguntas frecuentes sobre el coronavirus Covid-19 respondidas desde El Centre de Coordinaci\u00f3 Operativa de Catalunya (CECAT).<\/span><\/div>\n<\/div>\n<div class=\"\" data-block=\"true\" data-editor=\"5dga6\" data-offset-key=\"5l9n3-0-0\">\n<div class=\"_1mf _1mj\" data-offset-key=\"5l9n3-0-0\"><span style=\"color: #000000;\">Descargad el documento haciendo clic\u00a0aqu\u00ed:\u00a0<a href=\"http:\/\/bisbalpenedes.com\/web\/wp-content\/uploads\/2020\/03\/Questionari-restriccions-COVID19-v20200330-15h.pdf\">Questionari-restriccions-COVID19-v20200330-15h<\/a><\/span><\/div>\n<\/div>\n<div class=\"_1mf _1mj\" data-offset-key=\"5l9n3-0-0\"><a href=\"http:\/\/bisbalpenedes.com\/web\/wp-content\/uploads\/2020\/03\/Questionari-restriccions-COVID19-v20200329-15h_page-0001-1.jpg\"><img loading=\"lazy\" class=\"aligncenter size-large wp-image-12655\" src=\"http:\/\/bisbalpenedes.com\/web\/wp-content\/uploads\/2020\/03\/Questionari-restriccions-COVID19-v20200329-15h_page-0001-1-724x1024.jpg\" alt=\"Questionari-restriccions-COVID19-v20200329-15h_page-0001\" width=\"630\" height=\"891\" srcset=\"https:\/\/bisbalpenedes.com\/web\/wp-content\/uploads\/2020\/03\/Questionari-restriccions-COVID19-v20200329-15h_page-0001-1-724x1024.jpg 724w, https:\/\/bisbalpenedes.com\/web\/wp-content\/uploads\/2020\/03\/Questionari-restriccions-COVID19-v20200329-15h_page-0001-1-600x849.jpg 600w, https:\/\/bisbalpenedes.com\/web\/wp-content\/uploads\/2020\/03\/Questionari-restriccions-COVID19-v20200329-15h_page-0001-1-212x300.jpg 212w, https:\/\/bisbalpenedes.com\/web\/wp-content\/uploads\/2020\/03\/Questionari-restriccions-COVID19-v20200329-15h_page-0001-1-768x1086.jpg 768w, https:\/\/bisbalpenedes.com\/web\/wp-content\/uploads\/2020\/03\/Questionari-restriccions-COVID19-v20200329-15h_page-0001-1.jpg 1240w\" sizes=\"(max-width: 630px) 100vw, 630px\" \/><\/a> <a href=\"http:\/\/bisbalpenedes.com\/web\/wp-content\/uploads\/2020\/03\/Questionari-restriccions-COVID19-v20200329-15h_page-0002-1.jpg\"><img loading=\"lazy\" class=\"aligncenter size-large wp-image-12656\" src=\"http:\/\/bisbalpenedes.com\/web\/wp-content\/uploads\/2020\/03\/Questionari-restriccions-COVID19-v20200329-15h_page-0002-1-724x1024.jpg\" alt=\"Questionari-restriccions-COVID19-v20200329-15h_page-0002\" width=\"630\" height=\"891\" srcset=\"https:\/\/bisbalpenedes.com\/web\/wp-content\/uploads\/2020\/03\/Questionari-restriccions-COVID19-v20200329-15h_page-0002-1-724x1024.jpg 724w, https:\/\/bisbalpenedes.com\/web\/wp-content\/uploads\/2020\/03\/Questionari-restriccions-COVID19-v20200329-15h_page-0002-1-600x849.jpg 600w, https:\/\/bisbalpenedes.com\/web\/wp-content\/uploads\/2020\/03\/Questionari-restriccions-COVID19-v20200329-15h_page-0002-1-212x300.jpg 212w, https:\/\/bisbalpenedes.com\/web\/wp-content\/uploads\/2020\/03\/Questionari-restriccions-COVID19-v20200329-15h_page-0002-1-768x1086.jpg 768w, https:\/\/bisbalpenedes.com\/web\/wp-content\/uploads\/2020\/03\/Questionari-restriccions-COVID19-v20200329-15h_page-0002-1.jpg 1240w\" sizes=\"(max-width: 630px) 100vw, 630px\" \/><\/a> <a href=\"http:\/\/bisbalpenedes.com\/web\/wp-content\/uploads\/2020\/03\/Questionari-restriccions-COVID19-v20200329-15h_page-0003-1.jpg\"><img loading=\"lazy\" class=\"aligncenter size-large wp-image-12657\" src=\"http:\/\/bisbalpenedes.com\/web\/wp-content\/uploads\/2020\/03\/Questionari-restriccions-COVID19-v20200329-15h_page-0003-1-724x1024.jpg\" alt=\"Questionari-restriccions-COVID19-v20200329-15h_page-0003\" width=\"630\" height=\"891\" srcset=\"https:\/\/bisbalpenedes.com\/web\/wp-content\/uploads\/2020\/03\/Questionari-restriccions-COVID19-v20200329-15h_page-0003-1-724x1024.jpg 724w, https:\/\/bisbalpenedes.com\/web\/wp-content\/uploads\/2020\/03\/Questionari-restriccions-COVID19-v20200329-15h_page-0003-1-600x849.jpg 600w, https:\/\/bisbalpenedes.com\/web\/wp-content\/uploads\/2020\/03\/Questionari-restriccions-COVID19-v20200329-15h_page-0003-1-212x300.jpg 212w, https:\/\/bisbalpenedes.com\/web\/wp-content\/uploads\/2020\/03\/Questionari-restriccions-COVID19-v20200329-15h_page-0003-1-768x1086.jpg 768w, https:\/\/bisbalpenedes.com\/web\/wp-content\/uploads\/2020\/03\/Questionari-restriccions-COVID19-v20200329-15h_page-0003-1.jpg 1240w\" sizes=\"(max-width: 630px) 100vw, 630px\" \/><\/a> <a href=\"http:\/\/bisbalpenedes.com\/web\/wp-content\/uploads\/2020\/03\/Questionari-restriccions-COVID19-v20200329-15h_page-0004-1.jpg\"><img loading=\"lazy\" class=\"aligncenter size-large wp-image-12658\" src=\"http:\/\/bisbalpenedes.com\/web\/wp-content\/uploads\/2020\/03\/Questionari-restriccions-COVID19-v20200329-15h_page-0004-1-724x1024.jpg\" alt=\"Questionari-restriccions-COVID19-v20200329-15h_page-0004\" width=\"630\" height=\"891\" srcset=\"https:\/\/bisbalpenedes.com\/web\/wp-content\/uploads\/2020\/03\/Questionari-restriccions-COVID19-v20200329-15h_page-0004-1-724x1024.jpg 724w, https:\/\/bisbalpenedes.com\/web\/wp-content\/uploads\/2020\/03\/Questionari-restriccions-COVID19-v20200329-15h_page-0004-1-600x849.jpg 600w, https:\/\/bisbalpenedes.com\/web\/wp-content\/uploads\/2020\/03\/Questionari-restriccions-COVID19-v20200329-15h_page-0004-1-212x300.jpg 212w, https:\/\/bisbalpenedes.com\/web\/wp-content\/uploads\/2020\/03\/Questionari-restriccions-COVID19-v20200329-15h_page-0004-1-768x1086.jpg 768w, https:\/\/bisbalpenedes.com\/web\/wp-content\/uploads\/2020\/03\/Questionari-restriccions-COVID19-v20200329-15h_page-0004-1.jpg 1240w\" sizes=\"(max-width: 630px) 100vw, 630px\" \/><\/a> <a href=\"http:\/\/bisbalpenedes.com\/web\/wp-content\/uploads\/2020\/03\/Questionari-restriccions-COVID19-v20200329-15h_page-0005-1.jpg\"><img loading=\"lazy\" class=\"aligncenter size-large wp-image-12659\" src=\"http:\/\/bisbalpenedes.com\/web\/wp-content\/uploads\/2020\/03\/Questionari-restriccions-COVID19-v20200329-15h_page-0005-1-724x1024.jpg\" alt=\"Questionari-restriccions-COVID19-v20200329-15h_page-0005\" width=\"630\" height=\"891\" srcset=\"https:\/\/bisbalpenedes.com\/web\/wp-content\/uploads\/2020\/03\/Questionari-restriccions-COVID19-v20200329-15h_page-0005-1-724x1024.jpg 724w, https:\/\/bisbalpenedes.com\/web\/wp-content\/uploads\/2020\/03\/Questionari-restriccions-COVID19-v20200329-15h_page-0005-1-600x849.jpg 600w, https:\/\/bisbalpenedes.com\/web\/wp-content\/uploads\/2020\/03\/Questionari-restriccions-COVID19-v20200329-15h_page-0005-1-212x300.jpg 212w, https:\/\/bisbalpenedes.com\/web\/wp-content\/uploads\/2020\/03\/Questionari-restriccions-COVID19-v20200329-15h_page-0005-1-768x1086.jpg 768w, https:\/\/bisbalpenedes.com\/web\/wp-content\/uploads\/2020\/03\/Questionari-restriccions-COVID19-v20200329-15h_page-0005-1.jpg 1240w\" sizes=\"(max-width: 630px) 100vw, 630px\" \/><\/a> <a href=\"http:\/\/bisbalpenedes.com\/web\/wp-content\/uploads\/2020\/03\/Questionari-restriccions-COVID19-v20200329-15h_page-0006-1.jpg\"><img loading=\"lazy\" class=\"aligncenter size-large wp-image-12660\" src=\"http:\/\/bisbalpenedes.com\/web\/wp-content\/uploads\/2020\/03\/Questionari-restriccions-COVID19-v20200329-15h_page-0006-1-724x1024.jpg\" alt=\"Questionari-restriccions-COVID19-v20200329-15h_page-0006\" width=\"630\" height=\"891\" srcset=\"https:\/\/bisbalpenedes.com\/web\/wp-content\/uploads\/2020\/03\/Questionari-restriccions-COVID19-v20200329-15h_page-0006-1-724x1024.jpg 724w, https:\/\/bisbalpenedes.com\/web\/wp-content\/uploads\/2020\/03\/Questionari-restriccions-COVID19-v20200329-15h_page-0006-1-600x849.jpg 600w, https:\/\/bisbalpenedes.com\/web\/wp-content\/uploads\/2020\/03\/Questionari-restriccions-COVID19-v20200329-15h_page-0006-1-212x300.jpg 212w, https:\/\/bisbalpenedes.com\/web\/wp-content\/uploads\/2020\/03\/Questionari-restriccions-COVID19-v20200329-15h_page-0006-1-768x1086.jpg 768w, https:\/\/bisbalpenedes.com\/web\/wp-content\/uploads\/2020\/03\/Questionari-restriccions-COVID19-v20200329-15h_page-0006-1.jpg 1240w\" sizes=\"(max-width: 630px) 100vw, 630px\" \/><\/a> <a href=\"http:\/\/bisbalpenedes.com\/web\/wp-content\/uploads\/2020\/03\/Questionari-restriccions-COVID19-v20200329-15h_page-0007-1.jpg\"><img loading=\"lazy\" class=\"aligncenter size-large wp-image-12661\" src=\"http:\/\/bisbalpenedes.com\/web\/wp-content\/uploads\/2020\/03\/Questionari-restriccions-COVID19-v20200329-15h_page-0007-1-724x1024.jpg\" alt=\"Questionari-restriccions-COVID19-v20200329-15h_page-0007\" width=\"630\" height=\"891\" srcset=\"https:\/\/bisbalpenedes.com\/web\/wp-content\/uploads\/2020\/03\/Questionari-restriccions-COVID19-v20200329-15h_page-0007-1-724x1024.jpg 724w, https:\/\/bisbalpenedes.com\/web\/wp-content\/uploads\/2020\/03\/Questionari-restriccions-COVID19-v20200329-15h_page-0007-1-600x849.jpg 600w, https:\/\/bisbalpenedes.com\/web\/wp-content\/uploads\/2020\/03\/Questionari-restriccions-COVID19-v20200329-15h_page-0007-1-212x300.jpg 212w, https:\/\/bisbalpenedes.com\/web\/wp-content\/uploads\/2020\/03\/Questionari-restriccions-COVID19-v20200329-15h_page-0007-1-768x1086.jpg 768w, https:\/\/bisbalpenedes.com\/web\/wp-content\/uploads\/2020\/03\/Questionari-restriccions-COVID19-v20200329-15h_page-0007-1.jpg 1240w\" sizes=\"(max-width: 630px) 100vw, 630px\" \/><\/a> <a href=\"http:\/\/bisbalpenedes.com\/web\/wp-content\/uploads\/2020\/03\/Questionari-restriccions-COVID19-v20200329-15h_page-0008-1.jpg\"><img loading=\"lazy\" class=\"aligncenter size-large wp-image-12662\" src=\"http:\/\/bisbalpenedes.com\/web\/wp-content\/uploads\/2020\/03\/Questionari-restriccions-COVID19-v20200329-15h_page-0008-1-724x1024.jpg\" alt=\"Questionari-restriccions-COVID19-v20200329-15h_page-0008\" width=\"630\" height=\"891\" srcset=\"https:\/\/bisbalpenedes.com\/web\/wp-content\/uploads\/2020\/03\/Questionari-restriccions-COVID19-v20200329-15h_page-0008-1-724x1024.jpg 724w, https:\/\/bisbalpenedes.com\/web\/wp-content\/uploads\/2020\/03\/Questionari-restriccions-COVID19-v20200329-15h_page-0008-1-600x849.jpg 600w, https:\/\/bisbalpenedes.com\/web\/wp-content\/uploads\/2020\/03\/Questionari-restriccions-COVID19-v20200329-15h_page-0008-1-212x300.jpg 212w, https:\/\/bisbalpenedes.com\/web\/wp-content\/uploads\/2020\/03\/Questionari-restriccions-COVID19-v20200329-15h_page-0008-1-768x1086.jpg 768w, https:\/\/bisbalpenedes.com\/web\/wp-content\/uploads\/2020\/03\/Questionari-restriccions-COVID19-v20200329-15h_page-0008-1.jpg 1240w\" sizes=\"(max-width: 630px) 100vw, 630px\" \/><\/a> <a href=\"http:\/\/bisbalpenedes.com\/web\/wp-content\/uploads\/2020\/03\/Questionari-restriccions-COVID19-v20200329-15h_page-0009-1.jpg\"><img loading=\"lazy\" class=\"aligncenter size-large wp-image-12663\" src=\"http:\/\/bisbalpenedes.com\/web\/wp-content\/uploads\/2020\/03\/Questionari-restriccions-COVID19-v20200329-15h_page-0009-1-724x1024.jpg\" alt=\"Questionari-restriccions-COVID19-v20200329-15h_page-0009\" width=\"630\" height=\"891\" srcset=\"https:\/\/bisbalpenedes.com\/web\/wp-content\/uploads\/2020\/03\/Questionari-restriccions-COVID19-v20200329-15h_page-0009-1-724x1024.jpg 724w, https:\/\/bisbalpenedes.com\/web\/wp-content\/uploads\/2020\/03\/Questionari-restriccions-COVID19-v20200329-15h_page-0009-1-600x849.jpg 600w, https:\/\/bisbalpenedes.com\/web\/wp-content\/uploads\/2020\/03\/Questionari-restriccions-COVID19-v20200329-15h_page-0009-1-212x300.jpg 212w, https:\/\/bisbalpenedes.com\/web\/wp-content\/uploads\/2020\/03\/Questionari-restriccions-COVID19-v20200329-15h_page-0009-1-768x1086.jpg 768w, https:\/\/bisbalpenedes.com\/web\/wp-content\/uploads\/2020\/03\/Questionari-restriccions-COVID19-v20200329-15h_page-0009-1.jpg 1240w\" sizes=\"(max-width: 630px) 100vw, 630px\" \/><\/a><\/div>\n","protected":false},"excerpt":{"rendered":"<p>ACTUALITZACI\u00d3 29-03-20 \u2013 15h Qu\u00e8 puc fer i qu\u00e8 no? Les preguntes freq\u00fcents sobre el coronavirus Covid-19 respostes des del Centre de Coordinaci\u00f3 Operativa de Catalunya (CECAT). Descarregueu el document &hellip; <a href=\"https:\/\/bisbalpenedes.com\/web\/2020\/03\/30\/preguntes-frequents-sobre-el-coronavirus-covid-19-que-puc-fer-i-que-no-versio-30-03-20-15h\/\" class=\"more-link\">Read More<\/a><\/p>\n","protected":false},"author":4,"featured_media":12664,"comment_status":"closed","ping_status":"closed","sticky":false,"template":"","format":"standard","meta":[],"categories":[3636],"tags":[3644,3643,3550,3559,3582,1594,1181,3580,999],"_links":{"self":[{"href":"https:\/\/bisbalpenedes.com\/web\/wp-json\/wp\/v2\/posts\/12652"}],"collection":[{"href":"https:\/\/bisbalpenedes.com\/web\/wp-json\/wp\/v2\/posts"}],"about":[{"href":"https:\/\/bisbalpenedes.com\/web\/wp-json\/wp\/v2\/types\/post"}],"author":[{"embeddable":true,"href":"https:\/\/bisbalpenedes.com\/web\/wp-json\/wp\/v2\/users\/4"}],"replies":[{"embeddable":true,"href":"https:\/\/bisbalpenedes.com\/web\/wp-json\/wp\/v2\/comments?post=12652"}],"version-history":[{"count":1,"href":"https:\/\/bisbalpenedes.com\/web\/wp-json\/wp\/v2\/posts\/12652\/revisions"}],"predecessor-version":[{"id":12665,"href":"https:\/\/bisbalpenedes.com\/web\/wp-json\/wp\/v2\/posts\/12652\/revisions\/12665"}],"wp:featuredmedia":[{"embeddable":true,"href":"https:\/\/bisbalpenedes.com\/web\/wp-json\/wp\/v2\/media\/12664"}],"wp:attachment":[{"href":"https:\/\/bisbalpenedes.com\/web\/wp-json\/wp\/v2\/media?parent=12652"}],"wp:term":[{"taxonomy":"category","embeddable":true,"href":"https:\/\/bisbalpenedes.com\/web\/wp-json\/wp\/v2\/categories?post=12652"},{"taxonomy":"post_tag","embeddable":true,"href":"https:\/\/bisbalpenedes.com\/web\/wp-json\/wp\/v2\/tags?post=12652"}],"curies":[{"name":"wp","href":"https:\/\/api.w.org\/{rel}","templated":true}]}}