{"id":12645,"date":"2020-03-30T11:21:22","date_gmt":"2020-03-30T10:21:22","guid":{"rendered":"http:\/\/bisbalpenedes.com\/web\/?p=12645"},"modified":"2020-03-30T11:21:40","modified_gmt":"2020-03-30T10:21:40","slug":"lajuntament-de-la-bisbal-del-penedes-continuara-adherit-al-conveni-de-manteniment-de-larea-recreativa-forestal-del-montmell-durant-el-2020","status":"publish","type":"post","link":"https:\/\/bisbalpenedes.com\/web\/2020\/03\/30\/lajuntament-de-la-bisbal-del-penedes-continuara-adherit-al-conveni-de-manteniment-de-larea-recreativa-forestal-del-montmell-durant-el-2020\/","title":{"rendered":"L\u2019Ajuntament de la Bisbal del Pened\u00e8s continuar\u00e0 adherit al conveni de manteniment de l\u2019\u00c0rea Recreativa Forestal del Montmell durant el 2020"},"content":{"rendered":"<p style=\"text-align: justify;\"><span style=\"color: #000000;\">L\u2019alcaldessa Agn\u00e8s Ferr\u00e9 ha signat, mitjan\u00e7ant Decret d\u2019alcaldia, l\u2019Annex al conveni amb el Consell Comarcal del Baix Pened\u00e8s i altres Ajuntaments de la comarca per al manteniment de l\u2019\u00c0rea Recreativa Forestal del Montmell per a l\u2019exercici 2020.<\/span><\/p>\n<p style=\"text-align: justify;\"><span style=\"color: #000000;\">El Ple del Consell Comarcal del desembre de 2014 va aprovar el conveni entre el Consell Comarcal del Baix Pened\u00e8s i els Ajuntaments d\u2019Albinyana, l\u2019Arbo\u00e7, Banyeres del Pened\u00e8s, Bellvei, La Bisbal del Pened\u00e8s, Calafell, Cunit, Lloren\u00e7 del Pened\u00e8s, El Montmell, Sant Jaume dels Domenys, Santa Oliva i El Vendrell per a la gesti\u00f3 del manteniment de l&#8217;\u00c0rea Recreativa Forestal del Montmell. La quota anual \u00e9s de 796,15\u20ac i amb el decret s\u2019aprova l\u2019annex al conveni perqu\u00e8 l\u2019Ajuntament de la Bisbal del Pened\u00e8s continu\u00ef adherit al conveni durant el 2020.<\/span><\/p>\n<hr \/>\n<p style=\"text-align: justify;\"><span style=\"color: #000000;\"><strong>CASTELLANO |<\/strong> La alcaldesa Agn\u00e8s Ferr\u00e9 ha firmado, mediante Decreto de alcald\u00eda, el Anexo al convenio con el Consell Comarcal del Baix Pened\u00e8s y otros Ayuntamientos de la comarca para el mantenimiento del \u00c1rea Recreativa Forestal del Montmell para el ejercicio 2020.<\/span><\/p>\n<p style=\"text-align: justify;\"><span style=\"color: #000000;\">El Pleno del Consell Comarcal de diciembre de 2014 aprob\u00f3 el convenio entre el Consell Comarcal del Baix Pened\u00e8s y los Ayuntamientos de Albinyana, l\u2019Arbo\u00e7, Banyeres del Pened\u00e8s, Bellvei, La Bisbal del Pened\u00e8s, Calafell, Cunit, Lloren\u00e7 del Pened\u00e8s, El Montmell, Sant Jaume dels Domenys, Sant Oliva y El Vendrell para la gesti\u00f3n del mantenimiento del \u00c1rea Recreativa Forestal del Montmell. La cuota anual es de 796,15\u20ac y con el decreto se aprueba el anexo al convenio para que el Ayuntamiento de la Bisbal del Pened\u00e8s contin\u00fae adherido al convenio durante el 2020.<\/span><\/p>\n","protected":false},"excerpt":{"rendered":"<p>L\u2019alcaldessa Agn\u00e8s Ferr\u00e9 ha signat, mitjan\u00e7ant Decret d\u2019alcaldia, l\u2019Annex al conveni amb el Consell Comarcal del Baix Pened\u00e8s i altres Ajuntaments de la comarca per al manteniment de l\u2019\u00c0rea Recreativa &hellip; <a href=\"https:\/\/bisbalpenedes.com\/web\/2020\/03\/30\/lajuntament-de-la-bisbal-del-penedes-continuara-adherit-al-conveni-de-manteniment-de-larea-recreativa-forestal-del-montmell-durant-el-2020\/\" class=\"more-link\">Read More<\/a><\/p>\n","protected":false},"author":4,"featured_media":12172,"comment_status":"closed","ping_status":"closed","sticky":false,"template":"","format":"standard","meta":[],"categories":[2057],"tags":[1056,440,1814],"_links":{"self":[{"href":"https:\/\/bisbalpenedes.com\/web\/wp-json\/wp\/v2\/posts\/12645"}],"collection":[{"href":"https:\/\/bisbalpenedes.com\/web\/wp-json\/wp\/v2\/posts"}],"about":[{"href":"https:\/\/bisbalpenedes.com\/web\/wp-json\/wp\/v2\/types\/post"}],"author":[{"embeddable":true,"href":"https:\/\/bisbalpenedes.com\/web\/wp-json\/wp\/v2\/users\/4"}],"replies":[{"embeddable":true,"href":"https:\/\/bisbalpenedes.com\/web\/wp-json\/wp\/v2\/comments?post=12645"}],"version-history":[{"count":2,"href":"https:\/\/bisbalpenedes.com\/web\/wp-json\/wp\/v2\/posts\/12645\/revisions"}],"predecessor-version":[{"id":12647,"href":"https:\/\/bisbalpenedes.com\/web\/wp-json\/wp\/v2\/posts\/12645\/revisions\/12647"}],"wp:featuredmedia":[{"embeddable":true,"href":"https:\/\/bisbalpenedes.com\/web\/wp-json\/wp\/v2\/media\/12172"}],"wp:attachment":[{"href":"https:\/\/bisbalpenedes.com\/web\/wp-json\/wp\/v2\/media?parent=12645"}],"wp:term":[{"taxonomy":"category","embeddable":true,"href":"https:\/\/bisbalpenedes.com\/web\/wp-json\/wp\/v2\/categories?post=12645"},{"taxonomy":"post_tag","embeddable":true,"href":"https:\/\/bisbalpenedes.com\/web\/wp-json\/wp\/v2\/tags?post=12645"}],"curies":[{"name":"wp","href":"https:\/\/api.w.org\/{rel}","templated":true}]}}