{"id":12633,"date":"2020-03-30T10:31:20","date_gmt":"2020-03-30T09:31:20","guid":{"rendered":"http:\/\/bisbalpenedes.com\/web\/?p=12633"},"modified":"2020-03-30T13:41:48","modified_gmt":"2020-03-30T12:41:48","slug":"agraiment-a-lajuntament-de-banyeres-per-haver-nos-fet-arribar-pantalles-protectores-per-quan-portem-medicacio-a-la-gent-gran-del-municipi-i-aliments-a-les-families-desafavorides","status":"publish","type":"post","link":"https:\/\/bisbalpenedes.com\/web\/2020\/03\/30\/agraiment-a-lajuntament-de-banyeres-per-haver-nos-fet-arribar-pantalles-protectores-per-quan-portem-medicacio-a-la-gent-gran-del-municipi-i-aliments-a-les-families-desafavorides\/","title":{"rendered":"Agra\u00efment a l&#8217;Ajuntament de Banyeres per haver-nos fet arribar pantalles protectores per emprar-les quan fem arribar medicaci\u00f3 a la gent gran i aliments a les fam\u00edlies desafavorides"},"content":{"rendered":"<div class=\"\" data-block=\"true\" data-editor=\"1beb4\" data-offset-key=\"cbjdu-0-0\">\n<div class=\"_1mf _1mj\" style=\"text-align: justify;\" data-offset-key=\"cbjdu-0-0\"><a href=\"http:\/\/bisbalpenedes.com\/web\/wp-content\/uploads\/2020\/03\/PHOTO-2020-03-30-10-57-56.jpg\"><img loading=\"lazy\" class=\"aligncenter size-large wp-image-12636\" src=\"http:\/\/bisbalpenedes.com\/web\/wp-content\/uploads\/2020\/03\/PHOTO-2020-03-30-10-57-56-1024x576.jpg\" alt=\"pantalles protectores banyeres covid-19\" width=\"630\" height=\"354\" srcset=\"https:\/\/bisbalpenedes.com\/web\/wp-content\/uploads\/2020\/03\/PHOTO-2020-03-30-10-57-56-1024x576.jpg 1024w, https:\/\/bisbalpenedes.com\/web\/wp-content\/uploads\/2020\/03\/PHOTO-2020-03-30-10-57-56-600x338.jpg 600w, https:\/\/bisbalpenedes.com\/web\/wp-content\/uploads\/2020\/03\/PHOTO-2020-03-30-10-57-56-300x169.jpg 300w, https:\/\/bisbalpenedes.com\/web\/wp-content\/uploads\/2020\/03\/PHOTO-2020-03-30-10-57-56-768x432.jpg 768w, https:\/\/bisbalpenedes.com\/web\/wp-content\/uploads\/2020\/03\/PHOTO-2020-03-30-10-57-56.jpg 2048w\" sizes=\"(max-width: 630px) 100vw, 630px\" \/><\/a><\/div>\n<div class=\"_1mf _1mj\" style=\"text-align: justify;\" data-offset-key=\"cbjdu-0-0\"><span style=\"color: #000000;\">L&#8217;alcaldessa Agn\u00e8s Ferr\u00e9 vol expressar el seu agra\u00efment a l\u2019Ajuntament de Banyeres del Pened\u00e8s per haver-nos fet arribar tres protectors perqu\u00e8 els utilitzi el Servei d\u2019Informaci\u00f3 i Inspecci\u00f3 Municipal quan porti medicaci\u00f3 a la gent gran del municipi i aliments a les fam\u00edlies desafavorides.<\/span><\/div>\n<\/div>\n<div class=\"\" style=\"text-align: justify;\" data-block=\"true\" data-editor=\"1beb4\" data-offset-key=\"1i482-0-0\"><\/div>\n<div class=\"\" style=\"text-align: justify;\" data-block=\"true\" data-editor=\"1beb4\" data-offset-key=\"cfoa6-0-0\">\n<div class=\"_1mf _1mj\" data-offset-key=\"cfoa6-0-0\"><span style=\"color: #000000;\">Es tracta d\u2019uns protectors confeccionats per un grup de voluntaris i volunt\u00e0ries amb impressores 3D. L\u2019Ajuntament de Banyeres est\u00e0 col\u00b7laborant amb els voluntaris que fan pantalles protectores i mascaretes aportant-los material b\u00e0sic i ajudant a la seva distribuci\u00f3 i l\u2019alcalde del municipi, Amadeu Benach, ens ha fet arribar tres pantalles.<\/span><\/div>\n<\/div>\n<div class=\"\" style=\"text-align: justify;\" data-block=\"true\" data-editor=\"1beb4\" data-offset-key=\"1bfic-0-0\"><\/div>\n<div class=\"\" style=\"text-align: justify;\" data-block=\"true\" data-editor=\"1beb4\" data-offset-key=\"4cg5b-0-0\">\n<div class=\"_1mf _1mj\" data-offset-key=\"4cg5b-0-0\"><span style=\"color: #000000;\">Des d\u2019aqu\u00ed, donem les gr\u00e0cies a l\u2019Ajuntament de Banyeres del Pened\u00e8s i aprofitem per agrair les tasques que, aquests dies, estan fent molts voluntaris i volunt\u00e0ries de forma totalment desinteressada amb l\u2019objectiu d\u2019ajudar els altres.<\/span><\/div>\n<\/div>\n<div class=\"\" style=\"text-align: justify;\" data-block=\"true\" data-editor=\"1beb4\" data-offset-key=\"5vkb5-0-0\"><\/div>\n<div class=\"\" style=\"text-align: justify;\" data-block=\"true\" data-editor=\"1beb4\" data-offset-key=\"eujtd-0-0\">\n<div class=\"_1mf _1mj\" data-offset-key=\"eujtd-0-0\">\n<hr \/>\n<\/div>\n<\/div>\n<div class=\"\" style=\"text-align: justify;\" data-block=\"true\" data-editor=\"1beb4\" data-offset-key=\"7odbq-0-0\">\n<div class=\"_1mf _1mj\" data-offset-key=\"7odbq-0-0\"><span style=\"color: #000000;\"><strong>CASTELLANO |<\/strong> La alcaldesa Agn\u00e8s Ferr\u00e9 quiere expresar su agradecimiento al Ayuntamiento de Banyeres del Pened\u00e8s por habernos hecho llegar tres protectores para que los utilice el Servicio de Informaci\u00f3n e Inspecci\u00f3n Municipal cuando lleve medicaci\u00f3n a la gente mayor del municipio y alimentos a las familias desfavorecidas.<\/span><\/div>\n<\/div>\n<div class=\"\" style=\"text-align: justify;\" data-block=\"true\" data-editor=\"1beb4\" data-offset-key=\"bg43e-0-0\"><\/div>\n<div class=\"\" style=\"text-align: justify;\" data-block=\"true\" data-editor=\"1beb4\" data-offset-key=\"92oh2-0-0\">\n<div class=\"_1mf _1mj\" data-offset-key=\"92oh2-0-0\"><span style=\"color: #000000;\">Se trata de unos protectores confeccionados por un grupo de voluntarios y voluntarias con impresoras 3D. El Ayuntamiento de Banyeres est\u00e1 colaborando con los voluntarios que hacen pantallas protectoras y mascarillas aport\u00e1ndoles material b\u00e1sico y ayudando a su distribuci\u00f3n y el alcalde del municipio, Amadeu Benach, nos ha hecho llegar tres pantallas.<\/span><\/div>\n<\/div>\n<div class=\"\" style=\"text-align: justify;\" data-block=\"true\" data-editor=\"1beb4\" data-offset-key=\"5j676-0-0\"><\/div>\n<div class=\"\" data-block=\"true\" data-editor=\"1beb4\" data-offset-key=\"dtvfo-0-0\">\n<div class=\"_1mf _1mj\" style=\"text-align: justify;\" data-offset-key=\"dtvfo-0-0\"><span style=\"color: #000000;\">Desde aqu\u00ed, damos las gracias al Ayuntamiento de Banyeres del Pened\u00e8s y aprovechamos para agradecer los trabajos que, estos d\u00edas, est\u00e1n haciendo muchos voluntarios y voluntarias de forma totalmente desinteresada con el objetivo de ayudar a los dem\u00e1s.<\/span><\/div>\n<div class=\"_1mf _1mj\" style=\"text-align: center;\" data-offset-key=\"dtvfo-0-0\"><a href=\"http:\/\/bisbalpenedes.com\/web\/wp-content\/uploads\/2020\/03\/PHOTO-2020-03-30-10-57-55-1.jpg\"><img loading=\"lazy\" class=\"alignnone size-medium wp-image-12635\" src=\"http:\/\/bisbalpenedes.com\/web\/wp-content\/uploads\/2020\/03\/PHOTO-2020-03-30-10-57-55-1-169x300.jpg\" alt=\"PHOTO-2020-03-30-10-57-55\" width=\"169\" height=\"300\" srcset=\"https:\/\/bisbalpenedes.com\/web\/wp-content\/uploads\/2020\/03\/PHOTO-2020-03-30-10-57-55-1-169x300.jpg 169w, https:\/\/bisbalpenedes.com\/web\/wp-content\/uploads\/2020\/03\/PHOTO-2020-03-30-10-57-55-1-600x1067.jpg 600w, https:\/\/bisbalpenedes.com\/web\/wp-content\/uploads\/2020\/03\/PHOTO-2020-03-30-10-57-55-1-768x1365.jpg 768w, https:\/\/bisbalpenedes.com\/web\/wp-content\/uploads\/2020\/03\/PHOTO-2020-03-30-10-57-55-1-576x1024.jpg 576w, https:\/\/bisbalpenedes.com\/web\/wp-content\/uploads\/2020\/03\/PHOTO-2020-03-30-10-57-55-1.jpg 1152w\" sizes=\"(max-width: 169px) 100vw, 169px\" \/><\/a><\/div>\n<\/div>\n","protected":false},"excerpt":{"rendered":"<p>L&#8217;alcaldessa Agn\u00e8s Ferr\u00e9 vol expressar el seu agra\u00efment a l\u2019Ajuntament de Banyeres del Pened\u00e8s per haver-nos fet arribar tres protectors perqu\u00e8 els utilitzi el Servei d\u2019Informaci\u00f3 i Inspecci\u00f3 Municipal quan &hellip; <a href=\"https:\/\/bisbalpenedes.com\/web\/2020\/03\/30\/agraiment-a-lajuntament-de-banyeres-per-haver-nos-fet-arribar-pantalles-protectores-per-quan-portem-medicacio-a-la-gent-gran-del-municipi-i-aliments-a-les-families-desafavorides\/\" class=\"more-link\">Read More<\/a><\/p>\n","protected":false},"author":4,"featured_media":12636,"comment_status":"closed","ping_status":"closed","sticky":false,"template":"","format":"standard","meta":[],"categories":[2057,3636],"tags":[3639,3640,3642,3609,3641,1451],"_links":{"self":[{"href":"https:\/\/bisbalpenedes.com\/web\/wp-json\/wp\/v2\/posts\/12633"}],"collection":[{"href":"https:\/\/bisbalpenedes.com\/web\/wp-json\/wp\/v2\/posts"}],"about":[{"href":"https:\/\/bisbalpenedes.com\/web\/wp-json\/wp\/v2\/types\/post"}],"author":[{"embeddable":true,"href":"https:\/\/bisbalpenedes.com\/web\/wp-json\/wp\/v2\/users\/4"}],"replies":[{"embeddable":true,"href":"https:\/\/bisbalpenedes.com\/web\/wp-json\/wp\/v2\/comments?post=12633"}],"version-history":[{"count":8,"href":"https:\/\/bisbalpenedes.com\/web\/wp-json\/wp\/v2\/posts\/12633\/revisions"}],"predecessor-version":[{"id":12644,"href":"https:\/\/bisbalpenedes.com\/web\/wp-json\/wp\/v2\/posts\/12633\/revisions\/12644"}],"wp:featuredmedia":[{"embeddable":true,"href":"https:\/\/bisbalpenedes.com\/web\/wp-json\/wp\/v2\/media\/12636"}],"wp:attachment":[{"href":"https:\/\/bisbalpenedes.com\/web\/wp-json\/wp\/v2\/media?parent=12633"}],"wp:term":[{"taxonomy":"category","embeddable":true,"href":"https:\/\/bisbalpenedes.com\/web\/wp-json\/wp\/v2\/categories?post=12633"},{"taxonomy":"post_tag","embeddable":true,"href":"https:\/\/bisbalpenedes.com\/web\/wp-json\/wp\/v2\/tags?post=12633"}],"curies":[{"name":"wp","href":"https:\/\/api.w.org\/{rel}","templated":true}]}}