{"id":1263,"date":"2015-07-21T02:46:44","date_gmt":"2015-07-20T20:46:44","guid":{"rendered":"http:\/\/bisbalpenedes.com\/web\/?p=1263"},"modified":"2015-07-21T02:46:44","modified_gmt":"2015-07-20T20:46:44","slug":"ple-extraordinari-23-de-juliol-de-2015","status":"publish","type":"post","link":"https:\/\/bisbalpenedes.com\/web\/2015\/07\/21\/ple-extraordinari-23-de-juliol-de-2015\/","title":{"rendered":"Ple extraordinari 23 de Juliol de 2015"},"content":{"rendered":"<p>Dijous dia 23 de juliol a les 19:00h, se celebrar\u00e0 un Ple extraordinari amb el seg\u00fcent ordre del dia:<\/p>\n<p>1- Aprovaci\u00f3 del compte general de 2014<br \/>\n2- Aprovaci\u00f3 de la distribuci\u00f3 del super\u00e0vit de la liquidaci\u00f3 de l&#8217;exercici 2014<\/p>\n<p>3- Aprovaci\u00f3 modificaci\u00f3 de cr\u00e8dit 1\/2015<\/p>\n<p>4- Donar compte de l&#8217;execuci\u00f3 del pressupost del 1r trimestre de 2015<\/p>\n<p>5- Donar compte del per\u00edode mig de pagament del 1r trimestre de 2015<\/p>\n<p>6- Aprovaci\u00f3 de les bases reguladores espec\u00edfiques de subvencions a la creaci\u00f3 de llocs de treball per empreses amb establiments radicats al terme municipal de La Bisbal del Pened\u00e8s, per a persones desocupades de la poblaci\u00f3<\/p>\n<p>7- Aprovaci\u00f3 de les bases reguladores espec\u00edfiques de subvencions a les persones desocupades que s&#8217;estableixin com aut\u00f2nomes, per a la posada en marxa d&#8217;una activitat econ\u00f2mica<\/p>\n","protected":false},"excerpt":{"rendered":"<p>Dijous dia 23 de juliol a les 19:00h, se celebrar\u00e0 un Ple extraordinari amb el seg\u00fcent ordre del dia: 1- Aprovaci\u00f3 del compte general de 2014 2- Aprovaci\u00f3 de la &hellip; <a href=\"https:\/\/bisbalpenedes.com\/web\/2015\/07\/21\/ple-extraordinari-23-de-juliol-de-2015\/\" class=\"more-link\">Read More<\/a><\/p>\n","protected":false},"author":1,"featured_media":961,"comment_status":"closed","ping_status":"open","sticky":false,"template":"","format":"standard","meta":[],"categories":[4],"tags":[139],"_links":{"self":[{"href":"https:\/\/bisbalpenedes.com\/web\/wp-json\/wp\/v2\/posts\/1263"}],"collection":[{"href":"https:\/\/bisbalpenedes.com\/web\/wp-json\/wp\/v2\/posts"}],"about":[{"href":"https:\/\/bisbalpenedes.com\/web\/wp-json\/wp\/v2\/types\/post"}],"author":[{"embeddable":true,"href":"https:\/\/bisbalpenedes.com\/web\/wp-json\/wp\/v2\/users\/1"}],"replies":[{"embeddable":true,"href":"https:\/\/bisbalpenedes.com\/web\/wp-json\/wp\/v2\/comments?post=1263"}],"version-history":[{"count":1,"href":"https:\/\/bisbalpenedes.com\/web\/wp-json\/wp\/v2\/posts\/1263\/revisions"}],"predecessor-version":[{"id":1264,"href":"https:\/\/bisbalpenedes.com\/web\/wp-json\/wp\/v2\/posts\/1263\/revisions\/1264"}],"wp:featuredmedia":[{"embeddable":true,"href":"https:\/\/bisbalpenedes.com\/web\/wp-json\/wp\/v2\/media\/961"}],"wp:attachment":[{"href":"https:\/\/bisbalpenedes.com\/web\/wp-json\/wp\/v2\/media?parent=1263"}],"wp:term":[{"taxonomy":"category","embeddable":true,"href":"https:\/\/bisbalpenedes.com\/web\/wp-json\/wp\/v2\/categories?post=1263"},{"taxonomy":"post_tag","embeddable":true,"href":"https:\/\/bisbalpenedes.com\/web\/wp-json\/wp\/v2\/tags?post=1263"}],"curies":[{"name":"wp","href":"https:\/\/api.w.org\/{rel}","templated":true}]}}