{"id":12629,"date":"2020-03-30T09:49:35","date_gmt":"2020-03-30T08:49:35","guid":{"rendered":"http:\/\/bisbalpenedes.com\/web\/?p=12629"},"modified":"2020-03-30T09:55:05","modified_gmt":"2020-03-30T08:55:05","slug":"lalcaldessa-ha-signat-un-decret-per-a-laprovacio-del-projecte-dampliacio-i-reforma-del-local-social-del-priorat","status":"publish","type":"post","link":"https:\/\/bisbalpenedes.com\/web\/2020\/03\/30\/lalcaldessa-ha-signat-un-decret-per-a-laprovacio-del-projecte-dampliacio-i-reforma-del-local-social-del-priorat\/","title":{"rendered":"L\u2019alcaldessa Agn\u00e8s Ferr\u00e9 ha signat un decret per a l\u2019aprovaci\u00f3 del projecte d\u2019ampliaci\u00f3 i reforma del local social del Priorat"},"content":{"rendered":"<p style=\"text-align: justify;\"><a href=\"http:\/\/bisbalpenedes.com\/web\/wp-content\/uploads\/2020\/03\/PLANOL-LOCAL-SOCIAL-PRIORAT.jpg\"><img loading=\"lazy\" class=\"aligncenter size-large wp-image-12630\" src=\"http:\/\/bisbalpenedes.com\/web\/wp-content\/uploads\/2020\/03\/PLANOL-LOCAL-SOCIAL-PRIORAT-1024x1024.jpg\" alt=\"PLANOL LOCAL SOCIAL PRIORAT\" width=\"630\" height=\"630\" srcset=\"https:\/\/bisbalpenedes.com\/web\/wp-content\/uploads\/2020\/03\/PLANOL-LOCAL-SOCIAL-PRIORAT-1024x1024.jpg 1024w, https:\/\/bisbalpenedes.com\/web\/wp-content\/uploads\/2020\/03\/PLANOL-LOCAL-SOCIAL-PRIORAT-300x300.jpg 300w, https:\/\/bisbalpenedes.com\/web\/wp-content\/uploads\/2020\/03\/PLANOL-LOCAL-SOCIAL-PRIORAT-100x100.jpg 100w, https:\/\/bisbalpenedes.com\/web\/wp-content\/uploads\/2020\/03\/PLANOL-LOCAL-SOCIAL-PRIORAT-600x600.jpg 600w, https:\/\/bisbalpenedes.com\/web\/wp-content\/uploads\/2020\/03\/PLANOL-LOCAL-SOCIAL-PRIORAT-150x150.jpg 150w, https:\/\/bisbalpenedes.com\/web\/wp-content\/uploads\/2020\/03\/PLANOL-LOCAL-SOCIAL-PRIORAT-768x768.jpg 768w, https:\/\/bisbalpenedes.com\/web\/wp-content\/uploads\/2020\/03\/PLANOL-LOCAL-SOCIAL-PRIORAT.jpg 1656w\" sizes=\"(max-width: 630px) 100vw, 630px\" \/><\/a><\/p>\n<p style=\"text-align: justify;\"><span style=\"color: #000000;\">L\u2019alcaldessa Agn\u00e8s Ferr\u00e9 va signar, el passat divendres 20 de mar\u00e7, un decret per aprovar, inicialment, el projecte b\u00e0sic i d\u2019execuci\u00f3 de l\u2019ampliaci\u00f3 i reforma del local social de la urbanitzaci\u00f3 del Priorat de la Bisbal del Pened\u00e8s amb un pressupost d\u2019execuci\u00f3 material de 45.391,33\u20ac.<\/span><\/p>\n<p style=\"text-align: justify;\"><span style=\"color: #000000;\">Ara, el projecte b\u00e0sic i d\u2019executiu hauria de sotmetre\u2019s a informaci\u00f3 p\u00fablica durant un per\u00edode de 30 dies, mitjan\u00e7ant la publicaci\u00f3 de l\u2019anunci al tauler d\u2019edictes, a la seu electr\u00f2nica de l\u2019Ajuntament i al BOPT per\u00f2, donada la situaci\u00f3 actual, caldr\u00e0 esperar, ja que estan suspesos els terminis. Quan s\u2019aixequi aquesta suspensi\u00f3, s\u2019enviar\u00e0 a publicaci\u00f3 i \u00e9s quan comen\u00e7ar\u00e0 el termini. D\u2019altra banda, tamb\u00e9 s\u2019est\u00e0 a l\u2019espera de l\u2019aixecament de la suspensi\u00f3 de terminis per con\u00e8ixer les convocat\u00f2ries de subvencions a les quals es pot acollir l\u2019Ajuntament.<\/span><\/p>\n<p style=\"text-align: justify;\"><span style=\"color: #000000;\">El local social del Priorat t\u00e9 una sala de 83,95 m2, un despatx de 10,81 m2 i uns lavabos de 84,13 m2. L\u2019ampliaci\u00f3 del local social del Priorat suposa:<\/span><\/p>\n<p style=\"padding-left: 30px; text-align: justify;\"><span style=\"color: #000000;\">-La sala actual quedar\u00e0 amb 84,13m2<\/span><\/p>\n<p style=\"padding-left: 30px; text-align: justify;\"><span style=\"color: #000000;\">-Ampliar per la zona del porxo, creant una sala de 75,42m2<\/span><\/p>\n<p style=\"padding-left: 30px; text-align: justify;\"><span style=\"color: #000000;\">-La nova sala tindr\u00e0 un separador abatible que permet crear dues sales: una de 32,38m2 i l\u2019altre de 43,04m2<\/span><\/p>\n<p style=\"padding-left: 30px; text-align: justify;\"><span style=\"color: #000000;\">-Col\u00b7locar baranes a la rampa existent<\/span><\/p>\n<p style=\"text-align: justify;\"><span style=\"color: #000000;\">L\u2019Ajuntament de la Bisbal del Pened\u00e8s fa mesos que treballa en aquest projecte. La Junta de govern local del 16 de maig de 2019 va aprovar la contractaci\u00f3 de la redacci\u00f3 dels projectes b\u00e0sics i d\u2019execuci\u00f3 de l\u2019ampliaci\u00f3 i reforma dels locals socials de les urbanitzacions del Priorat de la Bisbal, Can Gordei i l\u2019Esplai per un import de 8.315,17\u20ac (IVA incl\u00f2s).<\/span><\/p>\n<p style=\"text-align: justify;\"><span style=\"color: #000000;\">Entre finals de 2019 i principis de 2020, l\u2019arquitecte contractat es va reunir amb l\u2019equip de govern, l\u2019arquitecte municipal i les associacions de ve\u00efns dels tres barris. D\u2019aquesta manera, les associacions han pogut donar la seva opini\u00f3 sobre els projectes. El passat mes de mar\u00e7 es van presentar els projectes b\u00e0sics i d\u2019execuci\u00f3 d\u2019ampliaci\u00f3 i reforma dels locals socials i ara s\u2019ha procedit a l\u2019aprovaci\u00f3 inicial del projecte del local del Priorat de la Bisbal.<\/span><\/p>\n<hr \/>\n<p style=\"text-align: justify;\"><span style=\"color: #000000;\"><strong>CASTELLANO |<\/strong> La alcaldesa Agn\u00e8s Ferr\u00e9 firm\u00f3, el pasado viernes 20 de marzo, un decreto para aprobar, inicialmente, el proyecto b\u00e1sico y de ejecuci\u00f3n de la ampliaci\u00f3n y reforma del local social de la urbanizaci\u00f3n del Priorat de la Bisbal del Pened\u00e8s con un presupuesto de ejecuci\u00f3n material de 45.391,33\u20ac.<\/span><\/p>\n<p style=\"text-align: justify;\"><span style=\"color: #000000;\">Ahora, el proyecto b\u00e1sico y ejecutivo deber\u00eda someterse a informaci\u00f3n p\u00fablica durante un periodo de 30 d\u00edas, mediante la publicaci\u00f3n del anuncio en el tabl\u00f3n de edictos, en la sede electr\u00f3nica del Ayuntamiento y en el BOPT pero, dada la situaci\u00f3n actual, tendr\u00e1 que esperar, ya que est\u00e1n suspendidos los plazos. Cuando se levante esta suspensi\u00f3n, se enviar\u00e1 a publicaci\u00f3n y es cuando empezar\u00e1 el plazo. Por otro lado, tambi\u00e9n se est\u00e1 a la espera del levantamiento de la suspensi\u00f3n de plazos para conocer las convocatorias de subvenciones a las cuales se puede acoger el Ayuntamiento.<\/span><\/p>\n<p style=\"text-align: justify;\"><span style=\"color: #000000;\">El local social del Priorat tiene una sala de 83,95 m2, un despacho de 10,81 m2 y unos lavabos de 84,13 m2. La ampliaci\u00f3n del local social del Priorat supone:<\/span><\/p>\n<p style=\"text-align: justify;\"><span style=\"color: #000000;\">\u00a0\u00a0\u00a0\u00a0\u00a0\u00a0\u00a0\u00a0 -La sala actual quedar\u00e1 con 84,13 m2<\/span><\/p>\n<p style=\"text-align: justify;\"><span style=\"color: #000000;\">\u00a0\u00a0\u00a0\u00a0\u00a0\u00a0\u00a0\u00a0 -Ampliar por la zona del porche, creando una sala de 75,42 m2<\/span><\/p>\n<p style=\"padding-left: 30px; text-align: justify;\"><span style=\"color: #000000;\">\u00a0-La nueva sala tendr\u00e1 un separador abatible que permite crear dos salas, una de 32,28 m2 y otra de 43,04 m2<\/span><\/p>\n<p style=\"text-align: justify;\"><span style=\"color: #000000;\">\u00a0\u00a0\u00a0\u00a0\u00a0\u00a0\u00a0\u00a0 -Colocar barandas en la rampa existente<\/span><\/p>\n<p style=\"text-align: justify;\"><span style=\"color: #000000;\">El Ayuntamiento de la Bisbal del Pened\u00e8s hace meses que trabaja en este proyecto. La Junta de gobierno local del 16 de mayo de 2019 aprob\u00f3 la contrataci\u00f3n de la redacci\u00f3n de los proyectos b\u00e1sicos y de ejecuci\u00f3n de la ampliaci\u00f3n y reforma de los locales sociales de las urbanizaciones del Priorat de la Bisbal, Can Gordei y l\u2019Esplai por un importe de 8.315,17\u20ac (IVA incluido).<\/span><\/p>\n<p style=\"text-align: justify;\"><span style=\"color: #000000;\">Entre finales de 2019 y principios de 2020, el arquitecto contratado se reuni\u00f3 con el equipo de gobierno, el arquitecto municipal y las asociaciones de vecinos de los tres barrios. De esta manera, las asociaciones han podido dar su opini\u00f3n sobre los proyectos. El pasado mes de marzo se presentaron los proyectos b\u00e1sicos y de ejecuci\u00f3n de ampliaci\u00f3n y reforma de los locales sociales y ahora se ha procedido a la aprobaci\u00f3n inicial del proyecto del local del Priorat de la Bisbal.<\/span><\/p>\n<p style=\"text-align: justify;\"><span style=\"color: #000000;\">\u00a0<\/span><\/p>\n","protected":false},"excerpt":{"rendered":"<p>L\u2019alcaldessa Agn\u00e8s Ferr\u00e9 va signar, el passat divendres 20 de mar\u00e7, un decret per aprovar, inicialment, el projecte b\u00e0sic i d\u2019execuci\u00f3 de l\u2019ampliaci\u00f3 i reforma del local social de la &hellip; <a href=\"https:\/\/bisbalpenedes.com\/web\/2020\/03\/30\/lalcaldessa-ha-signat-un-decret-per-a-laprovacio-del-projecte-dampliacio-i-reforma-del-local-social-del-priorat\/\" class=\"more-link\">Read More<\/a><\/p>\n","protected":false},"author":4,"featured_media":12630,"comment_status":"closed","ping_status":"closed","sticky":false,"template":"","format":"standard","meta":[],"categories":[1047,15],"tags":[3638,77,247,424,520,1517],"_links":{"self":[{"href":"https:\/\/bisbalpenedes.com\/web\/wp-json\/wp\/v2\/posts\/12629"}],"collection":[{"href":"https:\/\/bisbalpenedes.com\/web\/wp-json\/wp\/v2\/posts"}],"about":[{"href":"https:\/\/bisbalpenedes.com\/web\/wp-json\/wp\/v2\/types\/post"}],"author":[{"embeddable":true,"href":"https:\/\/bisbalpenedes.com\/web\/wp-json\/wp\/v2\/users\/4"}],"replies":[{"embeddable":true,"href":"https:\/\/bisbalpenedes.com\/web\/wp-json\/wp\/v2\/comments?post=12629"}],"version-history":[{"count":2,"href":"https:\/\/bisbalpenedes.com\/web\/wp-json\/wp\/v2\/posts\/12629\/revisions"}],"predecessor-version":[{"id":12632,"href":"https:\/\/bisbalpenedes.com\/web\/wp-json\/wp\/v2\/posts\/12629\/revisions\/12632"}],"wp:featuredmedia":[{"embeddable":true,"href":"https:\/\/bisbalpenedes.com\/web\/wp-json\/wp\/v2\/media\/12630"}],"wp:attachment":[{"href":"https:\/\/bisbalpenedes.com\/web\/wp-json\/wp\/v2\/media?parent=12629"}],"wp:term":[{"taxonomy":"category","embeddable":true,"href":"https:\/\/bisbalpenedes.com\/web\/wp-json\/wp\/v2\/categories?post=12629"},{"taxonomy":"post_tag","embeddable":true,"href":"https:\/\/bisbalpenedes.com\/web\/wp-json\/wp\/v2\/tags?post=12629"}],"curies":[{"name":"wp","href":"https:\/\/api.w.org\/{rel}","templated":true}]}}