{"id":12623,"date":"2020-03-30T09:25:49","date_gmt":"2020-03-30T08:25:49","guid":{"rendered":"http:\/\/bisbalpenedes.com\/web\/?p=12623"},"modified":"2020-03-30T09:25:49","modified_gmt":"2020-03-30T08:25:49","slug":"nova-entrega-de-les-pindoles-bisbalenques-la-biblioteca","status":"publish","type":"post","link":"https:\/\/bisbalpenedes.com\/web\/2020\/03\/30\/nova-entrega-de-les-pindoles-bisbalenques-la-biblioteca\/","title":{"rendered":"Nova entrega de les \u2018P\u00edndoles bisbalenques\u2019: la biblioteca"},"content":{"rendered":"<div class=\"\" data-block=\"true\" data-editor=\"5gdlm\" data-offset-key=\"5mncn-0-0\">\n<div class=\"_1mf _1mj\" style=\"text-align: justify;\" data-offset-key=\"5mncn-0-0\"><span style=\"color: #000000;\"><span data-offset-key=\"5mncn-0-0\"><span data-text=\"true\">Avui dilluns tornen les &#8216;P\u00edndoles bisbalenques&#8217; per oferir-vos petites hist\u00f2ries de la Bisbal durant el confinament. Avui ens centrem en la <\/span><\/span><span class=\"_247o\" spellcheck=\"false\" data-offset-key=\"5mncn-1-0\"><span data-offset-key=\"5mncn-1-0\"><span data-text=\"true\">Biblioteca p\u00fablica de la Bisbal del Pened\u00e8s<\/span><\/span><\/span><span data-offset-key=\"5mncn-2-0\"><span data-text=\"true\">, un &#8220;lloc&#8221; amb molts espais i significats. Esperem que us agradi aquesta p\u00edndola i que, en el futur, torneu a visitar i gaudir aquest equipament municipal.<\/span><\/span><\/span><\/div>\n<\/div>\n<div class=\"\" style=\"text-align: justify;\" data-block=\"true\" data-editor=\"5gdlm\" data-offset-key=\"4gcqa-0-0\">\n<div class=\"_1mf _1mj\" data-offset-key=\"4gcqa-0-0\"><span style=\"color: #000000;\" data-offset-key=\"4gcqa-0-0\">\u00a0<\/span><\/div>\n<\/div>\n<div class=\"\" style=\"text-align: justify;\" data-block=\"true\" data-editor=\"5gdlm\" data-offset-key=\"bvv55-0-0\">\n<div class=\"_1mf _1mj\" data-offset-key=\"bvv55-0-0\"><span style=\"color: #000000;\" data-offset-key=\"bvv55-0-0\"><span data-text=\"true\">Si en voleu saber m\u00e9s, podeu consultar m\u00e9s informaci\u00f3 sobre la biblioteca, aix\u00ed com el museu i el Patronat de Cultura de la Bisbal, al llibre \u201cLa Biblioteca-Museu-Arxiu de la Bisbal del Pened\u00e8s\u201d de Joan Latorre i Sol\u00e9.<\/span><\/span><\/div>\n<\/div>\n<div class=\"\" style=\"text-align: justify;\" data-block=\"true\" data-editor=\"5gdlm\" data-offset-key=\"940vn-0-0\">\n<div class=\"_1mf _1mj\" data-offset-key=\"940vn-0-0\"><span style=\"color: #000000;\" data-offset-key=\"940vn-0-0\">\u00a0<\/span><\/div>\n<\/div>\n<div class=\"\" style=\"text-align: justify;\" data-block=\"true\" data-editor=\"5gdlm\" data-offset-key=\"4au5-0-0\">\n<div class=\"_1mf _1mj\" data-offset-key=\"4au5-0-0\">\n<hr \/>\n<p><span style=\"color: #000000;\" data-offset-key=\"4au5-0-0\"><span data-text=\"true\"><br \/>\n<\/span><\/span><\/div>\n<\/div>\n<div class=\"\" style=\"text-align: justify;\" data-block=\"true\" data-editor=\"5gdlm\" data-offset-key=\"5un35-0-0\">\n<div class=\"_1mf _1mj\" data-offset-key=\"5un35-0-0\"><span style=\"color: #000000;\">Hoy lunes vuelven las &#8216;P\u00edndoles bisbalenques&#8217; para ofreceros peque\u00f1as historias de la Bisbal durante el confinamiento. Hoy nos centramos en la Biblioteca p\u00fablica de la Bisbal del Pened\u00e8s, un &#8220;lugar&#8221; con muchos espacios y significados. Esperamos que os guste esta &#8216;p\u00edldora&#8217; y que, en el futuro, volv\u00e1is a visitar y disfrutar este equipamiento municipal.<\/span><\/div>\n<\/div>\n<div class=\"\" style=\"text-align: justify;\" data-block=\"true\" data-editor=\"5gdlm\" data-offset-key=\"7crqc-0-0\">\n<div class=\"_1mf _1mj\" data-offset-key=\"7crqc-0-0\"><span style=\"color: #000000;\" data-offset-key=\"7crqc-0-0\">\u00a0<\/span><\/div>\n<\/div>\n<div class=\"\" data-block=\"true\" data-editor=\"5gdlm\" data-offset-key=\"3ohfn-0-0\">\n<div class=\"_1mf _1mj\" style=\"text-align: justify;\" data-offset-key=\"3ohfn-0-0\"><span style=\"color: #000000;\" data-offset-key=\"3ohfn-0-0\"><span data-text=\"true\">Si quer\u00e9is saber m\u00e1s, pod\u00e9is consultar m\u00e1s informaci\u00f3n sobre la biblioteca, as\u00ed como el museo y el Patronato de Cultura de la Bisbal, en el libro &#8220;La Biblioteca-Museu-Arxiu de la Bisbal del Pened\u00e8s&#8221; de Joan Latorre Sol\u00e9.<\/span><\/span><\/div>\n<div class=\"_1mf _1mj\" style=\"text-align: justify;\" data-offset-key=\"3ohfn-0-0\"><\/div>\n<div class=\"_1mf _1mj\" style=\"text-align: justify;\" data-offset-key=\"3ohfn-0-0\">\n<p><a href=\"http:\/\/bisbalpenedes.com\/web\/wp-content\/uploads\/2020\/03\/24.png\"><img loading=\"lazy\" class=\"size-large wp-image-12624\" src=\"http:\/\/bisbalpenedes.com\/web\/wp-content\/uploads\/2020\/03\/24-1024x1024.png\" alt=\"PINDOLA BISBALECA BIBLIOTECA 1\" width=\"630\" height=\"630\" srcset=\"https:\/\/bisbalpenedes.com\/web\/wp-content\/uploads\/2020\/03\/24-1024x1024.png 1024w, https:\/\/bisbalpenedes.com\/web\/wp-content\/uploads\/2020\/03\/24-300x300.png 300w, https:\/\/bisbalpenedes.com\/web\/wp-content\/uploads\/2020\/03\/24-100x100.png 100w, https:\/\/bisbalpenedes.com\/web\/wp-content\/uploads\/2020\/03\/24-600x600.png 600w, https:\/\/bisbalpenedes.com\/web\/wp-content\/uploads\/2020\/03\/24-150x150.png 150w, https:\/\/bisbalpenedes.com\/web\/wp-content\/uploads\/2020\/03\/24-768x768.png 768w, https:\/\/bisbalpenedes.com\/web\/wp-content\/uploads\/2020\/03\/24.png 1080w\" sizes=\"(max-width: 630px) 100vw, 630px\" \/><\/a><\/p>\n<p><a href=\"http:\/\/bisbalpenedes.com\/web\/wp-content\/uploads\/2020\/03\/25.png\"><img loading=\"lazy\" class=\"aligncenter size-large wp-image-12625\" src=\"http:\/\/bisbalpenedes.com\/web\/wp-content\/uploads\/2020\/03\/25-1024x1024.png\" alt=\"PINDOLA BISBALECA BIBLIOTECA 2\" width=\"630\" height=\"630\" srcset=\"https:\/\/bisbalpenedes.com\/web\/wp-content\/uploads\/2020\/03\/25-1024x1024.png 1024w, https:\/\/bisbalpenedes.com\/web\/wp-content\/uploads\/2020\/03\/25-300x300.png 300w, https:\/\/bisbalpenedes.com\/web\/wp-content\/uploads\/2020\/03\/25-100x100.png 100w, https:\/\/bisbalpenedes.com\/web\/wp-content\/uploads\/2020\/03\/25-600x600.png 600w, https:\/\/bisbalpenedes.com\/web\/wp-content\/uploads\/2020\/03\/25-150x150.png 150w, https:\/\/bisbalpenedes.com\/web\/wp-content\/uploads\/2020\/03\/25-768x768.png 768w, https:\/\/bisbalpenedes.com\/web\/wp-content\/uploads\/2020\/03\/25.png 1080w\" sizes=\"(max-width: 630px) 100vw, 630px\" \/><\/a> <a href=\"http:\/\/bisbalpenedes.com\/web\/wp-content\/uploads\/2020\/03\/26.png\"><img loading=\"lazy\" class=\"aligncenter size-large wp-image-12626\" src=\"http:\/\/bisbalpenedes.com\/web\/wp-content\/uploads\/2020\/03\/26-1024x1024.png\" alt=\"PINDOLA BISBALECA BIBLIOTECA 3\" width=\"630\" height=\"630\" srcset=\"https:\/\/bisbalpenedes.com\/web\/wp-content\/uploads\/2020\/03\/26-1024x1024.png 1024w, https:\/\/bisbalpenedes.com\/web\/wp-content\/uploads\/2020\/03\/26-300x300.png 300w, https:\/\/bisbalpenedes.com\/web\/wp-content\/uploads\/2020\/03\/26-100x100.png 100w, https:\/\/bisbalpenedes.com\/web\/wp-content\/uploads\/2020\/03\/26-600x600.png 600w, https:\/\/bisbalpenedes.com\/web\/wp-content\/uploads\/2020\/03\/26-150x150.png 150w, https:\/\/bisbalpenedes.com\/web\/wp-content\/uploads\/2020\/03\/26-768x768.png 768w, https:\/\/bisbalpenedes.com\/web\/wp-content\/uploads\/2020\/03\/26.png 1080w\" sizes=\"(max-width: 630px) 100vw, 630px\" \/><\/a> <a href=\"http:\/\/bisbalpenedes.com\/web\/wp-content\/uploads\/2020\/03\/27.png\"><img loading=\"lazy\" class=\"aligncenter size-large wp-image-12627\" src=\"http:\/\/bisbalpenedes.com\/web\/wp-content\/uploads\/2020\/03\/27-1024x1024.png\" alt=\"PINDOLA BISBALECA BIBLIOTECA 4\" width=\"630\" height=\"630\" srcset=\"https:\/\/bisbalpenedes.com\/web\/wp-content\/uploads\/2020\/03\/27-1024x1024.png 1024w, https:\/\/bisbalpenedes.com\/web\/wp-content\/uploads\/2020\/03\/27-300x300.png 300w, https:\/\/bisbalpenedes.com\/web\/wp-content\/uploads\/2020\/03\/27-100x100.png 100w, https:\/\/bisbalpenedes.com\/web\/wp-content\/uploads\/2020\/03\/27-600x600.png 600w, https:\/\/bisbalpenedes.com\/web\/wp-content\/uploads\/2020\/03\/27-150x150.png 150w, https:\/\/bisbalpenedes.com\/web\/wp-content\/uploads\/2020\/03\/27-768x768.png 768w, https:\/\/bisbalpenedes.com\/web\/wp-content\/uploads\/2020\/03\/27.png 1080w\" sizes=\"(max-width: 630px) 100vw, 630px\" \/><\/a><\/div>\n<\/div>\n<div class=\"\" data-block=\"true\" data-editor=\"5gdlm\" data-offset-key=\"9p7pp-0-0\">\n<div class=\"_1mf _1mj\" data-offset-key=\"9p7pp-0-0\"><span data-offset-key=\"9p7pp-0-0\">\u00a0<\/span><\/div>\n<\/div>\n<div class=\"\" data-block=\"true\" data-editor=\"5gdlm\" data-offset-key=\"o5pu-0-0\">\n<div class=\"_1mf _1mj\" data-offset-key=\"o5pu-0-0\"><\/div>\n<\/div>\n","protected":false},"excerpt":{"rendered":"<p>Avui dilluns tornen les &#8216;P\u00edndoles bisbalenques&#8217; per oferir-vos petites hist\u00f2ries de la Bisbal durant el confinament. Avui ens centrem en la Biblioteca p\u00fablica de la Bisbal del Pened\u00e8s, un &#8220;lloc&#8221; &hellip; <a href=\"https:\/\/bisbalpenedes.com\/web\/2020\/03\/30\/nova-entrega-de-les-pindoles-bisbalenques-la-biblioteca\/\" class=\"more-link\">Read More<\/a><\/p>\n","protected":false},"author":4,"featured_media":12624,"comment_status":"closed","ping_status":"closed","sticky":false,"template":"","format":"standard","meta":[],"categories":[13],"tags":[3207,225,3585],"_links":{"self":[{"href":"https:\/\/bisbalpenedes.com\/web\/wp-json\/wp\/v2\/posts\/12623"}],"collection":[{"href":"https:\/\/bisbalpenedes.com\/web\/wp-json\/wp\/v2\/posts"}],"about":[{"href":"https:\/\/bisbalpenedes.com\/web\/wp-json\/wp\/v2\/types\/post"}],"author":[{"embeddable":true,"href":"https:\/\/bisbalpenedes.com\/web\/wp-json\/wp\/v2\/users\/4"}],"replies":[{"embeddable":true,"href":"https:\/\/bisbalpenedes.com\/web\/wp-json\/wp\/v2\/comments?post=12623"}],"version-history":[{"count":1,"href":"https:\/\/bisbalpenedes.com\/web\/wp-json\/wp\/v2\/posts\/12623\/revisions"}],"predecessor-version":[{"id":12628,"href":"https:\/\/bisbalpenedes.com\/web\/wp-json\/wp\/v2\/posts\/12623\/revisions\/12628"}],"wp:featuredmedia":[{"embeddable":true,"href":"https:\/\/bisbalpenedes.com\/web\/wp-json\/wp\/v2\/media\/12624"}],"wp:attachment":[{"href":"https:\/\/bisbalpenedes.com\/web\/wp-json\/wp\/v2\/media?parent=12623"}],"wp:term":[{"taxonomy":"category","embeddable":true,"href":"https:\/\/bisbalpenedes.com\/web\/wp-json\/wp\/v2\/categories?post=12623"},{"taxonomy":"post_tag","embeddable":true,"href":"https:\/\/bisbalpenedes.com\/web\/wp-json\/wp\/v2\/tags?post=12623"}],"curies":[{"name":"wp","href":"https:\/\/api.w.org\/{rel}","templated":true}]}}