{"id":12594,"date":"2020-03-29T11:28:57","date_gmt":"2020-03-29T10:28:57","guid":{"rendered":"http:\/\/bisbalpenedes.com\/web\/?p=12594"},"modified":"2020-03-29T11:28:57","modified_gmt":"2020-03-29T10:28:57","slug":"avui-shaurien-dhaver-celebrat-els-tres-tombs-i-us-hem-preparat-una-pindola-bisbalenca-especial","status":"publish","type":"post","link":"https:\/\/bisbalpenedes.com\/web\/2020\/03\/29\/avui-shaurien-dhaver-celebrat-els-tres-tombs-i-us-hem-preparat-una-pindola-bisbalenca-especial\/","title":{"rendered":"Avui s&#8217;haurien d&#8217;haver celebrat els Tres Tombs i us hem preparat una &#8216;P\u00edndola Bisbalenca&#8217; especial"},"content":{"rendered":"<div class=\"\" data-block=\"true\" data-editor=\"47nsr\" data-offset-key=\"d1m8f-0-0\">\n<div class=\"_1mf _1mj\" style=\"text-align: justify;\" data-offset-key=\"d1m8f-0-0\">\n<p><span style=\"color: #000000;\">Avui diumenge -un any m\u00e9s- cavalls i carros haurien cavalcat per la Bisbal entre l\u2019admiraci\u00f3 de petits i grans, en una festa -la dels Tres Tombs- que s\u2019ha anat celebrant des dels inicis dels anys 90. Per\u00f2 no ha estat l&#8217;\u00fanica festa amb animals que ha vist el municipi&#8230; en aquesta p\u00edndola especial, us portem un altre cap\u00edtol curi\u00f3s -i ben graci\u00f3s- protagonitzat tamb\u00e9 per animals.<\/span><\/p>\n<p><span style=\"color: #000000;\">Si en voleu saber m\u00e9s, trobareu m\u00e9s informaci\u00f3 de la \u201ccorrida\u201d de Toros, a<span class=\"text_exposed_show\">ix\u00ed com del personatge que l\u2019organitz\u00e0, al llibre \u201cArrels de Campanar\u201d, de l&#8217;Heribert Ventosa Guasch.<\/span><\/span><\/p>\n<div class=\"text_exposed_show\">\n<p><span style=\"color: #000000;\">Aprofitem aquesta publicaci\u00f3 per enviar tot el nostre escalf a la fam\u00edlia i els amics del Rafel Vidal, qui fou un dels impulsors de la festa dels Tres Tombs a la Bisbal. Aquesta setmana ens ha deixat i, des d&#8217;aqu\u00ed, volem expressar el nostre agra\u00efment per la seva col\u00b7laboraci\u00f3, any rere any, en l&#8217;organitzaci\u00f3 dels Tres Tombs. Gr\u00e0cies per tot. Descansa en pau, Rafel.<\/span><\/p>\n<hr \/>\n<p><span style=\"color: #000000;\"><strong>CASTELLANO |<\/strong> Hoy domingo -un a\u00f1o m\u00e1s- caballos y carros habr\u00edan cabalgado por la Bisbal entre la admiraci\u00f3n de peque\u00f1os y mayores, en una fiesta -la de los Tres Tombs- que se viene celebrando desde principios de los a\u00f1os 90. Pero no ha sido la \u00fanica fiesta con animales que ha visto el municipio\u2026 en esta \u2018p\u00edndola\u2019 especial, os traemos otro cap\u00edtulo curioso -y bastante gracioso- protagonizado tambi\u00e9n por animales.<\/span><\/p>\n<p><span style=\"color: #000000;\">Si quer\u00e9is saber m\u00e1s, encontrar\u00e9is m\u00e1s informaci\u00f3n de la \u201ccorrida\u201d de Toros, as\u00ed como del personaje que la organiz\u00f3, en el libro \u201cArrels de Campanar\u201d de Heribert Ventosa Guasch.<\/span><\/p>\n<p><span style=\"color: #000000;\">Aprovechamos esta publicaci\u00f3n para enviar todo nuestro apoyo a la familia y los amigos de Rafel Vidal, quien fue uno de los impulsores de la fiesta de los Tres Tombs de la Bisbal. Esta semana nos ha dejado y, desde aqu\u00ed, queremos expresar nuestro agradecimiento por su colaboraci\u00f3n, a\u00f1o tras a\u00f1o, en la organizaci\u00f3n de los Tres Tombs. Gracias por todo. Descansa en paz, Rafel.<\/span><\/p>\n<p><a href=\"http:\/\/bisbalpenedes.com\/web\/wp-content\/uploads\/2020\/03\/PINDOLA-TRES-TOMBS-1-3.png\"><img loading=\"lazy\" class=\"aligncenter size-large wp-image-12595\" src=\"http:\/\/bisbalpenedes.com\/web\/wp-content\/uploads\/2020\/03\/PINDOLA-TRES-TOMBS-1-3-1024x1024.png\" alt=\"PINDOLA TRES TOMBS 1-3\" width=\"630\" height=\"630\" srcset=\"https:\/\/bisbalpenedes.com\/web\/wp-content\/uploads\/2020\/03\/PINDOLA-TRES-TOMBS-1-3-1024x1024.png 1024w, https:\/\/bisbalpenedes.com\/web\/wp-content\/uploads\/2020\/03\/PINDOLA-TRES-TOMBS-1-3-300x300.png 300w, https:\/\/bisbalpenedes.com\/web\/wp-content\/uploads\/2020\/03\/PINDOLA-TRES-TOMBS-1-3-100x100.png 100w, https:\/\/bisbalpenedes.com\/web\/wp-content\/uploads\/2020\/03\/PINDOLA-TRES-TOMBS-1-3-600x600.png 600w, https:\/\/bisbalpenedes.com\/web\/wp-content\/uploads\/2020\/03\/PINDOLA-TRES-TOMBS-1-3-150x150.png 150w, https:\/\/bisbalpenedes.com\/web\/wp-content\/uploads\/2020\/03\/PINDOLA-TRES-TOMBS-1-3-768x768.png 768w, https:\/\/bisbalpenedes.com\/web\/wp-content\/uploads\/2020\/03\/PINDOLA-TRES-TOMBS-1-3.png 1080w\" sizes=\"(max-width: 630px) 100vw, 630px\" \/><\/a> <a href=\"http:\/\/bisbalpenedes.com\/web\/wp-content\/uploads\/2020\/03\/PINDOLA-TRES-TOMBS-2-3.png\"><img loading=\"lazy\" class=\"aligncenter size-large wp-image-12596\" src=\"http:\/\/bisbalpenedes.com\/web\/wp-content\/uploads\/2020\/03\/PINDOLA-TRES-TOMBS-2-3-1024x1024.png\" alt=\"PINDOLA TRES TOMBS 2-3\" width=\"630\" height=\"630\" srcset=\"https:\/\/bisbalpenedes.com\/web\/wp-content\/uploads\/2020\/03\/PINDOLA-TRES-TOMBS-2-3-1024x1024.png 1024w, https:\/\/bisbalpenedes.com\/web\/wp-content\/uploads\/2020\/03\/PINDOLA-TRES-TOMBS-2-3-300x300.png 300w, https:\/\/bisbalpenedes.com\/web\/wp-content\/uploads\/2020\/03\/PINDOLA-TRES-TOMBS-2-3-100x100.png 100w, https:\/\/bisbalpenedes.com\/web\/wp-content\/uploads\/2020\/03\/PINDOLA-TRES-TOMBS-2-3-600x600.png 600w, https:\/\/bisbalpenedes.com\/web\/wp-content\/uploads\/2020\/03\/PINDOLA-TRES-TOMBS-2-3-150x150.png 150w, https:\/\/bisbalpenedes.com\/web\/wp-content\/uploads\/2020\/03\/PINDOLA-TRES-TOMBS-2-3-768x768.png 768w, https:\/\/bisbalpenedes.com\/web\/wp-content\/uploads\/2020\/03\/PINDOLA-TRES-TOMBS-2-3.png 1080w\" sizes=\"(max-width: 630px) 100vw, 630px\" \/><\/a> <a href=\"http:\/\/bisbalpenedes.com\/web\/wp-content\/uploads\/2020\/03\/PINDOLA-TRES-TOMBS-3-3.png\"><img loading=\"lazy\" class=\"aligncenter size-large wp-image-12597\" src=\"http:\/\/bisbalpenedes.com\/web\/wp-content\/uploads\/2020\/03\/PINDOLA-TRES-TOMBS-3-3-1024x1024.png\" alt=\"PINDOLA TRES TOMBS 3-3\" width=\"630\" height=\"630\" srcset=\"https:\/\/bisbalpenedes.com\/web\/wp-content\/uploads\/2020\/03\/PINDOLA-TRES-TOMBS-3-3-1024x1024.png 1024w, https:\/\/bisbalpenedes.com\/web\/wp-content\/uploads\/2020\/03\/PINDOLA-TRES-TOMBS-3-3-300x300.png 300w, https:\/\/bisbalpenedes.com\/web\/wp-content\/uploads\/2020\/03\/PINDOLA-TRES-TOMBS-3-3-100x100.png 100w, https:\/\/bisbalpenedes.com\/web\/wp-content\/uploads\/2020\/03\/PINDOLA-TRES-TOMBS-3-3-600x600.png 600w, https:\/\/bisbalpenedes.com\/web\/wp-content\/uploads\/2020\/03\/PINDOLA-TRES-TOMBS-3-3-150x150.png 150w, https:\/\/bisbalpenedes.com\/web\/wp-content\/uploads\/2020\/03\/PINDOLA-TRES-TOMBS-3-3-768x768.png 768w, https:\/\/bisbalpenedes.com\/web\/wp-content\/uploads\/2020\/03\/PINDOLA-TRES-TOMBS-3-3.png 1080w\" sizes=\"(max-width: 630px) 100vw, 630px\" \/><\/a><\/p>\n<\/div>\n<\/div>\n<\/div>\n","protected":false},"excerpt":{"rendered":"<p>Avui diumenge -un any m\u00e9s- cavalls i carros haurien cavalcat per la Bisbal entre l\u2019admiraci\u00f3 de petits i grans, en una festa -la dels Tres Tombs- que s\u2019ha anat celebrant &hellip; <a href=\"https:\/\/bisbalpenedes.com\/web\/2020\/03\/29\/avui-shaurien-dhaver-celebrat-els-tres-tombs-i-us-hem-preparat-una-pindola-bisbalenca-especial\/\" class=\"more-link\">Read More<\/a><\/p>\n","protected":false},"author":4,"featured_media":12595,"comment_status":"closed","ping_status":"closed","sticky":false,"template":"","format":"standard","meta":[],"categories":[13],"tags":[365,225,3634,3585,3635,3633,228],"_links":{"self":[{"href":"https:\/\/bisbalpenedes.com\/web\/wp-json\/wp\/v2\/posts\/12594"}],"collection":[{"href":"https:\/\/bisbalpenedes.com\/web\/wp-json\/wp\/v2\/posts"}],"about":[{"href":"https:\/\/bisbalpenedes.com\/web\/wp-json\/wp\/v2\/types\/post"}],"author":[{"embeddable":true,"href":"https:\/\/bisbalpenedes.com\/web\/wp-json\/wp\/v2\/users\/4"}],"replies":[{"embeddable":true,"href":"https:\/\/bisbalpenedes.com\/web\/wp-json\/wp\/v2\/comments?post=12594"}],"version-history":[{"count":1,"href":"https:\/\/bisbalpenedes.com\/web\/wp-json\/wp\/v2\/posts\/12594\/revisions"}],"predecessor-version":[{"id":12598,"href":"https:\/\/bisbalpenedes.com\/web\/wp-json\/wp\/v2\/posts\/12594\/revisions\/12598"}],"wp:featuredmedia":[{"embeddable":true,"href":"https:\/\/bisbalpenedes.com\/web\/wp-json\/wp\/v2\/media\/12595"}],"wp:attachment":[{"href":"https:\/\/bisbalpenedes.com\/web\/wp-json\/wp\/v2\/media?parent=12594"}],"wp:term":[{"taxonomy":"category","embeddable":true,"href":"https:\/\/bisbalpenedes.com\/web\/wp-json\/wp\/v2\/categories?post=12594"},{"taxonomy":"post_tag","embeddable":true,"href":"https:\/\/bisbalpenedes.com\/web\/wp-json\/wp\/v2\/tags?post=12594"}],"curies":[{"name":"wp","href":"https:\/\/api.w.org\/{rel}","templated":true}]}}