{"id":12586,"date":"2020-03-27T11:00:33","date_gmt":"2020-03-27T10:00:33","guid":{"rendered":"http:\/\/bisbalpenedes.com\/web\/?p=12586"},"modified":"2020-03-27T13:38:59","modified_gmt":"2020-03-27T12:38:59","slug":"treballs-de-millora-de-la-mobilitat-de-les-regidories-de-mobilitat-i-via-publica-creacio-de-dues-places-daparcament-i-arranjament-de-les-escales-del-frankfurt","status":"publish","type":"post","link":"https:\/\/bisbalpenedes.com\/web\/2020\/03\/27\/treballs-de-millora-de-la-mobilitat-de-les-regidories-de-mobilitat-i-via-publica-creacio-de-dues-places-daparcament-i-arranjament-de-les-escales-del-frankfurt\/","title":{"rendered":"Treballs de millora de la mobilitat de les Regidories de Mobilitat i Via P\u00fablica: creaci\u00f3 de dues places d&#8217;aparcament i arranjament de les escales del frankfurt"},"content":{"rendered":"<div class=\"\" data-block=\"true\" data-editor=\"aunb\" data-offset-key=\"1va7c-0-0\">\n<div class=\"_1mf _1mj\" data-offset-key=\"1va7c-0-0\">\n<p style=\"text-align: justify;\"><span style=\"color: #000000;\">Les Regidories de Mobilitat i Via P\u00fablica han impulsat, en els \u00faltims mesos, diverses tasques per millorar la mobilitat al municipi.<\/span><\/p>\n<p style=\"text-align: justify;\"><span style=\"color: #000000;\">Un dels treballs que ha dut a terme la brigada municipal recentment \u00e9s la creaci\u00f3, mitjan\u00e7ant pintura al vial, de dues places d\u2019aparcament a la pla\u00e7a Major.<\/span><\/p>\n<p style=\"text-align: justify;\"><span style=\"color: #000000;\">D\u2019altra banda, les Regidories de Mobilitat i Via P\u00fablica tamb\u00e9 han dut a terme treballs de millora a les escales que van del carrer Major\/pla\u00e7a Sant Jordi al carre<span class=\"text_exposed_show\">r Montserrat, conegudes popularment com \u2018les escales del Frankfurt\u2019. Concretament s\u2019hi han instal\u00b7lat baranes i s\u2019han arranjat alguns sots i imperfeccions que presentaven els esglaons.<\/span><\/span><\/p>\n<div class=\"text_exposed_show\">\n<hr \/>\n<p style=\"text-align: justify;\"><span style=\"color: #000000;\"><strong>CASTELLANO |<\/strong> Las Concejal\u00edas de Movilidad y V\u00eda P\u00fablica han impulsado en los \u00faltimos meses, diversos trabajos para mejorar la movilidad en el municipio.<\/span><\/p>\n<p style=\"text-align: justify;\"><span style=\"color: #000000;\">Uno de los trabajos que ha llevado a cabo la brigada municipal recientemente es la creaci\u00f3n, mediante pintura en el vial, de dos plazas de aparcamiento en la plaza Major.<\/span><\/p>\n<p style=\"text-align: justify;\"><span style=\"color: #000000;\">Por otro lado, las concejal\u00edas de Movilidad y V\u00eda P\u00fablica tambi\u00e9n han llevado a cabo trabajos de mejora en las escaleras que van de la calle Mayor\/plaza Sant Jordi a la calle Montserrat, conocidas popularmente como \u2018las escaleras del Frankfurt\u2019. Concretamente se han instalado barandas y se han arreglado algunos agujeros e imperfecciones que presentaban las escaleras.<\/span><\/p>\n<\/div>\n<\/div>\n<\/div>\n<p style=\"text-align: justify;\"><a href=\"http:\/\/bisbalpenedes.com\/web\/wp-content\/uploads\/2020\/03\/PINTURA-APARCAMENT.jpg\"><img loading=\"lazy\" class=\"aligncenter size-large wp-image-12587\" src=\"http:\/\/bisbalpenedes.com\/web\/wp-content\/uploads\/2020\/03\/PINTURA-APARCAMENT-1024x766.jpg\" alt=\"PINTURA APARCAMENT\" width=\"630\" height=\"471\" srcset=\"https:\/\/bisbalpenedes.com\/web\/wp-content\/uploads\/2020\/03\/PINTURA-APARCAMENT-1024x766.jpg 1024w, https:\/\/bisbalpenedes.com\/web\/wp-content\/uploads\/2020\/03\/PINTURA-APARCAMENT-600x449.jpg 600w, https:\/\/bisbalpenedes.com\/web\/wp-content\/uploads\/2020\/03\/PINTURA-APARCAMENT-300x225.jpg 300w, https:\/\/bisbalpenedes.com\/web\/wp-content\/uploads\/2020\/03\/PINTURA-APARCAMENT-768x575.jpg 768w\" sizes=\"(max-width: 630px) 100vw, 630px\" \/><\/a> <a href=\"http:\/\/bisbalpenedes.com\/web\/wp-content\/uploads\/2020\/03\/ESCALES-FRANKFURT-1.jpg\"><img loading=\"lazy\" class=\"aligncenter size-large wp-image-12588\" src=\"http:\/\/bisbalpenedes.com\/web\/wp-content\/uploads\/2020\/03\/ESCALES-FRANKFURT-1-1024x766.jpg\" alt=\"ESCALES FRANKFURT 1\" width=\"630\" height=\"471\" srcset=\"https:\/\/bisbalpenedes.com\/web\/wp-content\/uploads\/2020\/03\/ESCALES-FRANKFURT-1-1024x766.jpg 1024w, https:\/\/bisbalpenedes.com\/web\/wp-content\/uploads\/2020\/03\/ESCALES-FRANKFURT-1-600x449.jpg 600w, https:\/\/bisbalpenedes.com\/web\/wp-content\/uploads\/2020\/03\/ESCALES-FRANKFURT-1-300x225.jpg 300w, https:\/\/bisbalpenedes.com\/web\/wp-content\/uploads\/2020\/03\/ESCALES-FRANKFURT-1-768x575.jpg 768w\" sizes=\"(max-width: 630px) 100vw, 630px\" \/><\/a><\/p>\n","protected":false},"excerpt":{"rendered":"<p>Les Regidories de Mobilitat i Via P\u00fablica han impulsat, en els \u00faltims mesos, diverses tasques per millorar la mobilitat al municipi. Un dels treballs que ha dut a terme la &hellip; <a href=\"https:\/\/bisbalpenedes.com\/web\/2020\/03\/27\/treballs-de-millora-de-la-mobilitat-de-les-regidories-de-mobilitat-i-via-publica-creacio-de-dues-places-daparcament-i-arranjament-de-les-escales-del-frankfurt\/\" class=\"more-link\">Read More<\/a><\/p>\n","protected":false},"author":4,"featured_media":12587,"comment_status":"closed","ping_status":"closed","sticky":false,"template":"","format":"standard","meta":[],"categories":[3482],"tags":[3630,3631,1269,3632],"_links":{"self":[{"href":"https:\/\/bisbalpenedes.com\/web\/wp-json\/wp\/v2\/posts\/12586"}],"collection":[{"href":"https:\/\/bisbalpenedes.com\/web\/wp-json\/wp\/v2\/posts"}],"about":[{"href":"https:\/\/bisbalpenedes.com\/web\/wp-json\/wp\/v2\/types\/post"}],"author":[{"embeddable":true,"href":"https:\/\/bisbalpenedes.com\/web\/wp-json\/wp\/v2\/users\/4"}],"replies":[{"embeddable":true,"href":"https:\/\/bisbalpenedes.com\/web\/wp-json\/wp\/v2\/comments?post=12586"}],"version-history":[{"count":4,"href":"https:\/\/bisbalpenedes.com\/web\/wp-json\/wp\/v2\/posts\/12586\/revisions"}],"predecessor-version":[{"id":12592,"href":"https:\/\/bisbalpenedes.com\/web\/wp-json\/wp\/v2\/posts\/12586\/revisions\/12592"}],"wp:featuredmedia":[{"embeddable":true,"href":"https:\/\/bisbalpenedes.com\/web\/wp-json\/wp\/v2\/media\/12587"}],"wp:attachment":[{"href":"https:\/\/bisbalpenedes.com\/web\/wp-json\/wp\/v2\/media?parent=12586"}],"wp:term":[{"taxonomy":"category","embeddable":true,"href":"https:\/\/bisbalpenedes.com\/web\/wp-json\/wp\/v2\/categories?post=12586"},{"taxonomy":"post_tag","embeddable":true,"href":"https:\/\/bisbalpenedes.com\/web\/wp-json\/wp\/v2\/tags?post=12586"}],"curies":[{"name":"wp","href":"https:\/\/api.w.org\/{rel}","templated":true}]}}