{"id":12577,"date":"2020-03-25T20:00:16","date_gmt":"2020-03-25T19:00:16","guid":{"rendered":"http:\/\/bisbalpenedes.com\/web\/?p=12577"},"modified":"2020-03-30T13:45:31","modified_gmt":"2020-03-30T12:45:31","slug":"comunicat-dalcaldia-adrecat-a-la-ciutadania-amb-relacio-amb-el-covid-19","status":"publish","type":"post","link":"https:\/\/bisbalpenedes.com\/web\/2020\/03\/25\/comunicat-dalcaldia-adrecat-a-la-ciutadania-amb-relacio-amb-el-covid-19\/","title":{"rendered":"Comunicat d&#8217;alcaldia adre\u00e7at a la ciutadania amb relaci\u00f3 amb el covid-19"},"content":{"rendered":"<p style=\"text-align: center;\"><iframe loading=\"lazy\" style=\"border: none; overflow: hidden;\" src=\"https:\/\/www.facebook.com\/plugins\/video.php?href=https%3A%2F%2Fwww.facebook.com%2FAjuntamentBisbalPenedes%2Fvideos%2F619704865427954%2F&amp;show_text=0&amp;width=560\" width=\"560\" height=\"315\" frameborder=\"0\" scrolling=\"no\" allowfullscreen=\"allowfullscreen\"><\/iframe><\/p>\n<p style=\"text-align: justify;\"><span style=\"color: #000000;\">\u201cEn els \u00faltims dies s\u2019han detectat casos del covid-19 a la comarca i tamb\u00e9 a La Bisbal del Pened\u00e8s. Malauradament ja ha mort una ve\u00efna de m\u00e9s de 70 anys, que patia problemes respiratoris greus.<\/span><\/p>\n<p style=\"text-align: justify;\"><span style=\"color: #000000;\">En nom propi i de tot el consistori, dono el condol a la fam\u00edlia. \u00c9s un cop dur a m\u00e9s no poder-la acomiadar com es mereix, acompanyada de totes les persones que l\u2019apreciem.<\/span><\/p>\n<p style=\"text-align: justify;\"><span style=\"color: #000000;\">Ara m\u00e9s que mai hem de continuar seguint les indicacions de les autoritats sanit\u00e0ries: quedant-nos a casa, sortir el m\u00ednim possible i anar a comprar fent la comanda abans aprofitant el servei que ens ofereixen els nostres comerciants.<\/span><\/p>\n<p style=\"text-align: justify;\"><span style=\"color: #000000;\">Dono les gr\u00e0cies als comer\u00e7os que obriu per oferir productes b\u00e0sics, gr\u00e0cies al voluntariat municipal que seguiu donant el bon dia cada dia de la setmana i que aquests dies, m\u00e9s que mai, \u00e9s un servei essencial.<\/span><\/p>\n<p style=\"text-align: justify;\"><span style=\"color: #000000;\">Gr\u00e0cies als empleats i empleades municipals que treballeu des de casa per seguir fent funcionar l\u2019Ajuntament, a la brigada municipal que treballeu al carrer i als que ateneu a la ciutadania per tel\u00e8fon.<\/span><\/p>\n<p style=\"text-align: justify;\"><span style=\"color: #000000;\">Gr\u00e0cies al servei d\u2019informaci\u00f3 i inspecci\u00f3 municipal i als regidors i regidores de l\u2019equip de govern que porteu medicaments a la gent gran que ho necessita, aix\u00ed com el repartiment domiciliari del Rebost solidari als m\u00e9s necessitats.<\/span><\/p>\n<p style=\"text-align: justify;\"><span style=\"color: #000000;\">Gr\u00e0cies a vosaltres per quedar-vos a casa.<\/span><\/p>\n<p style=\"text-align: justify;\"><span style=\"color: #000000;\">Als aut\u00f2noms i empresaris que no podeu funcionar amb normalitat, us animo a estar atents a les ajudes que es van publicant i a no defallir.<\/span><\/p>\n<p style=\"text-align: justify;\"><span style=\"color: #000000;\">Tamb\u00e9 em vull adre\u00e7ar a les poques persones que no feu cas de les mesures, pensant que no us passar\u00e0 res o que per sortir a passejar no feu cap mal a ning\u00fa. No complint les mesures necess\u00e0ries us poseu en perill vosaltres i poseu en perill tamb\u00e9 als vostres familiars i amics.<\/span><\/p>\n<p style=\"text-align: justify;\"><span style=\"color: #000000;\">\u00c9s una situaci\u00f3 nova, greu i, com tot el que ens \u00e9s desconegut, ens espanta. Per\u00f2 aix\u00f2 ens ha de fer m\u00e9s forts perqu\u00e8 aconseguirem guanyar el covid-19 entre tots si seguim els consells i ens quedem a casa\u201d.<\/span><\/p>\n<hr \/>\n<p style=\"text-align: justify;\"><span style=\"color: #000000;\"><strong>CASTELLANO |\u00a0<\/strong>En los \u00faltimos d\u00edas se han detectado casos de covid-19 en la comarca y tambi\u00e9n en La Bisbal del Pened\u00e8s.\u00a0Desgraciadamente ya ha muerto una vecina de m\u00e1s de 70 a\u00f1os, que sufr\u00eda problemas respiratorios graves.<\/span><\/p>\n<p style=\"text-align: justify;\"><span style=\"color: #000000;\">En nombre propio y de todo el consistorio, doy el p\u00e9same a la familia. Es un golpe duro, adem\u00e1s, no poderla despedir como se merece, acompa\u00f1ada de todas las personas que la apreciamos.<\/span><\/p>\n<p style=\"text-align: justify;\"><span style=\"color: #000000;\">Ahora m\u00e1s que nunca debemos continuar siguiendo las indicaciones de las autoridades sanitarias: qued\u00e1ndonos en casa, saliendo lo m\u00ednimo posible y yendo a comprar haciendo el pedido antes aprovechando el servicio que\u00a0 nos ofrecen nuestros comerciantes.<\/span><\/p>\n<p style=\"text-align: justify;\"><span style=\"color: #000000;\">Doy las gracias a los comercios que abr\u00eds para ofrecer productos b\u00e1sicos, gracias al voluntariado municipal que segu\u00eds dando los buenos d\u00edas cada d\u00eda de la semana y que estos d\u00edas, m\u00e1s que nunca, es un servicio esencial.<\/span><\/p>\n<p style=\"text-align: justify;\"><span style=\"color: #000000;\">Gracias a los empleados y empleadas municipales que trabaj\u00e1is desde casa para seguir haciendo funcionar el Ayuntamiento, a la brigada municipal que trabaj\u00e1is en la calle y a los que atend\u00e9is a la ciudadan\u00eda por tel\u00e9fono.<\/span><\/p>\n<p style=\"text-align: justify;\"><span style=\"color: #000000;\">Gracias al servicio de informaci\u00f3n e inspecci\u00f3n municipal y a los concejales y concejalas del equipo de gobierno que llev\u00e1is medicamentos a la gente mayor que lo necesita, as\u00ed como el reparto domiciliario del Rebost solidari a los m\u00e1s necesitados.<\/span><\/p>\n<p style=\"text-align: justify;\"><span style=\"color: #000000;\">Gracias a vosotros por quedaros en casa.<\/span><\/p>\n<p style=\"text-align: justify;\"><span style=\"color: #000000;\">A los aut\u00f3nomos y empresarios que no pod\u00e9is funcionar con normalidad, os animo a estar atentos a las ayudas que se van publicando y a no desfallecer.<\/span><\/p>\n<p style=\"text-align: justify;\"><span style=\"color: #000000;\">Tambi\u00e9n me quiero dirigir a las pocas personas que no hac\u00e9is caso de las medidas, pensando que no os pasar\u00e1 nada o que por salir a pasear no hac\u00e9is da\u00f1o a nadie. No cumpliendo las medidas necesarias os pon\u00e9is en peligro vosotros y pon\u00e9is en peligro a vuestros familiares y amigos.\u00a0<\/span><\/p>\n<p style=\"text-align: justify;\"><span style=\"color: #000000;\">Es una situaci\u00f3n nueva, grave y, como todo lo que no es desconocido, nos asusta. Por eso nos tiene que hacer m\u00e1s fuertes porqu\u00e9 conseguiremos ganar al covid-19 entre todos si seguimos los consejos y nos quedamos en casa&#8221;.<\/span><\/p>\n<p>&nbsp;<\/p>\n<p>&nbsp;<\/p>\n","protected":false},"excerpt":{"rendered":"<p>\u201cEn els \u00faltims dies s\u2019han detectat casos del covid-19 a la comarca i tamb\u00e9 a La Bisbal del Pened\u00e8s. Malauradament ja ha mort una ve\u00efna de m\u00e9s de 70 anys, &hellip; <a href=\"https:\/\/bisbalpenedes.com\/web\/2020\/03\/25\/comunicat-dalcaldia-adrecat-a-la-ciutadania-amb-relacio-amb-el-covid-19\/\" class=\"more-link\">Read More<\/a><\/p>\n","protected":false},"author":4,"featured_media":12579,"comment_status":"closed","ping_status":"closed","sticky":false,"template":"","format":"standard","meta":[],"categories":[2057,3636],"tags":[1151,2092,3550,3559],"_links":{"self":[{"href":"https:\/\/bisbalpenedes.com\/web\/wp-json\/wp\/v2\/posts\/12577"}],"collection":[{"href":"https:\/\/bisbalpenedes.com\/web\/wp-json\/wp\/v2\/posts"}],"about":[{"href":"https:\/\/bisbalpenedes.com\/web\/wp-json\/wp\/v2\/types\/post"}],"author":[{"embeddable":true,"href":"https:\/\/bisbalpenedes.com\/web\/wp-json\/wp\/v2\/users\/4"}],"replies":[{"embeddable":true,"href":"https:\/\/bisbalpenedes.com\/web\/wp-json\/wp\/v2\/comments?post=12577"}],"version-history":[{"count":2,"href":"https:\/\/bisbalpenedes.com\/web\/wp-json\/wp\/v2\/posts\/12577\/revisions"}],"predecessor-version":[{"id":12580,"href":"https:\/\/bisbalpenedes.com\/web\/wp-json\/wp\/v2\/posts\/12577\/revisions\/12580"}],"wp:featuredmedia":[{"embeddable":true,"href":"https:\/\/bisbalpenedes.com\/web\/wp-json\/wp\/v2\/media\/12579"}],"wp:attachment":[{"href":"https:\/\/bisbalpenedes.com\/web\/wp-json\/wp\/v2\/media?parent=12577"}],"wp:term":[{"taxonomy":"category","embeddable":true,"href":"https:\/\/bisbalpenedes.com\/web\/wp-json\/wp\/v2\/categories?post=12577"},{"taxonomy":"post_tag","embeddable":true,"href":"https:\/\/bisbalpenedes.com\/web\/wp-json\/wp\/v2\/tags?post=12577"}],"curies":[{"name":"wp","href":"https:\/\/api.w.org\/{rel}","templated":true}]}}