{"id":12573,"date":"2020-03-27T11:45:15","date_gmt":"2020-03-27T10:45:15","guid":{"rendered":"http:\/\/bisbalpenedes.com\/web\/?p=12573"},"modified":"2020-03-30T13:43:48","modified_gmt":"2020-03-30T12:43:48","slug":"joves-i-no-tan-joves-aquest-divendres-de-18-a-20h-gaudiu-de-la-sessio-de-flaix-fm-en-el-marc-de-la-campanya-joactuo","status":"publish","type":"post","link":"https:\/\/bisbalpenedes.com\/web\/2020\/03\/27\/joves-i-no-tan-joves-aquest-divendres-de-18-a-20h-gaudiu-de-la-sessio-de-flaix-fm-en-el-marc-de-la-campanya-joactuo\/","title":{"rendered":"Joves! (I no tan joves) Aquest divendres de 18 a 20h gaudiu de la sessi\u00f3 de FLAIX FM en el marc de la campanya #JoActuo"},"content":{"rendered":"<p style=\"text-align: justify;\"><span style=\"color: #000000;\">La Generalitat de Catalunya ha posat en marxa la campanya #JoActuo, amb l\u2019objectiu de fomentar i agrair tots els esfor\u00e7os que est\u00e0 fent la ciutadania per superar amb \u00e8xit aquesta pand\u00e8mia, quedant-se a casa.<\/span><\/p>\n<p style=\"text-align: justify;\"><span style=\"color: #000000;\">Amb motiu d\u2019aquesta campanya, cada divendres, de 6 a 8 de la tarda, es dur\u00e0 a terme una sessi\u00f3 musical en col\u00b7laboraci\u00f3 amb FLAIX FM. La sessi\u00f3 es reproduir\u00e0 en directe des del canal de Youtube de FLAIX FM.<\/span><\/p>\n<p style=\"text-align: justify;\"><span style=\"color: #000000;\">Cada sessi\u00f3 musical que es faci es dur\u00e0 a terme amb una emissora de r\u00e0dio diferent.<\/span><\/p>\n<p style=\"text-align: justify;\"><span style=\"color: #000000;\">Podeu entrar al canal de Youtube de FLAIXFM a trav\u00e9s d\u2019aquest enlla\u00e7:<\/span> <a href=\"https:\/\/bit.ly\/FlaixFMActuaSessions\">https:\/\/bit.ly\/FlaixFMActuaSessions<\/a><\/p>\n<p style=\"text-align: justify;\"><span style=\"color: #000000;\">#JoActuo #QuedatACasa<\/span><\/p>\n<hr \/>\n<p style=\"text-align: justify;\"><span style=\"color: #000000;\"><strong>CASTELLANO |<\/strong> La Generalitat de Catalunya ha puesto en marcha la campa\u00f1a #JoActuo, con el objetivo de fomentar y agradecer todos los esfuerzos que est\u00e1 haciendo la ciudadan\u00eda para superar con \u00e9xito esta pandemia, qued\u00e1ndose en casa.<\/span><\/p>\n<p style=\"text-align: justify;\"><span style=\"color: #000000;\">Con motivo de esta campa\u00f1a, cada viernes, de 6 a 8 de la tarde, se llevar\u00e1 a cabo una sesi\u00f3n musical en colaboraci\u00f3n con FLAIX FM. La sesi\u00f3n se reproducir\u00e1 en directo desde el canal de youtube de FLAIX FM.<\/span><\/p>\n<p style=\"text-align: justify;\"><span style=\"color: #000000;\">Cada sesi\u00f3n musical que se haga se llevar\u00e1 a cabo con una emisora de radio distinta. Pod\u00e9is entrar al canal de Youtube de FLAIXFM a trav\u00e9s de este enlace:<\/span><\/p>\n<p style=\"text-align: justify;\"><a href=\"https:\/\/bit.ly\/FlaixFMActuaSessions\">https:\/\/bit.ly\/FlaixFMActuaSessions<\/a><\/p>\n<p><span style=\"color: #000000;\">#JoActuo #QuedatACasa<\/span><\/p>\n<p style=\"text-align: center;\"><a href=\"http:\/\/bisbalpenedes.com\/web\/wp-content\/uploads\/2020\/03\/flaixfm-actuasessions-cartel-postq.png\"><img loading=\"lazy\" class=\"alignnone size-full wp-image-12574\" src=\"http:\/\/bisbalpenedes.com\/web\/wp-content\/uploads\/2020\/03\/flaixfm-actuasessions-cartel-postq.png\" alt=\"flaixfm-actuasessions-cartel-postq\" width=\"640\" height=\"640\" srcset=\"https:\/\/bisbalpenedes.com\/web\/wp-content\/uploads\/2020\/03\/flaixfm-actuasessions-cartel-postq.png 640w, https:\/\/bisbalpenedes.com\/web\/wp-content\/uploads\/2020\/03\/flaixfm-actuasessions-cartel-postq-300x300.png 300w, https:\/\/bisbalpenedes.com\/web\/wp-content\/uploads\/2020\/03\/flaixfm-actuasessions-cartel-postq-100x100.png 100w, https:\/\/bisbalpenedes.com\/web\/wp-content\/uploads\/2020\/03\/flaixfm-actuasessions-cartel-postq-600x600.png 600w, https:\/\/bisbalpenedes.com\/web\/wp-content\/uploads\/2020\/03\/flaixfm-actuasessions-cartel-postq-150x150.png 150w\" sizes=\"(max-width: 640px) 100vw, 640px\" \/><\/a><\/p>\n","protected":false},"excerpt":{"rendered":"<p>La Generalitat de Catalunya ha posat en marxa la campanya #JoActuo, amb l\u2019objectiu de fomentar i agrair tots els esfor\u00e7os que est\u00e0 fent la ciutadania per superar amb \u00e8xit aquesta &hellip; <a href=\"https:\/\/bisbalpenedes.com\/web\/2020\/03\/27\/joves-i-no-tan-joves-aquest-divendres-de-18-a-20h-gaudiu-de-la-sessio-de-flaix-fm-en-el-marc-de-la-campanya-joactuo\/\" class=\"more-link\">Read More<\/a><\/p>\n","protected":false},"author":4,"featured_media":12574,"comment_status":"closed","ping_status":"closed","sticky":false,"template":"","format":"standard","meta":[],"categories":[3636,1486],"tags":[3627,3628,3550,3569,210],"_links":{"self":[{"href":"https:\/\/bisbalpenedes.com\/web\/wp-json\/wp\/v2\/posts\/12573"}],"collection":[{"href":"https:\/\/bisbalpenedes.com\/web\/wp-json\/wp\/v2\/posts"}],"about":[{"href":"https:\/\/bisbalpenedes.com\/web\/wp-json\/wp\/v2\/types\/post"}],"author":[{"embeddable":true,"href":"https:\/\/bisbalpenedes.com\/web\/wp-json\/wp\/v2\/users\/4"}],"replies":[{"embeddable":true,"href":"https:\/\/bisbalpenedes.com\/web\/wp-json\/wp\/v2\/comments?post=12573"}],"version-history":[{"count":2,"href":"https:\/\/bisbalpenedes.com\/web\/wp-json\/wp\/v2\/posts\/12573\/revisions"}],"predecessor-version":[{"id":12576,"href":"https:\/\/bisbalpenedes.com\/web\/wp-json\/wp\/v2\/posts\/12573\/revisions\/12576"}],"wp:featuredmedia":[{"embeddable":true,"href":"https:\/\/bisbalpenedes.com\/web\/wp-json\/wp\/v2\/media\/12574"}],"wp:attachment":[{"href":"https:\/\/bisbalpenedes.com\/web\/wp-json\/wp\/v2\/media?parent=12573"}],"wp:term":[{"taxonomy":"category","embeddable":true,"href":"https:\/\/bisbalpenedes.com\/web\/wp-json\/wp\/v2\/categories?post=12573"},{"taxonomy":"post_tag","embeddable":true,"href":"https:\/\/bisbalpenedes.com\/web\/wp-json\/wp\/v2\/tags?post=12573"}],"curies":[{"name":"wp","href":"https:\/\/api.w.org\/{rel}","templated":true}]}}