{"id":12555,"date":"2020-03-27T10:21:01","date_gmt":"2020-03-27T09:21:01","guid":{"rendered":"http:\/\/bisbalpenedes.com\/web\/?p=12555"},"modified":"2020-03-30T13:44:16","modified_gmt":"2020-03-30T12:44:16","slug":"preguntes-frequents-sobre-el-coronavirus-covid-19-que-puc-fer-i-que-no-versio-26-03-20-15h","status":"publish","type":"post","link":"https:\/\/bisbalpenedes.com\/web\/2020\/03\/27\/preguntes-frequents-sobre-el-coronavirus-covid-19-que-puc-fer-i-que-no-versio-26-03-20-15h\/","title":{"rendered":"Preguntes freq\u00fcents sobre el coronavirus Covid-19. Qu\u00e8 puc fer i qu\u00e8 no? Versi\u00f3 26-03-20 | 15h"},"content":{"rendered":"<div class=\"\" data-block=\"true\" data-editor=\"5dga6\" data-offset-key=\"a7b3m-0-0\">\n<div class=\"_1mf _1mj\" style=\"text-align: justify;\" data-offset-key=\"a7b3m-0-0\"><span style=\"color: #000000;\">ACTUALITZACI\u00d3 26-03-20 &#8211; 15h<\/span><\/div>\n<div class=\"_1mf _1mj\" style=\"text-align: justify;\" data-offset-key=\"a7b3m-0-0\"><span style=\"color: #000000;\">Qu\u00e8 puc fer i qu\u00e8 no?<\/span><\/div>\n<\/div>\n<div class=\"\" style=\"text-align: justify;\" data-block=\"true\" data-editor=\"5dga6\" data-offset-key=\"eja5t-0-0\">\n<div class=\"_1mf _1mj\" data-offset-key=\"eja5t-0-0\"><span style=\"color: #000000;\">Les preguntes freq\u00fcents sobre el coronavirus Covid-19 respostes des del Centre de Coordinaci\u00f3 Operativa de Catalunya (CECAT).<\/span><\/div>\n<\/div>\n<div class=\"\" style=\"text-align: justify;\" data-block=\"true\" data-editor=\"5dga6\" data-offset-key=\"4d722-0-0\">\n<div class=\"_1mf _1mj\" data-offset-key=\"4d722-0-0\"><span style=\"color: #000000;\">Descarregueu el document fent clic a l&#8217;enlla\u00e7 de la part inferior de la p\u00e0gina.<\/span><\/div>\n<\/div>\n<div class=\"\" style=\"text-align: justify;\" data-block=\"true\" data-editor=\"5dga6\" data-offset-key=\"4ejcu-0-0\">\n<div class=\"_1mf _1mj\" data-offset-key=\"4ejcu-0-0\">\n<hr \/>\n<\/div>\n<\/div>\n<div class=\"\" style=\"text-align: justify;\" data-block=\"true\" data-editor=\"5dga6\" data-offset-key=\"96g5l-0-0\">\n<div class=\"_1mf _1mj\" data-offset-key=\"96g5l-0-0\"><span style=\"color: #000000;\">ACTUALIZACI\u00d3N 26-03-20 &#8211; 15h<\/span><\/div>\n<\/div>\n<div class=\"\" style=\"text-align: justify;\" data-block=\"true\" data-editor=\"5dga6\" data-offset-key=\"dhcci-0-0\">\n<div class=\"_1mf _1mj\" data-offset-key=\"dhcci-0-0\"><span style=\"color: #000000;\">\u00bfQu\u00e9 puedo hacer y qu\u00e9 no? Las preguntas frecuentes sobre el coronavirus Covid-19 respondidas desde El Centre de Coordinaci\u00f3 Operativa de Catalunya (CECAT).<\/span><\/div>\n<\/div>\n<div class=\"\" data-block=\"true\" data-editor=\"5dga6\" data-offset-key=\"5l9n3-0-0\">\n<div class=\"_1mf _1mj\" style=\"text-align: justify;\" data-offset-key=\"5l9n3-0-0\"><span style=\"color: #000000;\">Descargad el documento haciendo clic en el enlace de la parte inferior de la p\u00e1gina.<\/span><\/div>\n<div class=\"_1mf _1mj\" style=\"text-align: justify;\" data-offset-key=\"5l9n3-0-0\"><a href=\"http:\/\/bisbalpenedes.com\/web\/wp-content\/uploads\/2020\/03\/Questionari-restriccions-COVID19-v20200326-15h_page-0001.jpg\"><img loading=\"lazy\" class=\"aligncenter size-large wp-image-12556\" src=\"http:\/\/bisbalpenedes.com\/web\/wp-content\/uploads\/2020\/03\/Questionari-restriccions-COVID19-v20200326-15h_page-0001-724x1024.jpg\" alt=\"Questionari-restriccions-COVID19-v20200326-15h_page-0001\" width=\"630\" height=\"891\" srcset=\"https:\/\/bisbalpenedes.com\/web\/wp-content\/uploads\/2020\/03\/Questionari-restriccions-COVID19-v20200326-15h_page-0001-724x1024.jpg 724w, https:\/\/bisbalpenedes.com\/web\/wp-content\/uploads\/2020\/03\/Questionari-restriccions-COVID19-v20200326-15h_page-0001-600x849.jpg 600w, https:\/\/bisbalpenedes.com\/web\/wp-content\/uploads\/2020\/03\/Questionari-restriccions-COVID19-v20200326-15h_page-0001-212x300.jpg 212w, https:\/\/bisbalpenedes.com\/web\/wp-content\/uploads\/2020\/03\/Questionari-restriccions-COVID19-v20200326-15h_page-0001-768x1086.jpg 768w, https:\/\/bisbalpenedes.com\/web\/wp-content\/uploads\/2020\/03\/Questionari-restriccions-COVID19-v20200326-15h_page-0001.jpg 1240w\" sizes=\"(max-width: 630px) 100vw, 630px\" \/><\/a> <a href=\"http:\/\/bisbalpenedes.com\/web\/wp-content\/uploads\/2020\/03\/Questionari-restriccions-COVID19-v20200326-15h_page-0002.jpg\"><img loading=\"lazy\" class=\"aligncenter size-large wp-image-12557\" src=\"http:\/\/bisbalpenedes.com\/web\/wp-content\/uploads\/2020\/03\/Questionari-restriccions-COVID19-v20200326-15h_page-0002-724x1024.jpg\" alt=\"Questionari-restriccions-COVID19-v20200326-15h_page-0002\" width=\"630\" height=\"891\" srcset=\"https:\/\/bisbalpenedes.com\/web\/wp-content\/uploads\/2020\/03\/Questionari-restriccions-COVID19-v20200326-15h_page-0002-724x1024.jpg 724w, https:\/\/bisbalpenedes.com\/web\/wp-content\/uploads\/2020\/03\/Questionari-restriccions-COVID19-v20200326-15h_page-0002-600x849.jpg 600w, https:\/\/bisbalpenedes.com\/web\/wp-content\/uploads\/2020\/03\/Questionari-restriccions-COVID19-v20200326-15h_page-0002-212x300.jpg 212w, https:\/\/bisbalpenedes.com\/web\/wp-content\/uploads\/2020\/03\/Questionari-restriccions-COVID19-v20200326-15h_page-0002-768x1086.jpg 768w, https:\/\/bisbalpenedes.com\/web\/wp-content\/uploads\/2020\/03\/Questionari-restriccions-COVID19-v20200326-15h_page-0002.jpg 1240w\" sizes=\"(max-width: 630px) 100vw, 630px\" \/><\/a> <a href=\"http:\/\/bisbalpenedes.com\/web\/wp-content\/uploads\/2020\/03\/Questionari-restriccions-COVID19-v20200326-15h_page-0003.jpg\"><img loading=\"lazy\" class=\"aligncenter size-large wp-image-12558\" src=\"http:\/\/bisbalpenedes.com\/web\/wp-content\/uploads\/2020\/03\/Questionari-restriccions-COVID19-v20200326-15h_page-0003-724x1024.jpg\" alt=\"Questionari-restriccions-COVID19-v20200326-15h_page-0003\" width=\"630\" height=\"891\" srcset=\"https:\/\/bisbalpenedes.com\/web\/wp-content\/uploads\/2020\/03\/Questionari-restriccions-COVID19-v20200326-15h_page-0003-724x1024.jpg 724w, https:\/\/bisbalpenedes.com\/web\/wp-content\/uploads\/2020\/03\/Questionari-restriccions-COVID19-v20200326-15h_page-0003-600x849.jpg 600w, https:\/\/bisbalpenedes.com\/web\/wp-content\/uploads\/2020\/03\/Questionari-restriccions-COVID19-v20200326-15h_page-0003-212x300.jpg 212w, https:\/\/bisbalpenedes.com\/web\/wp-content\/uploads\/2020\/03\/Questionari-restriccions-COVID19-v20200326-15h_page-0003-768x1086.jpg 768w, https:\/\/bisbalpenedes.com\/web\/wp-content\/uploads\/2020\/03\/Questionari-restriccions-COVID19-v20200326-15h_page-0003.jpg 1240w\" sizes=\"(max-width: 630px) 100vw, 630px\" \/><\/a> <a href=\"http:\/\/bisbalpenedes.com\/web\/wp-content\/uploads\/2020\/03\/Questionari-restriccions-COVID19-v20200326-15h_page-0004.jpg\"><img loading=\"lazy\" class=\"aligncenter size-large wp-image-12559\" src=\"http:\/\/bisbalpenedes.com\/web\/wp-content\/uploads\/2020\/03\/Questionari-restriccions-COVID19-v20200326-15h_page-0004-724x1024.jpg\" alt=\"Questionari-restriccions-COVID19-v20200326-15h_page-0004\" width=\"630\" height=\"891\" srcset=\"https:\/\/bisbalpenedes.com\/web\/wp-content\/uploads\/2020\/03\/Questionari-restriccions-COVID19-v20200326-15h_page-0004-724x1024.jpg 724w, https:\/\/bisbalpenedes.com\/web\/wp-content\/uploads\/2020\/03\/Questionari-restriccions-COVID19-v20200326-15h_page-0004-600x849.jpg 600w, https:\/\/bisbalpenedes.com\/web\/wp-content\/uploads\/2020\/03\/Questionari-restriccions-COVID19-v20200326-15h_page-0004-212x300.jpg 212w, https:\/\/bisbalpenedes.com\/web\/wp-content\/uploads\/2020\/03\/Questionari-restriccions-COVID19-v20200326-15h_page-0004-768x1086.jpg 768w, https:\/\/bisbalpenedes.com\/web\/wp-content\/uploads\/2020\/03\/Questionari-restriccions-COVID19-v20200326-15h_page-0004.jpg 1240w\" sizes=\"(max-width: 630px) 100vw, 630px\" \/><\/a> <a href=\"http:\/\/bisbalpenedes.com\/web\/wp-content\/uploads\/2020\/03\/Questionari-restriccions-COVID19-v20200326-15h_page-0005.jpg\"><img loading=\"lazy\" class=\"aligncenter size-large wp-image-12560\" src=\"http:\/\/bisbalpenedes.com\/web\/wp-content\/uploads\/2020\/03\/Questionari-restriccions-COVID19-v20200326-15h_page-0005-724x1024.jpg\" alt=\"Questionari-restriccions-COVID19-v20200326-15h_page-0005\" width=\"630\" height=\"891\" srcset=\"https:\/\/bisbalpenedes.com\/web\/wp-content\/uploads\/2020\/03\/Questionari-restriccions-COVID19-v20200326-15h_page-0005-724x1024.jpg 724w, https:\/\/bisbalpenedes.com\/web\/wp-content\/uploads\/2020\/03\/Questionari-restriccions-COVID19-v20200326-15h_page-0005-600x849.jpg 600w, https:\/\/bisbalpenedes.com\/web\/wp-content\/uploads\/2020\/03\/Questionari-restriccions-COVID19-v20200326-15h_page-0005-212x300.jpg 212w, https:\/\/bisbalpenedes.com\/web\/wp-content\/uploads\/2020\/03\/Questionari-restriccions-COVID19-v20200326-15h_page-0005-768x1086.jpg 768w, https:\/\/bisbalpenedes.com\/web\/wp-content\/uploads\/2020\/03\/Questionari-restriccions-COVID19-v20200326-15h_page-0005.jpg 1240w\" sizes=\"(max-width: 630px) 100vw, 630px\" \/><\/a> <a href=\"http:\/\/bisbalpenedes.com\/web\/wp-content\/uploads\/2020\/03\/Questionari-restriccions-COVID19-v20200326-15h_page-0006.jpg\"><img loading=\"lazy\" class=\"aligncenter size-large wp-image-12561\" src=\"http:\/\/bisbalpenedes.com\/web\/wp-content\/uploads\/2020\/03\/Questionari-restriccions-COVID19-v20200326-15h_page-0006-724x1024.jpg\" alt=\"Questionari-restriccions-COVID19-v20200326-15h_page-0006\" width=\"630\" height=\"891\" srcset=\"https:\/\/bisbalpenedes.com\/web\/wp-content\/uploads\/2020\/03\/Questionari-restriccions-COVID19-v20200326-15h_page-0006-724x1024.jpg 724w, https:\/\/bisbalpenedes.com\/web\/wp-content\/uploads\/2020\/03\/Questionari-restriccions-COVID19-v20200326-15h_page-0006-600x849.jpg 600w, https:\/\/bisbalpenedes.com\/web\/wp-content\/uploads\/2020\/03\/Questionari-restriccions-COVID19-v20200326-15h_page-0006-212x300.jpg 212w, https:\/\/bisbalpenedes.com\/web\/wp-content\/uploads\/2020\/03\/Questionari-restriccions-COVID19-v20200326-15h_page-0006-768x1086.jpg 768w, https:\/\/bisbalpenedes.com\/web\/wp-content\/uploads\/2020\/03\/Questionari-restriccions-COVID19-v20200326-15h_page-0006.jpg 1240w\" sizes=\"(max-width: 630px) 100vw, 630px\" \/><\/a> <a href=\"http:\/\/bisbalpenedes.com\/web\/wp-content\/uploads\/2020\/03\/Questionari-restriccions-COVID19-v20200326-15h_page-0007.jpg\"><img loading=\"lazy\" class=\"aligncenter size-large wp-image-12562\" src=\"http:\/\/bisbalpenedes.com\/web\/wp-content\/uploads\/2020\/03\/Questionari-restriccions-COVID19-v20200326-15h_page-0007-724x1024.jpg\" alt=\"Questionari-restriccions-COVID19-v20200326-15h_page-0007\" width=\"630\" height=\"891\" srcset=\"https:\/\/bisbalpenedes.com\/web\/wp-content\/uploads\/2020\/03\/Questionari-restriccions-COVID19-v20200326-15h_page-0007-724x1024.jpg 724w, https:\/\/bisbalpenedes.com\/web\/wp-content\/uploads\/2020\/03\/Questionari-restriccions-COVID19-v20200326-15h_page-0007-600x849.jpg 600w, https:\/\/bisbalpenedes.com\/web\/wp-content\/uploads\/2020\/03\/Questionari-restriccions-COVID19-v20200326-15h_page-0007-212x300.jpg 212w, https:\/\/bisbalpenedes.com\/web\/wp-content\/uploads\/2020\/03\/Questionari-restriccions-COVID19-v20200326-15h_page-0007-768x1086.jpg 768w, https:\/\/bisbalpenedes.com\/web\/wp-content\/uploads\/2020\/03\/Questionari-restriccions-COVID19-v20200326-15h_page-0007.jpg 1240w\" sizes=\"(max-width: 630px) 100vw, 630px\" \/><\/a> <a href=\"http:\/\/bisbalpenedes.com\/web\/wp-content\/uploads\/2020\/03\/Questionari-restriccions-COVID19-v20200326-15h_page-0008.jpg\"><img loading=\"lazy\" class=\"aligncenter size-large wp-image-12563\" src=\"http:\/\/bisbalpenedes.com\/web\/wp-content\/uploads\/2020\/03\/Questionari-restriccions-COVID19-v20200326-15h_page-0008-724x1024.jpg\" alt=\"Questionari-restriccions-COVID19-v20200326-15h_page-0008\" width=\"630\" height=\"891\" srcset=\"https:\/\/bisbalpenedes.com\/web\/wp-content\/uploads\/2020\/03\/Questionari-restriccions-COVID19-v20200326-15h_page-0008-724x1024.jpg 724w, https:\/\/bisbalpenedes.com\/web\/wp-content\/uploads\/2020\/03\/Questionari-restriccions-COVID19-v20200326-15h_page-0008-600x849.jpg 600w, https:\/\/bisbalpenedes.com\/web\/wp-content\/uploads\/2020\/03\/Questionari-restriccions-COVID19-v20200326-15h_page-0008-212x300.jpg 212w, https:\/\/bisbalpenedes.com\/web\/wp-content\/uploads\/2020\/03\/Questionari-restriccions-COVID19-v20200326-15h_page-0008-768x1086.jpg 768w, https:\/\/bisbalpenedes.com\/web\/wp-content\/uploads\/2020\/03\/Questionari-restriccions-COVID19-v20200326-15h_page-0008.jpg 1240w\" sizes=\"(max-width: 630px) 100vw, 630px\" \/><\/a><\/div>\n<\/div>\n","protected":false},"excerpt":{"rendered":"<p>ACTUALITZACI\u00d3 26-03-20 &#8211; 15h Qu\u00e8 puc fer i qu\u00e8 no? Les preguntes freq\u00fcents sobre el coronavirus Covid-19 respostes des del Centre de Coordinaci\u00f3 Operativa de Catalunya (CECAT). Descarregueu el document &hellip; <a href=\"https:\/\/bisbalpenedes.com\/web\/2020\/03\/27\/preguntes-frequents-sobre-el-coronavirus-covid-19-que-puc-fer-i-que-no-versio-26-03-20-15h\/\" class=\"more-link\">Read More<\/a><\/p>\n","protected":false},"author":4,"featured_media":12556,"comment_status":"closed","ping_status":"closed","sticky":false,"template":"","format":"standard","meta":[],"categories":[3636,14],"tags":[3582,3580,1190,28],"_links":{"self":[{"href":"https:\/\/bisbalpenedes.com\/web\/wp-json\/wp\/v2\/posts\/12555"}],"collection":[{"href":"https:\/\/bisbalpenedes.com\/web\/wp-json\/wp\/v2\/posts"}],"about":[{"href":"https:\/\/bisbalpenedes.com\/web\/wp-json\/wp\/v2\/types\/post"}],"author":[{"embeddable":true,"href":"https:\/\/bisbalpenedes.com\/web\/wp-json\/wp\/v2\/users\/4"}],"replies":[{"embeddable":true,"href":"https:\/\/bisbalpenedes.com\/web\/wp-json\/wp\/v2\/comments?post=12555"}],"version-history":[{"count":1,"href":"https:\/\/bisbalpenedes.com\/web\/wp-json\/wp\/v2\/posts\/12555\/revisions"}],"predecessor-version":[{"id":12564,"href":"https:\/\/bisbalpenedes.com\/web\/wp-json\/wp\/v2\/posts\/12555\/revisions\/12564"}],"wp:featuredmedia":[{"embeddable":true,"href":"https:\/\/bisbalpenedes.com\/web\/wp-json\/wp\/v2\/media\/12556"}],"wp:attachment":[{"href":"https:\/\/bisbalpenedes.com\/web\/wp-json\/wp\/v2\/media?parent=12555"}],"wp:term":[{"taxonomy":"category","embeddable":true,"href":"https:\/\/bisbalpenedes.com\/web\/wp-json\/wp\/v2\/categories?post=12555"},{"taxonomy":"post_tag","embeddable":true,"href":"https:\/\/bisbalpenedes.com\/web\/wp-json\/wp\/v2\/tags?post=12555"}],"curies":[{"name":"wp","href":"https:\/\/api.w.org\/{rel}","templated":true}]}}