{"id":12553,"date":"2020-03-26T13:35:56","date_gmt":"2020-03-26T12:35:56","guid":{"rendered":"http:\/\/bisbalpenedes.com\/web\/?p=12553"},"modified":"2020-03-26T13:35:56","modified_gmt":"2020-03-26T12:35:56","slug":"lalcaldessa-ha-signat-un-decret-per-a-ladhesio-als-serveis-dassessorament-legal-i-defensa-juridica-del-consell-comarcal-del-baix-penedes","status":"publish","type":"post","link":"https:\/\/bisbalpenedes.com\/web\/2020\/03\/26\/lalcaldessa-ha-signat-un-decret-per-a-ladhesio-als-serveis-dassessorament-legal-i-defensa-juridica-del-consell-comarcal-del-baix-penedes\/","title":{"rendered":"L\u2019alcaldessa ha signat un decret per a l\u2019adhesi\u00f3 als serveis d\u2019assessorament legal i defensa jur\u00eddica del Consell Comarcal del Baix Pened\u00e8s"},"content":{"rendered":"<p style=\"text-align: justify;\"><span style=\"color: #000000;\">El passat 20 de mar\u00e7, l\u2019alcaldessa Agn\u00e8s Ferr\u00e9 va signar un Decret d\u2019alcaldia per a l\u2019adhesi\u00f3 a l\u2019acord marc per als serveis d\u2019assessorament legal i defensa jur\u00eddica del Consell Comarcal del Baix Pened\u00e8s. L\u2019adhesi\u00f3 tindr\u00e0 una durada de 3 anys (fins al 31 de desembre de 2022) i no suposa cap despesa inicial, ja que no s\u2019ha fet cap contractaci\u00f3, de moment. L\u2019adhesi\u00f3 funciona com una central de compres, \u00e9s a dir, l\u2019Ajuntament s\u2019adhereix al servei i, en cas de necessitar-lo, pot procedir a adherir-se a un servei concret -o diversos- dels que s\u2019ofereixen des del Consell Comarcal del Baix Pened\u00e8s sense necessitat de fer un contracte menor.<\/span><\/p>\n<p style=\"text-align: justify;\"><span style=\"color: #000000;\">Aix\u00ed, quan l\u2019Ajuntament tingui la necessitat, podr\u00e0 contractar els serveis d\u2019assessorament legal i defensa jur\u00eddica de Consell Comarcal del Baix Pened\u00e8s, atesa la manca de recursos propis i la possible necessitat de comptar amb juristes amb experi\u00e8ncia acreditada en les especialitats de Dret administratiu i constitucional, Dret fiscal i social (laboral i de la Seguretat Social) i d\u2019especialitats jur\u00eddiques en \u00e0rees complement\u00e0ries a l\u2019activitat administrativa, tals com Dret civil, mercantil i\/o penal o les relacionades amb la societat del coneixement, la transpar\u00e8ncia i la protecci\u00f3 de dades de car\u00e0cter personal.<\/span><\/p>\n<hr \/>\n<p style=\"text-align: justify;\"><span style=\"color: #000000;\"><strong>CASTELLANO |<\/strong> El pasado 20 de marzo, la alcaldesa Agn\u00e8s Ferr\u00e9 firm\u00f3 un Decreto de alcald\u00eda para la adhesi\u00f3n al acuerdo marco para los servicios de asesoramiento legal y defensa jur\u00eddica del Consell Comarcal del Baix Pened\u00e8s. La adhesi\u00f3n tendr\u00e1 una duraci\u00f3n de 3 a\u00f1os (hasta el 31 de diciembre de 2020) y no supone ning\u00fan gasto inicial, ya que no se ha hecho ninguna contrataci\u00f3n, de momento. La adhesi\u00f3n funciona como una central de compras, es decir, el Ayuntamiento se adhiere al servicio y, en caso de necesitarlo, puede proceder a adherirse a un servicio concreto -o varios- de los que se ofrecen desde el Consell Comarcal del Baix Pened\u00e8s sin necesidad de hacer un contrato menor.<\/span><\/p>\n<p style=\"text-align: justify;\"><span style=\"color: #000000;\">As\u00ed, cuando el Ayuntamiento tenga la necesidad, podr\u00e1 contratar los servicios de asesoramiento legal y defensa jur\u00eddica del Consell Comarcal del Baix Pened\u00e8s, teniendo en cuenta la falta de recursos propios y la posible necesidad de contar con juristas con experiencia acreditada en las especialidades de Derecho administrativo y constitucional, Derecho fiscal y social (laboral y de la Seguridad Social) y de especialidades jur\u00eddicas en \u00e1reas complementarias a la actividad administrativa, tales como el Derecho civil, mercantil y\/o penal o las relacionadas con la sociedad del conocimiento, la transparencia y la protecci\u00f3n de datos de car\u00e1cter personal. \u00a0<\/span><\/p>\n","protected":false},"excerpt":{"rendered":"<p>El passat 20 de mar\u00e7, l\u2019alcaldessa Agn\u00e8s Ferr\u00e9 va signar un Decret d\u2019alcaldia per a l\u2019adhesi\u00f3 a l\u2019acord marc per als serveis d\u2019assessorament legal i defensa jur\u00eddica del Consell Comarcal &hellip; <a href=\"https:\/\/bisbalpenedes.com\/web\/2020\/03\/26\/lalcaldessa-ha-signat-un-decret-per-a-ladhesio-als-serveis-dassessorament-legal-i-defensa-juridica-del-consell-comarcal-del-baix-penedes\/\" class=\"more-link\">Read More<\/a><\/p>\n","protected":false},"author":4,"featured_media":2304,"comment_status":"closed","ping_status":"closed","sticky":false,"template":"","format":"standard","meta":[],"categories":[2057],"tags":[1056,2971,3625],"_links":{"self":[{"href":"https:\/\/bisbalpenedes.com\/web\/wp-json\/wp\/v2\/posts\/12553"}],"collection":[{"href":"https:\/\/bisbalpenedes.com\/web\/wp-json\/wp\/v2\/posts"}],"about":[{"href":"https:\/\/bisbalpenedes.com\/web\/wp-json\/wp\/v2\/types\/post"}],"author":[{"embeddable":true,"href":"https:\/\/bisbalpenedes.com\/web\/wp-json\/wp\/v2\/users\/4"}],"replies":[{"embeddable":true,"href":"https:\/\/bisbalpenedes.com\/web\/wp-json\/wp\/v2\/comments?post=12553"}],"version-history":[{"count":1,"href":"https:\/\/bisbalpenedes.com\/web\/wp-json\/wp\/v2\/posts\/12553\/revisions"}],"predecessor-version":[{"id":12554,"href":"https:\/\/bisbalpenedes.com\/web\/wp-json\/wp\/v2\/posts\/12553\/revisions\/12554"}],"wp:featuredmedia":[{"embeddable":true,"href":"https:\/\/bisbalpenedes.com\/web\/wp-json\/wp\/v2\/media\/2304"}],"wp:attachment":[{"href":"https:\/\/bisbalpenedes.com\/web\/wp-json\/wp\/v2\/media?parent=12553"}],"wp:term":[{"taxonomy":"category","embeddable":true,"href":"https:\/\/bisbalpenedes.com\/web\/wp-json\/wp\/v2\/categories?post=12553"},{"taxonomy":"post_tag","embeddable":true,"href":"https:\/\/bisbalpenedes.com\/web\/wp-json\/wp\/v2\/tags?post=12553"}],"curies":[{"name":"wp","href":"https:\/\/api.w.org\/{rel}","templated":true}]}}