{"id":12545,"date":"2020-03-26T13:19:37","date_gmt":"2020-03-26T12:19:37","guid":{"rendered":"http:\/\/bisbalpenedes.com\/web\/?p=12545"},"modified":"2020-03-30T13:44:39","modified_gmt":"2020-03-30T12:44:39","slug":"mesures-de-suport-de-empreses-autonoms-i-els-treballadors","status":"publish","type":"post","link":"https:\/\/bisbalpenedes.com\/web\/2020\/03\/26\/mesures-de-suport-de-empreses-autonoms-i-els-treballadors\/","title":{"rendered":"Mesures de suport per a les empreses, els aut\u00f2noms i els treballadors"},"content":{"rendered":"<p><span style=\"color: #000000;\">La Generalitat ha activat la &#8220;Finestra \u00danica Empresarial&#8221; per oferir atenci\u00f3 digital a les empreses, els aut\u00f2noms i els professionals sobre les mesures que s&#8217;han adoptat en el marc de l&#8217;estat d&#8217;alarma provocat pel COVID-19. <\/span><\/p>\n<p><span style=\"color: #000000;\">Tota la informaci\u00f3 sobre la Finestra \u00danica Empresarial, la podeu trobar <a href=\"http:\/\/canalempresa.gencat.cat\/ca\/detall\/Nou-servei-datencio-digital-per-informar-de-les-mesures-economiques-per-fer-front-al-COVID-19\" target=\"_blank\">aqu\u00ed.<\/a><\/span><\/p>\n<p><span style=\"color: #000000;\">Les mesures aprovades pel govern de la Generalitat de Catalunya<\/span>, <a href=\"http:\/\/web.gencat.cat\/ca\/coronavirus\/ambit-economic\/\" target=\"_blank\">aqu\u00ed<\/a><\/p>\n<p><span style=\"color: #000000;\">Les mesures aprovades pel govern d&#8217;Espanya<\/span>\u00a0<a href=\"https:\/\/www.lamoncloa.gob.es\/consejodeministros\/resumenes\/Paginas\/2020\/170320-pg-consejo.aspx\" target=\"_blank\">aqu\u00ed<\/a><\/p>\n<p><span style=\"color: #000000;\">El Servei d&#8217;Ocupaci\u00f3 de Catalunya (SOC) ha publicat diverses infografies adre\u00e7ades als treballadors per compte d&#8217;altri, empreses i\u00a0professionals aut\u00f2noms:<\/span><\/p>\n<p><a href=\"http:\/\/bisbalpenedes.com\/web\/wp-content\/uploads\/2020\/03\/Tramit_Demanda_Contingencia_25_03_2020.jpg\"><img loading=\"lazy\" class=\"alignnone size-large wp-image-12546\" src=\"http:\/\/bisbalpenedes.com\/web\/wp-content\/uploads\/2020\/03\/Tramit_Demanda_Contingencia_25_03_2020-1024x576.jpg\" alt=\"Tramit_Demanda_Contingencia_25_03_2020\" width=\"630\" height=\"354\" srcset=\"https:\/\/bisbalpenedes.com\/web\/wp-content\/uploads\/2020\/03\/Tramit_Demanda_Contingencia_25_03_2020-1024x576.jpg 1024w, https:\/\/bisbalpenedes.com\/web\/wp-content\/uploads\/2020\/03\/Tramit_Demanda_Contingencia_25_03_2020-600x337.jpg 600w, https:\/\/bisbalpenedes.com\/web\/wp-content\/uploads\/2020\/03\/Tramit_Demanda_Contingencia_25_03_2020-300x169.jpg 300w, https:\/\/bisbalpenedes.com\/web\/wp-content\/uploads\/2020\/03\/Tramit_Demanda_Contingencia_25_03_2020-768x432.jpg 768w\" sizes=\"(max-width: 630px) 100vw, 630px\" \/><\/a><\/p>\n<p><a href=\"http:\/\/bisbalpenedes.com\/web\/wp-content\/uploads\/2020\/03\/Infografia_Empreses_23_03.jpg\"><img loading=\"lazy\" class=\"alignnone size-large wp-image-12547\" src=\"http:\/\/bisbalpenedes.com\/web\/wp-content\/uploads\/2020\/03\/Infografia_Empreses_23_03-768x1024.jpg\" alt=\"Infografia_Empreses_23_03\" width=\"630\" height=\"840\" srcset=\"https:\/\/bisbalpenedes.com\/web\/wp-content\/uploads\/2020\/03\/Infografia_Empreses_23_03-768x1024.jpg 768w, https:\/\/bisbalpenedes.com\/web\/wp-content\/uploads\/2020\/03\/Infografia_Empreses_23_03-600x800.jpg 600w, https:\/\/bisbalpenedes.com\/web\/wp-content\/uploads\/2020\/03\/Infografia_Empreses_23_03-225x300.jpg 225w, https:\/\/bisbalpenedes.com\/web\/wp-content\/uploads\/2020\/03\/Infografia_Empreses_23_03.jpg 1575w\" sizes=\"(max-width: 630px) 100vw, 630px\" \/><\/a><\/p>\n<p><a href=\"http:\/\/bisbalpenedes.com\/web\/wp-content\/uploads\/2020\/03\/Infografia-Autonoms_20_03_2020.jpg\"><img loading=\"lazy\" class=\"alignnone wp-image-12548 size-large\" src=\"http:\/\/bisbalpenedes.com\/web\/wp-content\/uploads\/2020\/03\/Infografia-Autonoms_20_03_2020-724x1024.jpg\" alt=\"Infografia-Autonoms_20_03_2020\" width=\"630\" height=\"891\" srcset=\"https:\/\/bisbalpenedes.com\/web\/wp-content\/uploads\/2020\/03\/Infografia-Autonoms_20_03_2020-724x1024.jpg 724w, https:\/\/bisbalpenedes.com\/web\/wp-content\/uploads\/2020\/03\/Infografia-Autonoms_20_03_2020-600x849.jpg 600w, https:\/\/bisbalpenedes.com\/web\/wp-content\/uploads\/2020\/03\/Infografia-Autonoms_20_03_2020-212x300.jpg 212w, https:\/\/bisbalpenedes.com\/web\/wp-content\/uploads\/2020\/03\/Infografia-Autonoms_20_03_2020-768x1086.jpg 768w, https:\/\/bisbalpenedes.com\/web\/wp-content\/uploads\/2020\/03\/Infografia-Autonoms_20_03_2020.jpg 1240w\" sizes=\"(max-width: 630px) 100vw, 630px\" \/><\/a><\/p>\n<h4><\/h4>\n<p>&nbsp;<\/p>\n<p><span style=\"color: #000000;\">Us recordem que\u00a0el SOM Bisbal est\u00e0 treballant per introduir les noves ofertes laborals que estan sorgint de les necessitats creades arran de la situaci\u00f3 que s\u2019est\u00e0 vivint pel covid-19. Es tracta de feines en els sectors que treballen per abastir les necessitats actuals de la poblaci\u00f3 i que treballen complint les mesures per evitar contagis que han establert les autoritats sanit\u00e0ries. Podeu accedir al Servei d\u2019Ocupaci\u00f3 Municipal a trav\u00e9s de l\u2019enlla\u00e7:<\/span>\u00a0<a href=\"https:\/\/bisbalpenedes.com\/web\/som-online\/\">https:\/\/bisbalpenedes.com\/web\/som-online\/<\/a><\/p>\n<hr \/>\n<p><span style=\"color: #000000;\"><strong>CASTELLANO<\/strong> | La Generalitat ha activado la &#8220;Ventana\u00a0\u00danica Empresarial&#8221; para ofrecer atenci\u00f3n digital a las empresas, los aut\u00f3nomos y los profesionales sobre las medidas que se han adoptado en el marco del estado de alarma provocado por el COVID-19.<\/span><\/p>\n<p><span style=\"color: #000000;\">Toda la informaci\u00f3n sobre la Ventana \u00fanica Empresarial, la pod\u00e9is encontrar<\/span> <a href=\"http:\/\/canalempresa.gencat.cat\/ca\/detall\/Nou-servei-datencio-digital-per-informar-de-les-mesures-economiques-per-fer-front-al-COVID-19\" target=\"_blank\">aqu\u00ed<\/a><\/p>\n<p><span style=\"color: #000000;\">Las medidas aprobadas por el gobierno de la Generalitat de Catalunya,<\/span> <a href=\"http:\/\/web.gencat.cat\/ca\/coronavirus\/ambit-economic\/\" target=\"_blank\">aqu\u00ed<\/a><\/p>\n<p><span style=\"color: #000000;\">Las medidas aprobadas por el gobierno de Espa\u00f1a<\/span>, <a href=\"https:\/\/www.lamoncloa.gob.es\/consejodeministros\/resumenes\/Paginas\/2020\/170320-pg-consejo.aspx\" target=\"_blank\">aqu\u00ed<\/a><\/p>\n<p><span style=\"color: #000000;\">El Servei d&#8217;Ocupaci\u00f3 de Catalunya (SOC) ha publicado varias infograf\u00edas dirigidas a los trabajadores por cuenta ajena, los profesionales aut\u00f3nomos y las empresas:\u00a0<\/span><\/p>\n<p><a href=\"http:\/\/bisbalpenedes.com\/web\/wp-content\/uploads\/2020\/03\/Tramit_Demanda_Contingencia_25_03_2020.jpg\"><img loading=\"lazy\" class=\"alignnone wp-image-12546 size-large\" src=\"http:\/\/bisbalpenedes.com\/web\/wp-content\/uploads\/2020\/03\/Tramit_Demanda_Contingencia_25_03_2020-1024x576.jpg\" alt=\"Tramit_Demanda_Contingencia_25_03_2020\" width=\"630\" height=\"354\" srcset=\"https:\/\/bisbalpenedes.com\/web\/wp-content\/uploads\/2020\/03\/Tramit_Demanda_Contingencia_25_03_2020-1024x576.jpg 1024w, https:\/\/bisbalpenedes.com\/web\/wp-content\/uploads\/2020\/03\/Tramit_Demanda_Contingencia_25_03_2020-600x337.jpg 600w, https:\/\/bisbalpenedes.com\/web\/wp-content\/uploads\/2020\/03\/Tramit_Demanda_Contingencia_25_03_2020-300x169.jpg 300w, https:\/\/bisbalpenedes.com\/web\/wp-content\/uploads\/2020\/03\/Tramit_Demanda_Contingencia_25_03_2020-768x432.jpg 768w\" sizes=\"(max-width: 630px) 100vw, 630px\" \/><\/a><\/p>\n<p><a href=\"http:\/\/bisbalpenedes.com\/web\/wp-content\/uploads\/2020\/03\/Infografia-Autonoms_20_03_2020.jpg\"><img loading=\"lazy\" class=\"alignnone size-large wp-image-12548\" src=\"http:\/\/bisbalpenedes.com\/web\/wp-content\/uploads\/2020\/03\/Infografia-Autonoms_20_03_2020-724x1024.jpg\" alt=\"Infografia-Autonoms_20_03_2020\" width=\"630\" height=\"891\" srcset=\"https:\/\/bisbalpenedes.com\/web\/wp-content\/uploads\/2020\/03\/Infografia-Autonoms_20_03_2020-724x1024.jpg 724w, https:\/\/bisbalpenedes.com\/web\/wp-content\/uploads\/2020\/03\/Infografia-Autonoms_20_03_2020-600x849.jpg 600w, https:\/\/bisbalpenedes.com\/web\/wp-content\/uploads\/2020\/03\/Infografia-Autonoms_20_03_2020-212x300.jpg 212w, https:\/\/bisbalpenedes.com\/web\/wp-content\/uploads\/2020\/03\/Infografia-Autonoms_20_03_2020-768x1086.jpg 768w, https:\/\/bisbalpenedes.com\/web\/wp-content\/uploads\/2020\/03\/Infografia-Autonoms_20_03_2020.jpg 1240w\" sizes=\"(max-width: 630px) 100vw, 630px\" \/><\/a><a href=\"http:\/\/bisbalpenedes.com\/web\/wp-content\/uploads\/2020\/03\/Infografia_Empreses_23_03.jpg\"><img loading=\"lazy\" class=\"alignnone size-large wp-image-12547\" src=\"http:\/\/bisbalpenedes.com\/web\/wp-content\/uploads\/2020\/03\/Infografia_Empreses_23_03-768x1024.jpg\" alt=\"Infografia_Empreses_23_03\" width=\"630\" height=\"840\" srcset=\"https:\/\/bisbalpenedes.com\/web\/wp-content\/uploads\/2020\/03\/Infografia_Empreses_23_03-768x1024.jpg 768w, https:\/\/bisbalpenedes.com\/web\/wp-content\/uploads\/2020\/03\/Infografia_Empreses_23_03-600x800.jpg 600w, https:\/\/bisbalpenedes.com\/web\/wp-content\/uploads\/2020\/03\/Infografia_Empreses_23_03-225x300.jpg 225w, https:\/\/bisbalpenedes.com\/web\/wp-content\/uploads\/2020\/03\/Infografia_Empreses_23_03.jpg 1575w\" sizes=\"(max-width: 630px) 100vw, 630px\" \/><\/a><\/p>\n<p>&nbsp;<\/p>\n<p><span style=\"color: #000000;\">Os recordamos que el SOM Bisbal est\u00e1 trabajando para introducir las nuevas ofertas laborales que est\u00e1n surgiendo de las necesidades creadas a ra\u00edz de la situaci\u00f3n que se est\u00e1 viviendo por el covid-19. Se trata de trabajos en los sectores que trabajan para abastecer las necesidades actuales de la poblaci\u00f3n y que trabajan cumpliendo las medidas para evitar contagios que han establecido las autoridades sanitarias. Pod\u00e9is acceder al Servei d\u2019Ocupaci\u00f3 Municipal a trav\u00e9s del enlace:<\/span>\u00a0<a href=\"https:\/\/bisbalpenedes.com\/web\/som-online\/\">https:\/\/bisbalpenedes.com\/web\/som-online\/<\/a><\/p>\n<p>&nbsp;<\/p>\n<p>&nbsp;<\/p>\n","protected":false},"excerpt":{"rendered":"<p>La Generalitat ha activat la &#8220;Finestra \u00danica Empresarial&#8221; per oferir atenci\u00f3 digital a les empreses, els aut\u00f2noms i els professionals sobre les mesures que s&#8217;han adoptat en el marc de &hellip; <a href=\"https:\/\/bisbalpenedes.com\/web\/2020\/03\/26\/mesures-de-suport-de-empreses-autonoms-i-els-treballadors\/\" class=\"more-link\">Read More<\/a><\/p>\n","protected":false},"author":4,"featured_media":12546,"comment_status":"closed","ping_status":"closed","sticky":false,"template":"","format":"standard","meta":[],"categories":[3636,9],"tags":[163,162,10,263,271,749],"_links":{"self":[{"href":"https:\/\/bisbalpenedes.com\/web\/wp-json\/wp\/v2\/posts\/12545"}],"collection":[{"href":"https:\/\/bisbalpenedes.com\/web\/wp-json\/wp\/v2\/posts"}],"about":[{"href":"https:\/\/bisbalpenedes.com\/web\/wp-json\/wp\/v2\/types\/post"}],"author":[{"embeddable":true,"href":"https:\/\/bisbalpenedes.com\/web\/wp-json\/wp\/v2\/users\/4"}],"replies":[{"embeddable":true,"href":"https:\/\/bisbalpenedes.com\/web\/wp-json\/wp\/v2\/comments?post=12545"}],"version-history":[{"count":4,"href":"https:\/\/bisbalpenedes.com\/web\/wp-json\/wp\/v2\/posts\/12545\/revisions"}],"predecessor-version":[{"id":12552,"href":"https:\/\/bisbalpenedes.com\/web\/wp-json\/wp\/v2\/posts\/12545\/revisions\/12552"}],"wp:featuredmedia":[{"embeddable":true,"href":"https:\/\/bisbalpenedes.com\/web\/wp-json\/wp\/v2\/media\/12546"}],"wp:attachment":[{"href":"https:\/\/bisbalpenedes.com\/web\/wp-json\/wp\/v2\/media?parent=12545"}],"wp:term":[{"taxonomy":"category","embeddable":true,"href":"https:\/\/bisbalpenedes.com\/web\/wp-json\/wp\/v2\/categories?post=12545"},{"taxonomy":"post_tag","embeddable":true,"href":"https:\/\/bisbalpenedes.com\/web\/wp-json\/wp\/v2\/tags?post=12545"}],"curies":[{"name":"wp","href":"https:\/\/api.w.org\/{rel}","templated":true}]}}