{"id":12540,"date":"2020-03-26T11:43:03","date_gmt":"2020-03-26T10:43:03","guid":{"rendered":"http:\/\/bisbalpenedes.com\/web\/?p=12540"},"modified":"2020-03-26T11:53:08","modified_gmt":"2020-03-26T10:53:08","slug":"el-24-de-febrer-es-va-aprovar-lla-junta-de-govern-local-del-24-de-febrer-va-aprovar-a-peticio-dalcaldia-ladhesio-de-lajuntament-de-la-bisbal-del-penedes-a-la-cent","status":"publish","type":"post","link":"https:\/\/bisbalpenedes.com\/web\/2020\/03\/26\/el-24-de-febrer-es-va-aprovar-lla-junta-de-govern-local-del-24-de-febrer-va-aprovar-a-peticio-dalcaldia-ladhesio-de-lajuntament-de-la-bisbal-del-penedes-a-la-cent\/","title":{"rendered":"El 24 de febrer es va aprovar l\u2019adhesi\u00f3 de l\u2019Ajuntament a la Central de Compres de l\u2019ACM per a diversos serveis"},"content":{"rendered":"<p style=\"text-align: justify;\"><span style=\"color: #000000;\">La Junta de govern local del 24 de febrer va aprovar, a petici\u00f3 d\u2019alcaldia, l\u2019adhesi\u00f3 de l\u2019Ajuntament de la Bisbal del Pened\u00e8s a la Central de Compres de l\u2019Associaci\u00f3 Catalana de Municipis i Comarques (ACM) per al consum d\u2019electricitat i per al servei de manteniment d\u2019ascensors, a tot risc, per als tres equips elevadors de qu\u00e8 disposa l\u2019Ajuntament.<\/span><\/p>\n<p style=\"text-align: justify;\"><span style=\"color: #000000;\">En el Ple del 21 d\u2019octubre de 2019 es va acordar l\u2019adhesi\u00f3 gen\u00e8rica de l\u2019Ajuntament de la Bisbal del Pened\u00e8s al sistema d\u2019adquisici\u00f3 centralitzada de l\u2019ACM \u2013 CCDL, per tal de poder efectuar l\u2019adquisici\u00f3 de b\u00e9ns i subministraments i contractar serveis a trav\u00e9s de la central de compres de l\u2019ACM \u2013 CCDL en les condicions i preus vigents en els contractes subscrits per aquests i amb les empreses adjudicat\u00e0ries.<\/span><\/p>\n<p style=\"text-align: justify;\"><span style=\"color: #000000;\">La Junta de govern del passat dilluns 24 de febrer va aprovar l\u2019adhesi\u00f3 a la central de compres de l\u2019ACM per als seg\u00fcents serveis:<\/span><\/p>\n<p style=\"padding-left: 30px; text-align: justify;\"><span style=\"color: #000000;\"><strong><u>Subministrament d\u2019energia:<\/u><\/strong>\u00a0es renova l\u2019adhesi\u00f3 de l\u2019Ajuntament al contracte derivat 2015.05 D02 de l\u2019Acord marc de subministrament d\u2019energia el\u00e8ctrica destinat a les entitats locals de Catalunya. Aquesta adhesi\u00f3 \u00e9s pera a tot el consum d\u2019energia el\u00e8ctrica municipal, tant de l\u2019enllumenat p\u00fablic com del consum energ\u00e8tic d\u2019edificis i instal\u00b7lacions municipals.<\/span><\/p>\n<p style=\"padding-left: 30px; text-align: justify;\"><span style=\"color: #000000;\"><strong><u>Manteniment d\u2019aparells elevadors:<\/u><\/strong>\u00a0l\u2019Ajuntament s\u2019adhereix al servei de manteniment d\u2019aparells elevadors i de subministrament d\u2019elements substitutius amb destinaci\u00f3 a les entitats locals de Catalunya. L\u2019Ajuntament disposa de tres equips elevadors: un a l\u2019edifici del CMC, un a l\u2019Hotel d\u2019Entitats i un altre a l\u2019edifici de l\u2019Ajuntament. Com que ara tocaria licitar de nou el servei, la Junta de govern ha acordat adherir-se al servei de manteniment, a tot risc, d\u2019aparells elevadors i de subministrament d\u2019elements substitutius amb destinaci\u00f3 a les entitats locals de Catalunya per un valor total de contracte de 4.116,42\u20ac (preu anual) IVA incl\u00f2s. El servei el prestar\u00e0 l\u2019empresa Ascensors ERSCE SA.<\/span><\/p>\n<hr \/>\n<p style=\"text-align: justify;\"><span style=\"color: #000000;\"><strong>CASTELLANO |<\/strong>\u00a0La Junta de gobierno local del 24 de febrero aprob\u00f3, a petici\u00f3n de alcald\u00eda, la adhesi\u00f3n del Ayuntamiento de la Bisbal del Pened\u00e8s a la Central de Compras de la Associaci\u00f3 Catalana de Municipis i Comarques (ACM) para el consumo de electricidad y para el servicio de mantenimiento de ascensores, a todo riesgo, para los tres equipos elevadores de que dispone el Ayuntamiento.<\/span><\/p>\n<p style=\"text-align: justify;\"><span style=\"color: #000000;\">En el Pleno del 21 de octubre de 2019 se acord\u00f3 la adhesi\u00f3n gen\u00e9rica del Ayuntamiento de la Bisbal del Pened\u00e8s al sistema de adquisici\u00f3n centralizada de la ACM \u2013 CCDL, por tal de poder efectuar la adquisici\u00f3n de bienes y suministros y contratar servicios a trav\u00e9s de la central de compras de la ACM \u2013 CCDL en las condiciones y precios vigentes en los contratos suscritos por estos y por las empresas adjudicatarias.<\/span><\/p>\n<p style=\"text-align: justify;\"><span style=\"color: #000000;\">La Junta de gobierno del pasado lunes 24 de febrero aprob\u00f3 la adhesi\u00f3n a la central de compras de la ACM para los siguientes servicios:<\/span><\/p>\n<p style=\"padding-left: 30px; text-align: justify;\"><span style=\"color: #000000;\"><strong><u>Suministro de energ\u00eda:<\/u><\/strong>\u00a0se renueva la adhesi\u00f3n del Ayuntamiento al contrato derivado 2015.05 D02 del Acuerdo marco de suministro de energ\u00eda el\u00e9ctrica destinado a las entidades locales de Catalunya. Esta adhesi\u00f3n es para todo el consumo de energ\u00eda el\u00e9ctrica municipal, tanto del alumbrado p\u00fablico como del consumo energ\u00e9tico de edificios e instalaciones municipales.<\/span><\/p>\n<p style=\"padding-left: 30px; text-align: justify;\"><span style=\"color: #000000;\"><strong><u>Mantenimiento de aparatos elevadores<\/u><\/strong>: el Ayuntamiento se adhiere al servicio de mantenimiento de aparatos elevadores y de suministro de elementos sustitutivos con destinaci\u00f3n a las entidades locales de Catalunya. El Ayuntamiento dispone de tres equipos elevadores: uno en el edificio del CMC, uno en el Hotel d\u2019Entitats y otro en el edificio del Ayuntamiento. Puesto que ahora tocar\u00eda licitar de nuevo el servicio, la Junta de gobierno ha acordado adherirse al servicio de mantenimiento, a todo riesgo, de aparatos elevadores y de suministro de elementos sustitutivos con destinaci\u00f3n a las entidades locales de Catalunya por un valor total de contrato de 4.116,42\u20ac (precio anual) con IVA incluido. El servicio lo prestar\u00e1 la empresa Ascensors ERSCE SA.<\/span><\/p>\n","protected":false},"excerpt":{"rendered":"<p>La Junta de govern local del 24 de febrer va aprovar, a petici\u00f3 d\u2019alcaldia, l\u2019adhesi\u00f3 de l\u2019Ajuntament de la Bisbal del Pened\u00e8s a la Central de Compres de l\u2019Associaci\u00f3 Catalana &hellip; <a href=\"https:\/\/bisbalpenedes.com\/web\/2020\/03\/26\/el-24-de-febrer-es-va-aprovar-lla-junta-de-govern-local-del-24-de-febrer-va-aprovar-a-peticio-dalcaldia-ladhesio-de-lajuntament-de-la-bisbal-del-penedes-a-la-cent\/\" class=\"more-link\">Read More<\/a><\/p>\n","protected":false},"author":4,"featured_media":12172,"comment_status":"closed","ping_status":"closed","sticky":false,"template":"","format":"standard","meta":[],"categories":[3085],"tags":[874,3623,3533,682,3624,120,686],"_links":{"self":[{"href":"https:\/\/bisbalpenedes.com\/web\/wp-json\/wp\/v2\/posts\/12540"}],"collection":[{"href":"https:\/\/bisbalpenedes.com\/web\/wp-json\/wp\/v2\/posts"}],"about":[{"href":"https:\/\/bisbalpenedes.com\/web\/wp-json\/wp\/v2\/types\/post"}],"author":[{"embeddable":true,"href":"https:\/\/bisbalpenedes.com\/web\/wp-json\/wp\/v2\/users\/4"}],"replies":[{"embeddable":true,"href":"https:\/\/bisbalpenedes.com\/web\/wp-json\/wp\/v2\/comments?post=12540"}],"version-history":[{"count":4,"href":"https:\/\/bisbalpenedes.com\/web\/wp-json\/wp\/v2\/posts\/12540\/revisions"}],"predecessor-version":[{"id":12544,"href":"https:\/\/bisbalpenedes.com\/web\/wp-json\/wp\/v2\/posts\/12540\/revisions\/12544"}],"wp:featuredmedia":[{"embeddable":true,"href":"https:\/\/bisbalpenedes.com\/web\/wp-json\/wp\/v2\/media\/12172"}],"wp:attachment":[{"href":"https:\/\/bisbalpenedes.com\/web\/wp-json\/wp\/v2\/media?parent=12540"}],"wp:term":[{"taxonomy":"category","embeddable":true,"href":"https:\/\/bisbalpenedes.com\/web\/wp-json\/wp\/v2\/categories?post=12540"},{"taxonomy":"post_tag","embeddable":true,"href":"https:\/\/bisbalpenedes.com\/web\/wp-json\/wp\/v2\/tags?post=12540"}],"curies":[{"name":"wp","href":"https:\/\/api.w.org\/{rel}","templated":true}]}}